{"id":13835,"date":"2023-10-15T08:00:06","date_gmt":"2023-10-15T08:00:06","guid":{"rendered":"https:\/\/www.gsccanarias.com\/gsc\/?p=13835"},"modified":"2023-10-15T08:00:06","modified_gmt":"2023-10-15T08:00:06","slug":"actualizacion-de-la-situacion-del-incendio-forestal-de-tenerife-4","status":"publish","type":"post","link":"https:\/\/www.gsccanarias.com\/gsc\/actualizacion-de-la-situacion-del-incendio-forestal-de-tenerife-4\/","title":{"rendered":"Actualizaci\u00f3n de la situaci\u00f3n del incendio forestal de Tenerife"},"content":{"rendered":"<blockquote><p>Hoy intervendr\u00e1n seis medios a\u00e9reos de extinci\u00f3n como apoyo a los trabajos de los equipos terrestres.<\/p><\/blockquote>\n<p><strong>El operativo de extinci\u00f3n que ha trabajado durante la noche en el incendio forestal de Tenerife ha estado formado por unos 41 efectivos de BRIFOR del Cabildo de Tenerife, la UME y Bomberos del Consorcio que han concentrado su actividad en las zonas de Aguamansa, Santa \u00darsula y principalmente en Ravelo.<\/strong><\/p>\n<p>No se han producido reproducciones importantes salvo alguna peque\u00f1a dentro de zona quemada sin mayor trascendencia y la noche ha transcurrido sin incidencias destacables.<\/p>\n<p>Hoy domingo intervendr\u00e1n seis medios a\u00e9reos de extinci\u00f3n como apoyo a los trabajos de los equipos terrestres.<\/p>\n<p>A las 10:30 horas se realizar\u00e1 una reuni\u00f3n de coordinaci\u00f3n t\u00e9cnica del INFOCA en la que se analizar\u00e1 la evoluci\u00f3n del incendio durante la noche y las medidas a tomar durante la jornada de hoy.<\/p>\n<div class=\"pvc_clear\"><\/div>\n<p id=\"pvc_stats_13835\" class=\"pvc_stats all  \" data-element-id=\"13835\" style=\"\"><i class=\"pvc-stats-icon medium\" aria-hidden=\"true\"><svg aria-hidden=\"true\" focusable=\"false\" data-prefix=\"far\" data-icon=\"chart-bar\" role=\"img\" xmlns=\"http:\/\/www.w3.org\/2000\/svg\" viewBox=\"0 0 512 512\" class=\"svg-inline--fa fa-chart-bar fa-w-16 fa-2x\"><path fill=\"currentColor\" d=\"M396.8 352h22.4c6.4 0 12.8-6.4 12.8-12.8V108.8c0-6.4-6.4-12.8-12.8-12.8h-22.4c-6.4 0-12.8 6.4-12.8 12.8v230.4c0 6.4 6.4 12.8 12.8 12.8zm-192 0h22.4c6.4 0 12.8-6.4 12.8-12.8V140.8c0-6.4-6.4-12.8-12.8-12.8h-22.4c-6.4 0-12.8 6.4-12.8 12.8v198.4c0 6.4 6.4 12.8 12.8 12.8zm96 0h22.4c6.4 0 12.8-6.4 12.8-12.8V204.8c0-6.4-6.4-12.8-12.8-12.8h-22.4c-6.4 0-12.8 6.4-12.8 12.8v134.4c0 6.4 6.4 12.8 12.8 12.8zM496 400H48V80c0-8.84-7.16-16-16-16H16C7.16 64 0 71.16 0 80v336c0 17.67 14.33 32 32 32h464c8.84 0 16-7.16 16-16v-16c0-8.84-7.16-16-16-16zm-387.2-48h22.4c6.4 0 12.8-6.4 12.8-12.8v-70.4c0-6.4-6.4-12.8-12.8-12.8h-22.4c-6.4 0-12.8 6.4-12.8 12.8v70.4c0 6.4 6.4 12.8 12.8 12.8z\" class=\"\"><\/path><\/svg><\/i> <\/p>\n<div class=\"pvc_clear\"><\/div>\n<div class=\"print\"><span class=\"page_title\">P\u00e1gina: <span>Actualizaci\u00f3n de la situaci\u00f3n del incendio forestal de Tenerife<\/span><\/span>\n\t\t\t\t\t\t\t\t\t\t\t<span class=\"page_title\">Fecha de impresi\u00f3n: <span>02\/05\/2026 - 06:48:17 UTC<\/span><\/span>\n\t\t\t\t\t\t\t\t\t\t\t<span class=\"stmp_trans_date\">\u00daltima actualizaci\u00f3n: <span>15\/10\/2023 - 08:00:06<\/span><\/span>\n\t\t\t\t\t\t\t\t\t\t\t<span class=\"stmp_trans_date\">Fecha publicaci\u00f3n: <span>15\/10\/2023 - 08:00:06<\/span><\/span>\n\t\t\t\t\t\t\t\t\t\t\t<span class=\"stmp_trans_date\">Fecha creaci\u00f3n: <span>15\/10\/2023 - 08:00:06<\/span><\/span><\/div>\n\t","protected":false},"excerpt":{"rendered":"<p>Hoy intervendr\u00e1n seis medios a\u00e9reos de extinci\u00f3n como apoyo a los trabajos de los equipos terrestres. El operativo de extinci\u00f3n que ha trabajado durante la noche en el incendio forestal de Tenerife ha estado formado por unos 41 efectivos de BRIFOR del Cabildo de Tenerife,&#8230;<\/p>\n<div class=\"pvc_clear\"><\/div>\n<p id=\"pvc_stats_13835\" class=\"pvc_stats all  \" data-element-id=\"13835\" style=\"\"><i class=\"pvc-stats-icon medium\" aria-hidden=\"true\"><svg aria-hidden=\"true\" focusable=\"false\" data-prefix=\"far\" data-icon=\"chart-bar\" role=\"img\" xmlns=\"http:\/\/www.w3.org\/2000\/svg\" viewBox=\"0 0 512 512\" class=\"svg-inline--fa fa-chart-bar fa-w-16 fa-2x\"><path fill=\"currentColor\" d=\"M396.8 352h22.4c6.4 0 12.8-6.4 12.8-12.8V108.8c0-6.4-6.4-12.8-12.8-12.8h-22.4c-6.4 0-12.8 6.4-12.8 12.8v230.4c0 6.4 6.4 12.8 12.8 12.8zm-192 0h22.4c6.4 0 12.8-6.4 12.8-12.8V140.8c0-6.4-6.4-12.8-12.8-12.8h-22.4c-6.4 0-12.8 6.4-12.8 12.8v198.4c0 6.4 6.4 12.8 12.8 12.8zm96 0h22.4c6.4 0 12.8-6.4 12.8-12.8V204.8c0-6.4-6.4-12.8-12.8-12.8h-22.4c-6.4 0-12.8 6.4-12.8 12.8v134.4c0 6.4 6.4 12.8 12.8 12.8zM496 400H48V80c0-8.84-7.16-16-16-16H16C7.16 64 0 71.16 0 80v336c0 17.67 14.33 32 32 32h464c8.84 0 16-7.16 16-16v-16c0-8.84-7.16-16-16-16zm-387.2-48h22.4c6.4 0 12.8-6.4 12.8-12.8v-70.4c0-6.4-6.4-12.8-12.8-12.8h-22.4c-6.4 0-12.8 6.4-12.8 12.8v70.4c0 6.4 6.4 12.8 12.8 12.8z\" class=\"\"><\/path><\/svg><\/i> <img loading=\"lazy\" decoding=\"async\" width=\"16\" height=\"16\" alt=\"Loading\" src=\"https:\/\/www.gsccanarias.com\/gsc\/wp-content\/plugins\/page-views-count\/ajax-loader-2x.gif\" border=0 \/><\/p>\n<div class=\"pvc_clear\"><\/div>\n","protected":false},"author":2,"featured_media":13836,"comment_status":"open","ping_status":"open","sticky":false,"template":"","format":"standard","meta":{"footnotes":""},"categories":[35,36],"tags":[],"class_list":["post-13835","post","type-post","status-publish","format-standard","has-post-thumbnail","hentry","category-noticias","category-ultimas-noticias"],"a3_pvc":{"activated":true,"total_views":48,"today_views":0},"yoast_head":"<!-- This site is optimized with the Yoast SEO plugin v27.5 - https:\/\/yoast.com\/product\/yoast-seo-wordpress\/ -->\n<title>Actualizaci\u00f3n de la situaci\u00f3n del incendio forestal de Tenerife - GSC<\/title>\n<meta name=\"robots\" content=\"index, follow, max-snippet:-1, max-image-preview:large, max-video-preview:-1\" \/>\n<link rel=\"canonical\" href=\"https:\/\/www.gsccanarias.com\/gsc\/actualizacion-de-la-situacion-del-incendio-forestal-de-tenerife-4\/\" \/>\n<meta property=\"og:locale\" content=\"es_ES\" \/>\n<meta property=\"og:type\" content=\"article\" \/>\n<meta property=\"og:title\" content=\"Actualizaci\u00f3n de la situaci\u00f3n del incendio forestal de Tenerife - GSC\" \/>\n<meta property=\"og:description\" content=\"Hoy intervendr\u00e1n seis medios a\u00e9reos de extinci\u00f3n como apoyo a los trabajos de los equipos terrestres. El operativo de extinci\u00f3n que ha trabajado durante la noche en el incendio forestal de Tenerife ha estado formado por unos 41 efectivos de BRIFOR del Cabildo de Tenerife,...\" \/>\n<meta property=\"og:url\" content=\"https:\/\/www.gsccanarias.com\/gsc\/actualizacion-de-la-situacion-del-incendio-forestal-de-tenerife-4\/\" \/>\n<meta property=\"og:site_name\" content=\"GSC\" \/>\n<meta property=\"article:published_time\" content=\"2023-10-15T08:00:06+00:00\" \/>\n<meta property=\"og:image\" content=\"https:\/\/www.gsccanarias.com\/gsc\/wp-content\/uploads\/2023\/10\/151023-Equipos-de-la-EIRIF-en-el-IF-Tenerife.jpeg\" \/>\n\t<meta property=\"og:image:width\" content=\"1600\" \/>\n\t<meta property=\"og:image:height\" content=\"1203\" \/>\n\t<meta property=\"og:image:type\" content=\"image\/jpeg\" \/>\n<meta name=\"author\" content=\"Laura Otero Bautista\" \/>\n<meta name=\"twitter:card\" content=\"summary_large_image\" \/>\n<meta name=\"twitter:label1\" content=\"Escrito por\" \/>\n\t<meta name=\"twitter:data1\" content=\"Laura Otero Bautista\" \/>\n\t<meta name=\"twitter:label2\" content=\"Tiempo de lectura\" \/>\n\t<meta name=\"twitter:data2\" content=\"1 minuto\" \/>\n<script type=\"application\/ld+json\" class=\"yoast-schema-graph\">{\"@context\":\"https:\\\/\\\/schema.org\",\"@graph\":[{\"@type\":\"Article\",\"@id\":\"https:\\\/\\\/www.gsccanarias.com\\\/gsc\\\/actualizacion-de-la-situacion-del-incendio-forestal-de-tenerife-4\\\/#article\",\"isPartOf\":{\"@id\":\"https:\\\/\\\/www.gsccanarias.com\\\/gsc\\\/actualizacion-de-la-situacion-del-incendio-forestal-de-tenerife-4\\\/\"},\"author\":{\"name\":\"Laura Otero Bautista\",\"@id\":\"https:\\\/\\\/www.gsccanarias.com\\\/gsc\\\/#\\\/schema\\\/person\\\/b8c013c501758bed823e398f9867c23b\"},\"headline\":\"Actualizaci\u00f3n de la situaci\u00f3n del incendio forestal de Tenerife\",\"datePublished\":\"2023-10-15T08:00:06+00:00\",\"mainEntityOfPage\":{\"@id\":\"https:\\\/\\\/www.gsccanarias.com\\\/gsc\\\/actualizacion-de-la-situacion-del-incendio-forestal-de-tenerife-4\\\/\"},\"wordCount\":164,\"commentCount\":0,\"image\":{\"@id\":\"https:\\\/\\\/www.gsccanarias.com\\\/gsc\\\/actualizacion-de-la-situacion-del-incendio-forestal-de-tenerife-4\\\/#primaryimage\"},\"thumbnailUrl\":\"https:\\\/\\\/www.gsccanarias.com\\\/gsc\\\/wp-content\\\/uploads\\\/2023\\\/10\\\/151023-Equipos-de-la-EIRIF-en-el-IF-Tenerife.jpeg\",\"articleSection\":[\"Noticias\",\"\u00daltimas noticias\"],\"inLanguage\":\"es\",\"potentialAction\":[{\"@type\":\"CommentAction\",\"name\":\"Comment\",\"target\":[\"https:\\\/\\\/www.gsccanarias.com\\\/gsc\\\/actualizacion-de-la-situacion-del-incendio-forestal-de-tenerife-4\\\/#respond\"]}]},{\"@type\":\"WebPage\",\"@id\":\"https:\\\/\\\/www.gsccanarias.com\\\/gsc\\\/actualizacion-de-la-situacion-del-incendio-forestal-de-tenerife-4\\\/\",\"url\":\"https:\\\/\\\/www.gsccanarias.com\\\/gsc\\\/actualizacion-de-la-situacion-del-incendio-forestal-de-tenerife-4\\\/\",\"name\":\"Actualizaci\u00f3n de la situaci\u00f3n del incendio forestal de Tenerife - GSC\",\"isPartOf\":{\"@id\":\"https:\\\/\\\/www.gsccanarias.com\\\/gsc\\\/#website\"},\"primaryImageOfPage\":{\"@id\":\"https:\\\/\\\/www.gsccanarias.com\\\/gsc\\\/actualizacion-de-la-situacion-del-incendio-forestal-de-tenerife-4\\\/#primaryimage\"},\"image\":{\"@id\":\"https:\\\/\\\/www.gsccanarias.com\\\/gsc\\\/actualizacion-de-la-situacion-del-incendio-forestal-de-tenerife-4\\\/#primaryimage\"},\"thumbnailUrl\":\"https:\\\/\\\/www.gsccanarias.com\\\/gsc\\\/wp-content\\\/uploads\\\/2023\\\/10\\\/151023-Equipos-de-la-EIRIF-en-el-IF-Tenerife.jpeg\",\"datePublished\":\"2023-10-15T08:00:06+00:00\",\"author\":{\"@id\":\"https:\\\/\\\/www.gsccanarias.com\\\/gsc\\\/#\\\/schema\\\/person\\\/b8c013c501758bed823e398f9867c23b\"},\"breadcrumb\":{\"@id\":\"https:\\\/\\\/www.gsccanarias.com\\\/gsc\\\/actualizacion-de-la-situacion-del-incendio-forestal-de-tenerife-4\\\/#breadcrumb\"},\"inLanguage\":\"es\",\"potentialAction\":[{\"@type\":\"ReadAction\",\"target\":[\"https:\\\/\\\/www.gsccanarias.com\\\/gsc\\\/actualizacion-de-la-situacion-del-incendio-forestal-de-tenerife-4\\\/\"]}]},{\"@type\":\"ImageObject\",\"inLanguage\":\"es\",\"@id\":\"https:\\\/\\\/www.gsccanarias.com\\\/gsc\\\/actualizacion-de-la-situacion-del-incendio-forestal-de-tenerife-4\\\/#primaryimage\",\"url\":\"https:\\\/\\\/www.gsccanarias.com\\\/gsc\\\/wp-content\\\/uploads\\\/2023\\\/10\\\/151023-Equipos-de-la-EIRIF-en-el-IF-Tenerife.jpeg\",\"contentUrl\":\"https:\\\/\\\/www.gsccanarias.com\\\/gsc\\\/wp-content\\\/uploads\\\/2023\\\/10\\\/151023-Equipos-de-la-EIRIF-en-el-IF-Tenerife.jpeg\",\"width\":1600,\"height\":1203},{\"@type\":\"BreadcrumbList\",\"@id\":\"https:\\\/\\\/www.gsccanarias.com\\\/gsc\\\/actualizacion-de-la-situacion-del-incendio-forestal-de-tenerife-4\\\/#breadcrumb\",\"itemListElement\":[{\"@type\":\"ListItem\",\"position\":1,\"name\":\"Portada\",\"item\":\"https:\\\/\\\/www.gsccanarias.com\\\/gsc\\\/\"},{\"@type\":\"ListItem\",\"position\":2,\"name\":\"Actualizaci\u00f3n de la situaci\u00f3n del incendio forestal de Tenerife\"}]},{\"@type\":\"WebSite\",\"@id\":\"https:\\\/\\\/www.gsccanarias.com\\\/gsc\\\/#website\",\"url\":\"https:\\\/\\\/www.gsccanarias.com\\\/gsc\\\/\",\"name\":\"GSC\",\"description\":\"Administramos servicios relacionados con la salud, las emergencias, la seguridad y el transporte sanitario\",\"potentialAction\":[{\"@type\":\"SearchAction\",\"target\":{\"@type\":\"EntryPoint\",\"urlTemplate\":\"https:\\\/\\\/www.gsccanarias.com\\\/gsc\\\/?s={search_term_string}\"},\"query-input\":{\"@type\":\"PropertyValueSpecification\",\"valueRequired\":true,\"valueName\":\"search_term_string\"}}],\"inLanguage\":\"es\"},{\"@type\":\"Person\",\"@id\":\"https:\\\/\\\/www.gsccanarias.com\\\/gsc\\\/#\\\/schema\\\/person\\\/b8c013c501758bed823e398f9867c23b\",\"name\":\"Laura Otero Bautista\",\"image\":{\"@type\":\"ImageObject\",\"inLanguage\":\"es\",\"@id\":\"https:\\\/\\\/secure.gravatar.com\\\/avatar\\\/489330f16359973f16321af73ed16e79f9acbd1694d0b94d73f3dfdd0c25646d?s=96&d=mm&r=g\",\"url\":\"https:\\\/\\\/secure.gravatar.com\\\/avatar\\\/489330f16359973f16321af73ed16e79f9acbd1694d0b94d73f3dfdd0c25646d?s=96&d=mm&r=g\",\"contentUrl\":\"https:\\\/\\\/secure.gravatar.com\\\/avatar\\\/489330f16359973f16321af73ed16e79f9acbd1694d0b94d73f3dfdd0c25646d?s=96&d=mm&r=g\",\"caption\":\"Laura Otero Bautista\"},\"url\":\"https:\\\/\\\/www.gsccanarias.com\\\/gsc\\\/author\\\/laura\\\/\"}]}<\/script>\n<!-- \/ Yoast SEO plugin. -->","yoast_head_json":{"title":"Actualizaci\u00f3n de la situaci\u00f3n del incendio forestal de Tenerife - GSC","robots":{"index":"index","follow":"follow","max-snippet":"max-snippet:-1","max-image-preview":"max-image-preview:large","max-video-preview":"max-video-preview:-1"},"canonical":"https:\/\/www.gsccanarias.com\/gsc\/actualizacion-de-la-situacion-del-incendio-forestal-de-tenerife-4\/","og_locale":"es_ES","og_type":"article","og_title":"Actualizaci\u00f3n de la situaci\u00f3n del incendio forestal de Tenerife - GSC","og_description":"Hoy intervendr\u00e1n seis medios a\u00e9reos de extinci\u00f3n como apoyo a los trabajos de los equipos terrestres. El operativo de extinci\u00f3n que ha trabajado durante la noche en el incendio forestal de Tenerife ha estado formado por unos 41 efectivos de BRIFOR del Cabildo de Tenerife,...","og_url":"https:\/\/www.gsccanarias.com\/gsc\/actualizacion-de-la-situacion-del-incendio-forestal-de-tenerife-4\/","og_site_name":"GSC","article_published_time":"2023-10-15T08:00:06+00:00","og_image":[{"width":1600,"height":1203,"url":"https:\/\/www.gsccanarias.com\/gsc\/wp-content\/uploads\/2023\/10\/151023-Equipos-de-la-EIRIF-en-el-IF-Tenerife.jpeg","type":"image\/jpeg"}],"author":"Laura Otero Bautista","twitter_card":"summary_large_image","twitter_misc":{"Escrito por":"Laura Otero Bautista","Tiempo de lectura":"1 minuto"},"schema":{"@context":"https:\/\/schema.org","@graph":[{"@type":"Article","@id":"https:\/\/www.gsccanarias.com\/gsc\/actualizacion-de-la-situacion-del-incendio-forestal-de-tenerife-4\/#article","isPartOf":{"@id":"https:\/\/www.gsccanarias.com\/gsc\/actualizacion-de-la-situacion-del-incendio-forestal-de-tenerife-4\/"},"author":{"name":"Laura Otero Bautista","@id":"https:\/\/www.gsccanarias.com\/gsc\/#\/schema\/person\/b8c013c501758bed823e398f9867c23b"},"headline":"Actualizaci\u00f3n de la situaci\u00f3n del incendio forestal de Tenerife","datePublished":"2023-10-15T08:00:06+00:00","mainEntityOfPage":{"@id":"https:\/\/www.gsccanarias.com\/gsc\/actualizacion-de-la-situacion-del-incendio-forestal-de-tenerife-4\/"},"wordCount":164,"commentCount":0,"image":{"@id":"https:\/\/www.gsccanarias.com\/gsc\/actualizacion-de-la-situacion-del-incendio-forestal-de-tenerife-4\/#primaryimage"},"thumbnailUrl":"https:\/\/www.gsccanarias.com\/gsc\/wp-content\/uploads\/2023\/10\/151023-Equipos-de-la-EIRIF-en-el-IF-Tenerife.jpeg","articleSection":["Noticias","\u00daltimas noticias"],"inLanguage":"es","potentialAction":[{"@type":"CommentAction","name":"Comment","target":["https:\/\/www.gsccanarias.com\/gsc\/actualizacion-de-la-situacion-del-incendio-forestal-de-tenerife-4\/#respond"]}]},{"@type":"WebPage","@id":"https:\/\/www.gsccanarias.com\/gsc\/actualizacion-de-la-situacion-del-incendio-forestal-de-tenerife-4\/","url":"https:\/\/www.gsccanarias.com\/gsc\/actualizacion-de-la-situacion-del-incendio-forestal-de-tenerife-4\/","name":"Actualizaci\u00f3n de la situaci\u00f3n del incendio forestal de Tenerife - GSC","isPartOf":{"@id":"https:\/\/www.gsccanarias.com\/gsc\/#website"},"primaryImageOfPage":{"@id":"https:\/\/www.gsccanarias.com\/gsc\/actualizacion-de-la-situacion-del-incendio-forestal-de-tenerife-4\/#primaryimage"},"image":{"@id":"https:\/\/www.gsccanarias.com\/gsc\/actualizacion-de-la-situacion-del-incendio-forestal-de-tenerife-4\/#primaryimage"},"thumbnailUrl":"https:\/\/www.gsccanarias.com\/gsc\/wp-content\/uploads\/2023\/10\/151023-Equipos-de-la-EIRIF-en-el-IF-Tenerife.jpeg","datePublished":"2023-10-15T08:00:06+00:00","author":{"@id":"https:\/\/www.gsccanarias.com\/gsc\/#\/schema\/person\/b8c013c501758bed823e398f9867c23b"},"breadcrumb":{"@id":"https:\/\/www.gsccanarias.com\/gsc\/actualizacion-de-la-situacion-del-incendio-forestal-de-tenerife-4\/#breadcrumb"},"inLanguage":"es","potentialAction":[{"@type":"ReadAction","target":["https:\/\/www.gsccanarias.com\/gsc\/actualizacion-de-la-situacion-del-incendio-forestal-de-tenerife-4\/"]}]},{"@type":"ImageObject","inLanguage":"es","@id":"https:\/\/www.gsccanarias.com\/gsc\/actualizacion-de-la-situacion-del-incendio-forestal-de-tenerife-4\/#primaryimage","url":"https:\/\/www.gsccanarias.com\/gsc\/wp-content\/uploads\/2023\/10\/151023-Equipos-de-la-EIRIF-en-el-IF-Tenerife.jpeg","contentUrl":"https:\/\/www.gsccanarias.com\/gsc\/wp-content\/uploads\/2023\/10\/151023-Equipos-de-la-EIRIF-en-el-IF-Tenerife.jpeg","width":1600,"height":1203},{"@type":"BreadcrumbList","@id":"https:\/\/www.gsccanarias.com\/gsc\/actualizacion-de-la-situacion-del-incendio-forestal-de-tenerife-4\/#breadcrumb","itemListElement":[{"@type":"ListItem","position":1,"name":"Portada","item":"https:\/\/www.gsccanarias.com\/gsc\/"},{"@type":"ListItem","position":2,"name":"Actualizaci\u00f3n de la situaci\u00f3n del incendio forestal de Tenerife"}]},{"@type":"WebSite","@id":"https:\/\/www.gsccanarias.com\/gsc\/#website","url":"https:\/\/www.gsccanarias.com\/gsc\/","name":"GSC","description":"Administramos servicios relacionados con la salud, las emergencias, la seguridad y el transporte sanitario","potentialAction":[{"@type":"SearchAction","target":{"@type":"EntryPoint","urlTemplate":"https:\/\/www.gsccanarias.com\/gsc\/?s={search_term_string}"},"query-input":{"@type":"PropertyValueSpecification","valueRequired":true,"valueName":"search_term_string"}}],"inLanguage":"es"},{"@type":"Person","@id":"https:\/\/www.gsccanarias.com\/gsc\/#\/schema\/person\/b8c013c501758bed823e398f9867c23b","name":"Laura Otero Bautista","image":{"@type":"ImageObject","inLanguage":"es","@id":"https:\/\/secure.gravatar.com\/avatar\/489330f16359973f16321af73ed16e79f9acbd1694d0b94d73f3dfdd0c25646d?s=96&d=mm&r=g","url":"https:\/\/secure.gravatar.com\/avatar\/489330f16359973f16321af73ed16e79f9acbd1694d0b94d73f3dfdd0c25646d?s=96&d=mm&r=g","contentUrl":"https:\/\/secure.gravatar.com\/avatar\/489330f16359973f16321af73ed16e79f9acbd1694d0b94d73f3dfdd0c25646d?s=96&d=mm&r=g","caption":"Laura Otero Bautista"},"url":"https:\/\/www.gsccanarias.com\/gsc\/author\/laura\/"}]}},"publishpress_future_workflow_manual_trigger":{"enabledWorkflows":[]},"_links":{"self":[{"href":"https:\/\/www.gsccanarias.com\/gsc\/wp-json\/wp\/v2\/posts\/13835","targetHints":{"allow":["GET"]}}],"collection":[{"href":"https:\/\/www.gsccanarias.com\/gsc\/wp-json\/wp\/v2\/posts"}],"about":[{"href":"https:\/\/www.gsccanarias.com\/gsc\/wp-json\/wp\/v2\/types\/post"}],"author":[{"embeddable":true,"href":"https:\/\/www.gsccanarias.com\/gsc\/wp-json\/wp\/v2\/users\/2"}],"replies":[{"embeddable":true,"href":"https:\/\/www.gsccanarias.com\/gsc\/wp-json\/wp\/v2\/comments?post=13835"}],"version-history":[{"count":2,"href":"https:\/\/www.gsccanarias.com\/gsc\/wp-json\/wp\/v2\/posts\/13835\/revisions"}],"predecessor-version":[{"id":13838,"href":"https:\/\/www.gsccanarias.com\/gsc\/wp-json\/wp\/v2\/posts\/13835\/revisions\/13838"}],"wp:featuredmedia":[{"embeddable":true,"href":"https:\/\/www.gsccanarias.com\/gsc\/wp-json\/wp\/v2\/media\/13836"}],"wp:attachment":[{"href":"https:\/\/www.gsccanarias.com\/gsc\/wp-json\/wp\/v2\/media?parent=13835"}],"wp:term":[{"taxonomy":"category","embeddable":true,"href":"https:\/\/www.gsccanarias.com\/gsc\/wp-json\/wp\/v2\/categories?post=13835"},{"taxonomy":"post_tag","embeddable":true,"href":"https:\/\/www.gsccanarias.com\/gsc\/wp-json\/wp\/v2\/tags?post=13835"}],"curies":[{"name":"wp","href":"https:\/\/api.w.org\/{rel}","templated":true}]}}