{"id":13710,"date":"2023-08-26T12:58:06","date_gmt":"2023-08-26T12:58:06","guid":{"rendered":"https:\/\/www.gsccanarias.com\/gsc\/?p=13710"},"modified":"2023-08-26T12:58:06","modified_gmt":"2023-08-26T12:58:06","slug":"la-evolucion-del-incendio-forestal-de-tenerife-permite-la-retirada-de-los-hidroaviones","status":"publish","type":"post","link":"https:\/\/www.gsccanarias.com\/gsc\/la-evolucion-del-incendio-forestal-de-tenerife-permite-la-retirada-de-los-hidroaviones\/","title":{"rendered":"La evoluci\u00f3n del incendio forestal de Tenerife permite la retirada de los hidroaviones"},"content":{"rendered":"<blockquote><p>El per\u00edmetro contin\u00faa consolidado y asegurado<\/p>\n<p>La lluvia de la pasada noche ha permitido enfriar la zona y aumentar la humedad<\/p><\/blockquote>\n<p><strong>El incendio forestal de Tenerife mantiene todo el per\u00edmetro consolidado y asegurado seg\u00fan informa la Direcci\u00f3n del Plan Canario de Protecci\u00f3n Civil y Atenci\u00f3n de Emergencias por Incendios Forestales (INFOCA), lo que ha permitido la retirada de los hidroaviones del Ministerio de Transici\u00f3n Ecol\u00f3gica y Reto Demogr\u00e1fico (Miteco).<\/strong><\/p>\n<p>Durante la pasada noche las lluvias registradas en el norte de la isla han conseguido enfriar la zona y aumentar la humedad lo que ha favorecido los trabajos del operativo en las \u00faltimas horas y no se han producido reactivaciones importantes.<\/p>\n<p>Los \u00faltimos vuelos reconocimiento sobre la superficie afectada confirman que el per\u00edmetro se mantiene estabilizado y se han detectado algunos puntos humeantes y reproducciones en el interior \u00fanicamente en la zona de Mamio en La Orotava y en la zona de La Hornaca, en el municipio de Tacoronte.<\/p>\n<p>El incendio contin\u00faa en fase de <strong>estabilizado<\/strong>, lo que significa que evoluciona dentro de las l\u00edneas de control establecidas, seg\u00fan las previsiones y que las labores de extinci\u00f3n se dirigen hacia su <strong>control<\/strong>.<\/p>\n<p>El dispositivo previsto para hoy lo forman 118 efectivos por tierra y 7 medios a\u00e9reos, y a lo largo del d\u00eda se evaluar\u00e1 continuar con la desescalada de medios intervinientes.<\/p>\n<p>La calidad del aire ha mejorado y se sit\u00faa entre razonablemente buena y regular por lo que ya no son necesarias medidas especiales de autoprotecci\u00f3n como en d\u00edas anteriores.<\/p>\n<p>Permanecen cerrados los accesos al Parque Nacional de El Teide por la TF-24 (La Esperanza), TF-21 (La Orotava) y la TF-523 (Subida a Los Loros), y todos los accesos a la corona forestal, as\u00ed como los senderos para evitar que la poblaci\u00f3n corra riesgos. Queda tambi\u00e9n prohibido el acceso a la zona de la emergencia que supera las 14.000 hect\u00e1reas.<\/p>\n<p>En ese sentido, la Direcci\u00f3n T\u00e9cnica del INFOCA recuerda la necesidad de mantener la prudencia durante el fin de semana, e insiste en que en los municipios afectados por el incendio no se puede acceder al monte o realizar cualquier tipo de actividad en el mismo, ya que contin\u00faa trabajando un operativo de intervenci\u00f3n muy importante en la zona, y es necesario mantener las v\u00edas libres para que puedan actuar con celeridad en caso de que sea necesario.<\/p>\n<div class=\"pvc_clear\"><\/div>\n<p id=\"pvc_stats_13710\" class=\"pvc_stats all  \" data-element-id=\"13710\" style=\"\"><i class=\"pvc-stats-icon medium\" aria-hidden=\"true\"><svg aria-hidden=\"true\" focusable=\"false\" data-prefix=\"far\" data-icon=\"chart-bar\" role=\"img\" xmlns=\"http:\/\/www.w3.org\/2000\/svg\" viewBox=\"0 0 512 512\" class=\"svg-inline--fa fa-chart-bar fa-w-16 fa-2x\"><path fill=\"currentColor\" d=\"M396.8 352h22.4c6.4 0 12.8-6.4 12.8-12.8V108.8c0-6.4-6.4-12.8-12.8-12.8h-22.4c-6.4 0-12.8 6.4-12.8 12.8v230.4c0 6.4 6.4 12.8 12.8 12.8zm-192 0h22.4c6.4 0 12.8-6.4 12.8-12.8V140.8c0-6.4-6.4-12.8-12.8-12.8h-22.4c-6.4 0-12.8 6.4-12.8 12.8v198.4c0 6.4 6.4 12.8 12.8 12.8zm96 0h22.4c6.4 0 12.8-6.4 12.8-12.8V204.8c0-6.4-6.4-12.8-12.8-12.8h-22.4c-6.4 0-12.8 6.4-12.8 12.8v134.4c0 6.4 6.4 12.8 12.8 12.8zM496 400H48V80c0-8.84-7.16-16-16-16H16C7.16 64 0 71.16 0 80v336c0 17.67 14.33 32 32 32h464c8.84 0 16-7.16 16-16v-16c0-8.84-7.16-16-16-16zm-387.2-48h22.4c6.4 0 12.8-6.4 12.8-12.8v-70.4c0-6.4-6.4-12.8-12.8-12.8h-22.4c-6.4 0-12.8 6.4-12.8 12.8v70.4c0 6.4 6.4 12.8 12.8 12.8z\" class=\"\"><\/path><\/svg><\/i> <\/p>\n<div class=\"pvc_clear\"><\/div>\n<div class=\"print\"><span class=\"page_title\">P\u00e1gina: <span>La evoluci\u00f3n del incendio forestal de Tenerife permite la retirada de los hidroaviones<\/span><\/span>\n\t\t\t\t\t\t\t\t\t\t\t<span class=\"page_title\">Fecha de impresi\u00f3n: <span>02\/05\/2026 - 06:48:15 UTC<\/span><\/span>\n\t\t\t\t\t\t\t\t\t\t\t<span class=\"stmp_trans_date\">\u00daltima actualizaci\u00f3n: <span>26\/08\/2023 - 12:58:06<\/span><\/span>\n\t\t\t\t\t\t\t\t\t\t\t<span class=\"stmp_trans_date\">Fecha publicaci\u00f3n: <span>26\/08\/2023 - 12:58:06<\/span><\/span>\n\t\t\t\t\t\t\t\t\t\t\t<span class=\"stmp_trans_date\">Fecha creaci\u00f3n: <span>26\/08\/2023 - 12:58:06<\/span><\/span><\/div>\n\t","protected":false},"excerpt":{"rendered":"<p>El per\u00edmetro contin\u00faa consolidado y asegurado La lluvia de la pasada noche ha permitido enfriar la zona y aumentar la humedad El incendio forestal de Tenerife mantiene todo el per\u00edmetro consolidado y asegurado seg\u00fan informa la Direcci\u00f3n del Plan Canario de Protecci\u00f3n Civil y Atenci\u00f3n&#8230;<\/p>\n<div class=\"pvc_clear\"><\/div>\n<p id=\"pvc_stats_13710\" class=\"pvc_stats all  \" data-element-id=\"13710\" style=\"\"><i class=\"pvc-stats-icon medium\" aria-hidden=\"true\"><svg aria-hidden=\"true\" focusable=\"false\" data-prefix=\"far\" data-icon=\"chart-bar\" role=\"img\" xmlns=\"http:\/\/www.w3.org\/2000\/svg\" viewBox=\"0 0 512 512\" class=\"svg-inline--fa fa-chart-bar fa-w-16 fa-2x\"><path fill=\"currentColor\" d=\"M396.8 352h22.4c6.4 0 12.8-6.4 12.8-12.8V108.8c0-6.4-6.4-12.8-12.8-12.8h-22.4c-6.4 0-12.8 6.4-12.8 12.8v230.4c0 6.4 6.4 12.8 12.8 12.8zm-192 0h22.4c6.4 0 12.8-6.4 12.8-12.8V140.8c0-6.4-6.4-12.8-12.8-12.8h-22.4c-6.4 0-12.8 6.4-12.8 12.8v198.4c0 6.4 6.4 12.8 12.8 12.8zm96 0h22.4c6.4 0 12.8-6.4 12.8-12.8V204.8c0-6.4-6.4-12.8-12.8-12.8h-22.4c-6.4 0-12.8 6.4-12.8 12.8v134.4c0 6.4 6.4 12.8 12.8 12.8zM496 400H48V80c0-8.84-7.16-16-16-16H16C7.16 64 0 71.16 0 80v336c0 17.67 14.33 32 32 32h464c8.84 0 16-7.16 16-16v-16c0-8.84-7.16-16-16-16zm-387.2-48h22.4c6.4 0 12.8-6.4 12.8-12.8v-70.4c0-6.4-6.4-12.8-12.8-12.8h-22.4c-6.4 0-12.8 6.4-12.8 12.8v70.4c0 6.4 6.4 12.8 12.8 12.8z\" class=\"\"><\/path><\/svg><\/i> <img loading=\"lazy\" decoding=\"async\" width=\"16\" height=\"16\" alt=\"Loading\" src=\"https:\/\/www.gsccanarias.com\/gsc\/wp-content\/plugins\/page-views-count\/ajax-loader-2x.gif\" border=0 \/><\/p>\n<div class=\"pvc_clear\"><\/div>\n","protected":false},"author":2,"featured_media":13711,"comment_status":"open","ping_status":"open","sticky":false,"template":"","format":"standard","meta":{"footnotes":""},"categories":[49,35,36],"tags":[],"class_list":["post-13710","post","type-post","status-publish","format-standard","has-post-thumbnail","hentry","category-49","category-noticias","category-ultimas-noticias"],"a3_pvc":{"activated":true,"total_views":46,"today_views":0},"yoast_head":"<!-- This site is optimized with the Yoast SEO plugin v27.5 - https:\/\/yoast.com\/product\/yoast-seo-wordpress\/ -->\n<title>La evoluci\u00f3n del incendio forestal de Tenerife permite la retirada de los hidroaviones - GSC<\/title>\n<meta name=\"robots\" content=\"index, follow, max-snippet:-1, max-image-preview:large, max-video-preview:-1\" \/>\n<link rel=\"canonical\" href=\"https:\/\/www.gsccanarias.com\/gsc\/la-evolucion-del-incendio-forestal-de-tenerife-permite-la-retirada-de-los-hidroaviones\/\" \/>\n<meta property=\"og:locale\" content=\"es_ES\" \/>\n<meta property=\"og:type\" content=\"article\" \/>\n<meta property=\"og:title\" content=\"La evoluci\u00f3n del incendio forestal de Tenerife permite la retirada de los hidroaviones - GSC\" \/>\n<meta property=\"og:description\" content=\"El per\u00edmetro contin\u00faa consolidado y asegurado La lluvia de la pasada noche ha permitido enfriar la zona y aumentar la humedad El incendio forestal de Tenerife mantiene todo el per\u00edmetro consolidado y asegurado seg\u00fan informa la Direcci\u00f3n del Plan Canario de Protecci\u00f3n Civil y Atenci\u00f3n...\" \/>\n<meta property=\"og:url\" content=\"https:\/\/www.gsccanarias.com\/gsc\/la-evolucion-del-incendio-forestal-de-tenerife-permite-la-retirada-de-los-hidroaviones\/\" \/>\n<meta property=\"og:site_name\" content=\"GSC\" \/>\n<meta property=\"article:published_time\" content=\"2023-08-26T12:58:06+00:00\" \/>\n<meta property=\"og:image\" content=\"https:\/\/www.gsccanarias.com\/gsc\/wp-content\/uploads\/2023\/08\/260823-Zona-norte-del-incendio.jpg\" \/>\n\t<meta property=\"og:image:width\" content=\"658\" \/>\n\t<meta property=\"og:image:height\" content=\"511\" \/>\n\t<meta property=\"og:image:type\" content=\"image\/jpeg\" \/>\n<meta name=\"author\" content=\"Laura Otero Bautista\" \/>\n<meta name=\"twitter:card\" content=\"summary_large_image\" \/>\n<meta name=\"twitter:label1\" content=\"Escrito por\" \/>\n\t<meta name=\"twitter:data1\" content=\"Laura Otero Bautista\" \/>\n\t<meta name=\"twitter:label2\" content=\"Tiempo de lectura\" \/>\n\t<meta name=\"twitter:data2\" content=\"2 minutos\" \/>\n<script type=\"application\/ld+json\" class=\"yoast-schema-graph\">{\"@context\":\"https:\\\/\\\/schema.org\",\"@graph\":[{\"@type\":\"Article\",\"@id\":\"https:\\\/\\\/www.gsccanarias.com\\\/gsc\\\/la-evolucion-del-incendio-forestal-de-tenerife-permite-la-retirada-de-los-hidroaviones\\\/#article\",\"isPartOf\":{\"@id\":\"https:\\\/\\\/www.gsccanarias.com\\\/gsc\\\/la-evolucion-del-incendio-forestal-de-tenerife-permite-la-retirada-de-los-hidroaviones\\\/\"},\"author\":{\"name\":\"Laura Otero Bautista\",\"@id\":\"https:\\\/\\\/www.gsccanarias.com\\\/gsc\\\/#\\\/schema\\\/person\\\/b8c013c501758bed823e398f9867c23b\"},\"headline\":\"La evoluci\u00f3n del incendio forestal de Tenerife permite la retirada de los hidroaviones\",\"datePublished\":\"2023-08-26T12:58:06+00:00\",\"mainEntityOfPage\":{\"@id\":\"https:\\\/\\\/www.gsccanarias.com\\\/gsc\\\/la-evolucion-del-incendio-forestal-de-tenerife-permite-la-retirada-de-los-hidroaviones\\\/\"},\"wordCount\":427,\"commentCount\":0,\"image\":{\"@id\":\"https:\\\/\\\/www.gsccanarias.com\\\/gsc\\\/la-evolucion-del-incendio-forestal-de-tenerife-permite-la-retirada-de-los-hidroaviones\\\/#primaryimage\"},\"thumbnailUrl\":\"https:\\\/\\\/www.gsccanarias.com\\\/gsc\\\/wp-content\\\/uploads\\\/2023\\\/08\\\/260823-Zona-norte-del-incendio.jpg\",\"articleSection\":[\"112\",\"Noticias\",\"\u00daltimas noticias\"],\"inLanguage\":\"es\",\"potentialAction\":[{\"@type\":\"CommentAction\",\"name\":\"Comment\",\"target\":[\"https:\\\/\\\/www.gsccanarias.com\\\/gsc\\\/la-evolucion-del-incendio-forestal-de-tenerife-permite-la-retirada-de-los-hidroaviones\\\/#respond\"]}]},{\"@type\":\"WebPage\",\"@id\":\"https:\\\/\\\/www.gsccanarias.com\\\/gsc\\\/la-evolucion-del-incendio-forestal-de-tenerife-permite-la-retirada-de-los-hidroaviones\\\/\",\"url\":\"https:\\\/\\\/www.gsccanarias.com\\\/gsc\\\/la-evolucion-del-incendio-forestal-de-tenerife-permite-la-retirada-de-los-hidroaviones\\\/\",\"name\":\"La evoluci\u00f3n del incendio forestal de Tenerife permite la retirada de los hidroaviones - GSC\",\"isPartOf\":{\"@id\":\"https:\\\/\\\/www.gsccanarias.com\\\/gsc\\\/#website\"},\"primaryImageOfPage\":{\"@id\":\"https:\\\/\\\/www.gsccanarias.com\\\/gsc\\\/la-evolucion-del-incendio-forestal-de-tenerife-permite-la-retirada-de-los-hidroaviones\\\/#primaryimage\"},\"image\":{\"@id\":\"https:\\\/\\\/www.gsccanarias.com\\\/gsc\\\/la-evolucion-del-incendio-forestal-de-tenerife-permite-la-retirada-de-los-hidroaviones\\\/#primaryimage\"},\"thumbnailUrl\":\"https:\\\/\\\/www.gsccanarias.com\\\/gsc\\\/wp-content\\\/uploads\\\/2023\\\/08\\\/260823-Zona-norte-del-incendio.jpg\",\"datePublished\":\"2023-08-26T12:58:06+00:00\",\"author\":{\"@id\":\"https:\\\/\\\/www.gsccanarias.com\\\/gsc\\\/#\\\/schema\\\/person\\\/b8c013c501758bed823e398f9867c23b\"},\"breadcrumb\":{\"@id\":\"https:\\\/\\\/www.gsccanarias.com\\\/gsc\\\/la-evolucion-del-incendio-forestal-de-tenerife-permite-la-retirada-de-los-hidroaviones\\\/#breadcrumb\"},\"inLanguage\":\"es\",\"potentialAction\":[{\"@type\":\"ReadAction\",\"target\":[\"https:\\\/\\\/www.gsccanarias.com\\\/gsc\\\/la-evolucion-del-incendio-forestal-de-tenerife-permite-la-retirada-de-los-hidroaviones\\\/\"]}]},{\"@type\":\"ImageObject\",\"inLanguage\":\"es\",\"@id\":\"https:\\\/\\\/www.gsccanarias.com\\\/gsc\\\/la-evolucion-del-incendio-forestal-de-tenerife-permite-la-retirada-de-los-hidroaviones\\\/#primaryimage\",\"url\":\"https:\\\/\\\/www.gsccanarias.com\\\/gsc\\\/wp-content\\\/uploads\\\/2023\\\/08\\\/260823-Zona-norte-del-incendio.jpg\",\"contentUrl\":\"https:\\\/\\\/www.gsccanarias.com\\\/gsc\\\/wp-content\\\/uploads\\\/2023\\\/08\\\/260823-Zona-norte-del-incendio.jpg\",\"width\":658,\"height\":511},{\"@type\":\"BreadcrumbList\",\"@id\":\"https:\\\/\\\/www.gsccanarias.com\\\/gsc\\\/la-evolucion-del-incendio-forestal-de-tenerife-permite-la-retirada-de-los-hidroaviones\\\/#breadcrumb\",\"itemListElement\":[{\"@type\":\"ListItem\",\"position\":1,\"name\":\"Portada\",\"item\":\"https:\\\/\\\/www.gsccanarias.com\\\/gsc\\\/\"},{\"@type\":\"ListItem\",\"position\":2,\"name\":\"La evoluci\u00f3n del incendio forestal de Tenerife permite la retirada de los hidroaviones\"}]},{\"@type\":\"WebSite\",\"@id\":\"https:\\\/\\\/www.gsccanarias.com\\\/gsc\\\/#website\",\"url\":\"https:\\\/\\\/www.gsccanarias.com\\\/gsc\\\/\",\"name\":\"GSC\",\"description\":\"Administramos servicios relacionados con la salud, las emergencias, la seguridad y el transporte sanitario\",\"potentialAction\":[{\"@type\":\"SearchAction\",\"target\":{\"@type\":\"EntryPoint\",\"urlTemplate\":\"https:\\\/\\\/www.gsccanarias.com\\\/gsc\\\/?s={search_term_string}\"},\"query-input\":{\"@type\":\"PropertyValueSpecification\",\"valueRequired\":true,\"valueName\":\"search_term_string\"}}],\"inLanguage\":\"es\"},{\"@type\":\"Person\",\"@id\":\"https:\\\/\\\/www.gsccanarias.com\\\/gsc\\\/#\\\/schema\\\/person\\\/b8c013c501758bed823e398f9867c23b\",\"name\":\"Laura Otero Bautista\",\"image\":{\"@type\":\"ImageObject\",\"inLanguage\":\"es\",\"@id\":\"https:\\\/\\\/secure.gravatar.com\\\/avatar\\\/489330f16359973f16321af73ed16e79f9acbd1694d0b94d73f3dfdd0c25646d?s=96&d=mm&r=g\",\"url\":\"https:\\\/\\\/secure.gravatar.com\\\/avatar\\\/489330f16359973f16321af73ed16e79f9acbd1694d0b94d73f3dfdd0c25646d?s=96&d=mm&r=g\",\"contentUrl\":\"https:\\\/\\\/secure.gravatar.com\\\/avatar\\\/489330f16359973f16321af73ed16e79f9acbd1694d0b94d73f3dfdd0c25646d?s=96&d=mm&r=g\",\"caption\":\"Laura Otero Bautista\"},\"url\":\"https:\\\/\\\/www.gsccanarias.com\\\/gsc\\\/author\\\/laura\\\/\"}]}<\/script>\n<!-- \/ Yoast SEO plugin. -->","yoast_head_json":{"title":"La evoluci\u00f3n del incendio forestal de Tenerife permite la retirada de los hidroaviones - GSC","robots":{"index":"index","follow":"follow","max-snippet":"max-snippet:-1","max-image-preview":"max-image-preview:large","max-video-preview":"max-video-preview:-1"},"canonical":"https:\/\/www.gsccanarias.com\/gsc\/la-evolucion-del-incendio-forestal-de-tenerife-permite-la-retirada-de-los-hidroaviones\/","og_locale":"es_ES","og_type":"article","og_title":"La evoluci\u00f3n del incendio forestal de Tenerife permite la retirada de los hidroaviones - GSC","og_description":"El per\u00edmetro contin\u00faa consolidado y asegurado La lluvia de la pasada noche ha permitido enfriar la zona y aumentar la humedad El incendio forestal de Tenerife mantiene todo el per\u00edmetro consolidado y asegurado seg\u00fan informa la Direcci\u00f3n del Plan Canario de Protecci\u00f3n Civil y Atenci\u00f3n...","og_url":"https:\/\/www.gsccanarias.com\/gsc\/la-evolucion-del-incendio-forestal-de-tenerife-permite-la-retirada-de-los-hidroaviones\/","og_site_name":"GSC","article_published_time":"2023-08-26T12:58:06+00:00","og_image":[{"width":658,"height":511,"url":"https:\/\/www.gsccanarias.com\/gsc\/wp-content\/uploads\/2023\/08\/260823-Zona-norte-del-incendio.jpg","type":"image\/jpeg"}],"author":"Laura Otero Bautista","twitter_card":"summary_large_image","twitter_misc":{"Escrito por":"Laura Otero Bautista","Tiempo de lectura":"2 minutos"},"schema":{"@context":"https:\/\/schema.org","@graph":[{"@type":"Article","@id":"https:\/\/www.gsccanarias.com\/gsc\/la-evolucion-del-incendio-forestal-de-tenerife-permite-la-retirada-de-los-hidroaviones\/#article","isPartOf":{"@id":"https:\/\/www.gsccanarias.com\/gsc\/la-evolucion-del-incendio-forestal-de-tenerife-permite-la-retirada-de-los-hidroaviones\/"},"author":{"name":"Laura Otero Bautista","@id":"https:\/\/www.gsccanarias.com\/gsc\/#\/schema\/person\/b8c013c501758bed823e398f9867c23b"},"headline":"La evoluci\u00f3n del incendio forestal de Tenerife permite la retirada de los hidroaviones","datePublished":"2023-08-26T12:58:06+00:00","mainEntityOfPage":{"@id":"https:\/\/www.gsccanarias.com\/gsc\/la-evolucion-del-incendio-forestal-de-tenerife-permite-la-retirada-de-los-hidroaviones\/"},"wordCount":427,"commentCount":0,"image":{"@id":"https:\/\/www.gsccanarias.com\/gsc\/la-evolucion-del-incendio-forestal-de-tenerife-permite-la-retirada-de-los-hidroaviones\/#primaryimage"},"thumbnailUrl":"https:\/\/www.gsccanarias.com\/gsc\/wp-content\/uploads\/2023\/08\/260823-Zona-norte-del-incendio.jpg","articleSection":["112","Noticias","\u00daltimas noticias"],"inLanguage":"es","potentialAction":[{"@type":"CommentAction","name":"Comment","target":["https:\/\/www.gsccanarias.com\/gsc\/la-evolucion-del-incendio-forestal-de-tenerife-permite-la-retirada-de-los-hidroaviones\/#respond"]}]},{"@type":"WebPage","@id":"https:\/\/www.gsccanarias.com\/gsc\/la-evolucion-del-incendio-forestal-de-tenerife-permite-la-retirada-de-los-hidroaviones\/","url":"https:\/\/www.gsccanarias.com\/gsc\/la-evolucion-del-incendio-forestal-de-tenerife-permite-la-retirada-de-los-hidroaviones\/","name":"La evoluci\u00f3n del incendio forestal de Tenerife permite la retirada de los hidroaviones - GSC","isPartOf":{"@id":"https:\/\/www.gsccanarias.com\/gsc\/#website"},"primaryImageOfPage":{"@id":"https:\/\/www.gsccanarias.com\/gsc\/la-evolucion-del-incendio-forestal-de-tenerife-permite-la-retirada-de-los-hidroaviones\/#primaryimage"},"image":{"@id":"https:\/\/www.gsccanarias.com\/gsc\/la-evolucion-del-incendio-forestal-de-tenerife-permite-la-retirada-de-los-hidroaviones\/#primaryimage"},"thumbnailUrl":"https:\/\/www.gsccanarias.com\/gsc\/wp-content\/uploads\/2023\/08\/260823-Zona-norte-del-incendio.jpg","datePublished":"2023-08-26T12:58:06+00:00","author":{"@id":"https:\/\/www.gsccanarias.com\/gsc\/#\/schema\/person\/b8c013c501758bed823e398f9867c23b"},"breadcrumb":{"@id":"https:\/\/www.gsccanarias.com\/gsc\/la-evolucion-del-incendio-forestal-de-tenerife-permite-la-retirada-de-los-hidroaviones\/#breadcrumb"},"inLanguage":"es","potentialAction":[{"@type":"ReadAction","target":["https:\/\/www.gsccanarias.com\/gsc\/la-evolucion-del-incendio-forestal-de-tenerife-permite-la-retirada-de-los-hidroaviones\/"]}]},{"@type":"ImageObject","inLanguage":"es","@id":"https:\/\/www.gsccanarias.com\/gsc\/la-evolucion-del-incendio-forestal-de-tenerife-permite-la-retirada-de-los-hidroaviones\/#primaryimage","url":"https:\/\/www.gsccanarias.com\/gsc\/wp-content\/uploads\/2023\/08\/260823-Zona-norte-del-incendio.jpg","contentUrl":"https:\/\/www.gsccanarias.com\/gsc\/wp-content\/uploads\/2023\/08\/260823-Zona-norte-del-incendio.jpg","width":658,"height":511},{"@type":"BreadcrumbList","@id":"https:\/\/www.gsccanarias.com\/gsc\/la-evolucion-del-incendio-forestal-de-tenerife-permite-la-retirada-de-los-hidroaviones\/#breadcrumb","itemListElement":[{"@type":"ListItem","position":1,"name":"Portada","item":"https:\/\/www.gsccanarias.com\/gsc\/"},{"@type":"ListItem","position":2,"name":"La evoluci\u00f3n del incendio forestal de Tenerife permite la retirada de los hidroaviones"}]},{"@type":"WebSite","@id":"https:\/\/www.gsccanarias.com\/gsc\/#website","url":"https:\/\/www.gsccanarias.com\/gsc\/","name":"GSC","description":"Administramos servicios relacionados con la salud, las emergencias, la seguridad y el transporte sanitario","potentialAction":[{"@type":"SearchAction","target":{"@type":"EntryPoint","urlTemplate":"https:\/\/www.gsccanarias.com\/gsc\/?s={search_term_string}"},"query-input":{"@type":"PropertyValueSpecification","valueRequired":true,"valueName":"search_term_string"}}],"inLanguage":"es"},{"@type":"Person","@id":"https:\/\/www.gsccanarias.com\/gsc\/#\/schema\/person\/b8c013c501758bed823e398f9867c23b","name":"Laura Otero Bautista","image":{"@type":"ImageObject","inLanguage":"es","@id":"https:\/\/secure.gravatar.com\/avatar\/489330f16359973f16321af73ed16e79f9acbd1694d0b94d73f3dfdd0c25646d?s=96&d=mm&r=g","url":"https:\/\/secure.gravatar.com\/avatar\/489330f16359973f16321af73ed16e79f9acbd1694d0b94d73f3dfdd0c25646d?s=96&d=mm&r=g","contentUrl":"https:\/\/secure.gravatar.com\/avatar\/489330f16359973f16321af73ed16e79f9acbd1694d0b94d73f3dfdd0c25646d?s=96&d=mm&r=g","caption":"Laura Otero Bautista"},"url":"https:\/\/www.gsccanarias.com\/gsc\/author\/laura\/"}]}},"publishpress_future_workflow_manual_trigger":{"enabledWorkflows":[]},"_links":{"self":[{"href":"https:\/\/www.gsccanarias.com\/gsc\/wp-json\/wp\/v2\/posts\/13710","targetHints":{"allow":["GET"]}}],"collection":[{"href":"https:\/\/www.gsccanarias.com\/gsc\/wp-json\/wp\/v2\/posts"}],"about":[{"href":"https:\/\/www.gsccanarias.com\/gsc\/wp-json\/wp\/v2\/types\/post"}],"author":[{"embeddable":true,"href":"https:\/\/www.gsccanarias.com\/gsc\/wp-json\/wp\/v2\/users\/2"}],"replies":[{"embeddable":true,"href":"https:\/\/www.gsccanarias.com\/gsc\/wp-json\/wp\/v2\/comments?post=13710"}],"version-history":[{"count":1,"href":"https:\/\/www.gsccanarias.com\/gsc\/wp-json\/wp\/v2\/posts\/13710\/revisions"}],"predecessor-version":[{"id":13712,"href":"https:\/\/www.gsccanarias.com\/gsc\/wp-json\/wp\/v2\/posts\/13710\/revisions\/13712"}],"wp:featuredmedia":[{"embeddable":true,"href":"https:\/\/www.gsccanarias.com\/gsc\/wp-json\/wp\/v2\/media\/13711"}],"wp:attachment":[{"href":"https:\/\/www.gsccanarias.com\/gsc\/wp-json\/wp\/v2\/media?parent=13710"}],"wp:term":[{"taxonomy":"category","embeddable":true,"href":"https:\/\/www.gsccanarias.com\/gsc\/wp-json\/wp\/v2\/categories?post=13710"},{"taxonomy":"post_tag","embeddable":true,"href":"https:\/\/www.gsccanarias.com\/gsc\/wp-json\/wp\/v2\/tags?post=13710"}],"curies":[{"name":"wp","href":"https:\/\/api.w.org\/{rel}","templated":true}]}}