{"id":13661,"date":"2023-08-21T12:58:20","date_gmt":"2023-08-21T12:58:20","guid":{"rendered":"https:\/\/www.gsccanarias.com\/gsc\/?p=13661"},"modified":"2023-08-22T12:59:44","modified_gmt":"2023-08-22T12:59:44","slug":"el-gobierno-de-canarias-valora-el-excelente-trabajo-de-las-fuerzas-y-cuerpos-de-seguridad-para-garantizar-la-integridad-de-los-ciudadanos-y-de-los-efectivos-contraincendios","status":"publish","type":"post","link":"https:\/\/www.gsccanarias.com\/gsc\/el-gobierno-de-canarias-valora-el-excelente-trabajo-de-las-fuerzas-y-cuerpos-de-seguridad-para-garantizar-la-integridad-de-los-ciudadanos-y-de-los-efectivos-contraincendios\/","title":{"rendered":"El Gobierno de Canarias valora el excelente trabajo de las fuerzas y cuerpos de seguridad para garantizar la integridad de los ciudadanos y de los efectivos contraincendios"},"content":{"rendered":"<blockquote><p>La consejera de Presidencia, Administraciones P\u00fablicas, Justicia y Seguridad del Gobierno de Canarias, Nieves Lady Barreto, ha valorado hoy el excelente trabajo de las Fuerza y Cuerpos que integran el dispositivo de seguridad de la emergencia en el incendio forestal que afecta desde la madrugada del 16 de agosto a la isla de Tenerife.<\/p><\/blockquote>\n<p><strong>En una rueda de prensa ofrecida en la tarde de hoy, junto a portavoces de la Guardia Civil, la Polic\u00eda Nacional, el Cuerpo General de la Polic\u00eda Canaria y un representante de las polic\u00edas locales de los municipios afectados, todos los intervinientes destacaron la coordinaci\u00f3n con la que se ha trabajado desde el primer momento de la emergencia.<\/strong><\/p>\n<p>La consejera, por su parte, quiso recalcar que en un incendio de caracter\u00edsticas muy complicadas, que avanz\u00f3 con gran rapidez desde el primer momento y que se ha acercado tanto a las zonas de interfaz, se ha logrado asegurar la vida de las personas y mantener el fuego alejado de las viviendas gracias a la excelente labor realizada por los cuerpos de seguridad y por los efectivos contra incendios, \u201cque han trabajado hasta la extenuaci\u00f3n\u201d para garantizar la integridad no solo de los ciudadanos, sino tambi\u00e9n de los efectivos de la lucha contra el fuego.<\/p>\n<p>Juan Hern\u00e1ndez Mosquera, general de la Guardia Civil, cuerpo en el que recae la direcci\u00f3n del dispositivo de seguridad de la emergencia, quiso destacar el trabajo \u201cpr\u00e1cticamente puerta a puerta\u201d que se ha realizado en las evacuaciones y valor\u00f3 especialmente \u201cla excelente colaboraci\u00f3n de los vecinos afectados, que dieron una respuesta ejemplar y un\u00e1nime\u201d.<\/p>\n<p>El general Hern\u00e1ndez Mosquera inform\u00f3, adem\u00e1s, que en estos d\u00edas se han destinado al dispositivo de seguridad del incendio 220 efectivos de la Guardia Civil, con refuerzo de unidades de Gran Canaria y de la Pen\u00ednsula especializadas tanto en seguridad como en investigaci\u00f3n, y un helic\u00f3ptero para las labores de coordinaci\u00f3n de medios a\u00e9reos.<\/p>\n<p>Jes\u00fas Mar\u00eda G\u00f3mez Mart\u00edn, jefe superior de la Polic\u00eda Nacional, se\u00f1al\u00f3 que hubo colaboraci\u00f3n activa con la Guardia Civil desde el primer momento para participar en las labores de desalojo de los evacuados y elogi\u00f3, igualmente, la colaboraci\u00f3n de los ciudadanos. \u201cNo ha habido ning\u00fan incidente y hemos recibido, incluso, mucho cari\u00f1o de las personas evacuadas, lo que se agradece en una situaci\u00f3n tan compleja y tensa\u201d.<\/p>\n<p>La Polic\u00eda Nacional ha aportado al dispositivo de seguridad del incendio una media de 75 efectivos cada d\u00eda entre los que se cuentan dos unidades muy especializadas, las UIP y las UPR, adem\u00e1s de un dron de polic\u00eda aeron\u00e1utica con c\u00e1mara t\u00e9rmica que se usa para la vigilancia nocturna de las zonas evacuadas.<\/p>\n<p>El Cuerpo General de la Polic\u00eda Canaria, por su parte, ha llevado a cabo hasta el momento un total de 900 intervenciones, entre la que se cuentan 700 evacuaciones, rescate de animales, controles de acceso y acompa\u00f1amiento de convoy, entre otras. As\u00ed lo detall\u00f3 el subcomisario Jes\u00fas Gonz\u00e1lez Guti\u00e9rrez, que quiso agradecer de manera especial la colaboraci\u00f3n prestada por varios centros h\u00edpicos en el desalojo y albergue de decenas de caballos, una tarea en la que se ha implicado de manera directa la Polic\u00eda Canaria.<\/p>\n<p>En representaci\u00f3n de las polic\u00edas locales de los 13 municipios afectados hasta el momento por el incendio, intervino V\u00edctor Borges Vel\u00e1zquez, oficial jefe de la Polic\u00eda Local de Arafo, que valor\u00f3 \u201cla impecable colaboraci\u00f3n entre los cuerpos de seguridad\u201d y la labor fundamental que desempe\u00f1an las polic\u00edas locales en las emergencias, como agentes m\u00e1s pr\u00f3ximos a los vecinos.<\/p>\n<p>Nieves Lady Barreto cerr\u00f3 la rueda de prensa agradeciendo la colaboraci\u00f3n ciudadana, especialmente la de los afectados por las evacuaciones, y lanzando una petici\u00f3n para que no se difundan noticias falsas \u201cporque tambi\u00e9n generan problemas de seguridad y en una emergencia eso se nota\u201d.<\/p>\n<p>Recursos audiovisuales disponibles en el siguiente enlace: https:\/\/www.youtube.com\/watch?v=mqF7fUXvR5w<\/p>\n<p>&nbsp;<\/p>\n<div class=\"pvc_clear\"><\/div>\n<p id=\"pvc_stats_13661\" class=\"pvc_stats all  \" data-element-id=\"13661\" style=\"\"><i class=\"pvc-stats-icon medium\" aria-hidden=\"true\"><svg aria-hidden=\"true\" focusable=\"false\" data-prefix=\"far\" data-icon=\"chart-bar\" role=\"img\" xmlns=\"http:\/\/www.w3.org\/2000\/svg\" viewBox=\"0 0 512 512\" class=\"svg-inline--fa fa-chart-bar fa-w-16 fa-2x\"><path fill=\"currentColor\" d=\"M396.8 352h22.4c6.4 0 12.8-6.4 12.8-12.8V108.8c0-6.4-6.4-12.8-12.8-12.8h-22.4c-6.4 0-12.8 6.4-12.8 12.8v230.4c0 6.4 6.4 12.8 12.8 12.8zm-192 0h22.4c6.4 0 12.8-6.4 12.8-12.8V140.8c0-6.4-6.4-12.8-12.8-12.8h-22.4c-6.4 0-12.8 6.4-12.8 12.8v198.4c0 6.4 6.4 12.8 12.8 12.8zm96 0h22.4c6.4 0 12.8-6.4 12.8-12.8V204.8c0-6.4-6.4-12.8-12.8-12.8h-22.4c-6.4 0-12.8 6.4-12.8 12.8v134.4c0 6.4 6.4 12.8 12.8 12.8zM496 400H48V80c0-8.84-7.16-16-16-16H16C7.16 64 0 71.16 0 80v336c0 17.67 14.33 32 32 32h464c8.84 0 16-7.16 16-16v-16c0-8.84-7.16-16-16-16zm-387.2-48h22.4c6.4 0 12.8-6.4 12.8-12.8v-70.4c0-6.4-6.4-12.8-12.8-12.8h-22.4c-6.4 0-12.8 6.4-12.8 12.8v70.4c0 6.4 6.4 12.8 12.8 12.8z\" class=\"\"><\/path><\/svg><\/i> <\/p>\n<div class=\"pvc_clear\"><\/div>\n<div class=\"print\"><span class=\"page_title\">P\u00e1gina: <span>El Gobierno de Canarias valora el excelente trabajo de las fuerzas y cuerpos de seguridad para garantizar la integridad de los ciudadanos y de los efectivos contraincendios<\/span><\/span>\n\t\t\t\t\t\t\t\t\t\t\t<span class=\"page_title\">Fecha de impresi\u00f3n: <span>29\/04\/2026 - 17:16:32 UTC<\/span><\/span>\n\t\t\t\t\t\t\t\t\t\t\t<span class=\"stmp_trans_date\">\u00daltima actualizaci\u00f3n: <span>22\/08\/2023 - 12:59:44<\/span><\/span>\n\t\t\t\t\t\t\t\t\t\t\t<span class=\"stmp_trans_date\">Fecha publicaci\u00f3n: <span>21\/08\/2023 - 12:58:20<\/span><\/span>\n\t\t\t\t\t\t\t\t\t\t\t<span class=\"stmp_trans_date\">Fecha creaci\u00f3n: <span>21\/08\/2023 - 12:58:20<\/span><\/span><\/div>\n\t","protected":false},"excerpt":{"rendered":"<p>La consejera de Presidencia, Administraciones P\u00fablicas, Justicia y Seguridad del Gobierno de Canarias, Nieves Lady Barreto, ha valorado hoy el excelente trabajo de las Fuerza y Cuerpos que integran el dispositivo de seguridad de la emergencia en el incendio forestal que afecta desde la madrugada&#8230;<\/p>\n<div class=\"pvc_clear\"><\/div>\n<p id=\"pvc_stats_13661\" class=\"pvc_stats all  \" data-element-id=\"13661\" style=\"\"><i class=\"pvc-stats-icon medium\" aria-hidden=\"true\"><svg aria-hidden=\"true\" focusable=\"false\" data-prefix=\"far\" data-icon=\"chart-bar\" role=\"img\" xmlns=\"http:\/\/www.w3.org\/2000\/svg\" viewBox=\"0 0 512 512\" class=\"svg-inline--fa fa-chart-bar fa-w-16 fa-2x\"><path fill=\"currentColor\" d=\"M396.8 352h22.4c6.4 0 12.8-6.4 12.8-12.8V108.8c0-6.4-6.4-12.8-12.8-12.8h-22.4c-6.4 0-12.8 6.4-12.8 12.8v230.4c0 6.4 6.4 12.8 12.8 12.8zm-192 0h22.4c6.4 0 12.8-6.4 12.8-12.8V140.8c0-6.4-6.4-12.8-12.8-12.8h-22.4c-6.4 0-12.8 6.4-12.8 12.8v198.4c0 6.4 6.4 12.8 12.8 12.8zm96 0h22.4c6.4 0 12.8-6.4 12.8-12.8V204.8c0-6.4-6.4-12.8-12.8-12.8h-22.4c-6.4 0-12.8 6.4-12.8 12.8v134.4c0 6.4 6.4 12.8 12.8 12.8zM496 400H48V80c0-8.84-7.16-16-16-16H16C7.16 64 0 71.16 0 80v336c0 17.67 14.33 32 32 32h464c8.84 0 16-7.16 16-16v-16c0-8.84-7.16-16-16-16zm-387.2-48h22.4c6.4 0 12.8-6.4 12.8-12.8v-70.4c0-6.4-6.4-12.8-12.8-12.8h-22.4c-6.4 0-12.8 6.4-12.8 12.8v70.4c0 6.4 6.4 12.8 12.8 12.8z\" class=\"\"><\/path><\/svg><\/i> <img loading=\"lazy\" decoding=\"async\" width=\"16\" height=\"16\" alt=\"Loading\" src=\"https:\/\/www.gsccanarias.com\/gsc\/wp-content\/plugins\/page-views-count\/ajax-loader-2x.gif\" border=0 \/><\/p>\n<div class=\"pvc_clear\"><\/div>\n","protected":false},"author":2,"featured_media":13662,"comment_status":"open","ping_status":"open","sticky":false,"template":"","format":"standard","meta":{"footnotes":""},"categories":[35,36],"tags":[],"class_list":["post-13661","post","type-post","status-publish","format-standard","has-post-thumbnail","hentry","category-noticias","category-ultimas-noticias"],"a3_pvc":{"activated":true,"total_views":126,"today_views":0},"yoast_head":"<!-- This site is optimized with the Yoast SEO plugin v27.5 - https:\/\/yoast.com\/product\/yoast-seo-wordpress\/ -->\n<title>El Gobierno de Canarias valora el excelente trabajo de las fuerzas y cuerpos de seguridad para garantizar la integridad de los ciudadanos y de los efectivos contraincendios - GSC<\/title>\n<meta name=\"robots\" content=\"index, follow, max-snippet:-1, max-image-preview:large, max-video-preview:-1\" \/>\n<link rel=\"canonical\" href=\"https:\/\/www.gsccanarias.com\/gsc\/el-gobierno-de-canarias-valora-el-excelente-trabajo-de-las-fuerzas-y-cuerpos-de-seguridad-para-garantizar-la-integridad-de-los-ciudadanos-y-de-los-efectivos-contraincendios\/\" \/>\n<meta property=\"og:locale\" content=\"es_ES\" \/>\n<meta property=\"og:type\" content=\"article\" \/>\n<meta property=\"og:title\" content=\"El Gobierno de Canarias valora el excelente trabajo de las fuerzas y cuerpos de seguridad para garantizar la integridad de los ciudadanos y de los efectivos contraincendios - GSC\" \/>\n<meta property=\"og:description\" content=\"La consejera de Presidencia, Administraciones P\u00fablicas, Justicia y Seguridad del Gobierno de Canarias, Nieves Lady Barreto, ha valorado hoy el excelente trabajo de las Fuerza y Cuerpos que integran el dispositivo de seguridad de la emergencia en el incendio forestal que afecta desde la madrugada...\" \/>\n<meta property=\"og:url\" content=\"https:\/\/www.gsccanarias.com\/gsc\/el-gobierno-de-canarias-valora-el-excelente-trabajo-de-las-fuerzas-y-cuerpos-de-seguridad-para-garantizar-la-integridad-de-los-ciudadanos-y-de-los-efectivos-contraincendios\/\" \/>\n<meta property=\"og:site_name\" content=\"GSC\" \/>\n<meta property=\"article:published_time\" content=\"2023-08-21T12:58:20+00:00\" \/>\n<meta property=\"article:modified_time\" content=\"2023-08-22T12:59:44+00:00\" \/>\n<meta property=\"og:image\" content=\"https:\/\/www.gsccanarias.com\/gsc\/wp-content\/uploads\/2023\/08\/La-consejera-Nieves-Lady-Barrtero-con-los-responsables-del-dispositivo-de-seguridad.jpeg\" \/>\n\t<meta property=\"og:image:width\" content=\"1466\" \/>\n\t<meta property=\"og:image:height\" content=\"918\" \/>\n\t<meta property=\"og:image:type\" content=\"image\/jpeg\" \/>\n<meta name=\"author\" content=\"Laura Otero Bautista\" \/>\n<meta name=\"twitter:card\" content=\"summary_large_image\" \/>\n<meta name=\"twitter:label1\" content=\"Escrito por\" \/>\n\t<meta name=\"twitter:data1\" content=\"Laura Otero Bautista\" \/>\n\t<meta name=\"twitter:label2\" content=\"Tiempo de lectura\" \/>\n\t<meta name=\"twitter:data2\" content=\"3 minutos\" \/>\n<script type=\"application\/ld+json\" class=\"yoast-schema-graph\">{\"@context\":\"https:\\\/\\\/schema.org\",\"@graph\":[{\"@type\":\"Article\",\"@id\":\"https:\\\/\\\/www.gsccanarias.com\\\/gsc\\\/el-gobierno-de-canarias-valora-el-excelente-trabajo-de-las-fuerzas-y-cuerpos-de-seguridad-para-garantizar-la-integridad-de-los-ciudadanos-y-de-los-efectivos-contraincendios\\\/#article\",\"isPartOf\":{\"@id\":\"https:\\\/\\\/www.gsccanarias.com\\\/gsc\\\/el-gobierno-de-canarias-valora-el-excelente-trabajo-de-las-fuerzas-y-cuerpos-de-seguridad-para-garantizar-la-integridad-de-los-ciudadanos-y-de-los-efectivos-contraincendios\\\/\"},\"author\":{\"name\":\"Laura Otero Bautista\",\"@id\":\"https:\\\/\\\/www.gsccanarias.com\\\/gsc\\\/#\\\/schema\\\/person\\\/b8c013c501758bed823e398f9867c23b\"},\"headline\":\"El Gobierno de Canarias valora el excelente trabajo de las fuerzas y cuerpos de seguridad para garantizar la integridad de los ciudadanos y de los efectivos contraincendios\",\"datePublished\":\"2023-08-21T12:58:20+00:00\",\"dateModified\":\"2023-08-22T12:59:44+00:00\",\"mainEntityOfPage\":{\"@id\":\"https:\\\/\\\/www.gsccanarias.com\\\/gsc\\\/el-gobierno-de-canarias-valora-el-excelente-trabajo-de-las-fuerzas-y-cuerpos-de-seguridad-para-garantizar-la-integridad-de-los-ciudadanos-y-de-los-efectivos-contraincendios\\\/\"},\"wordCount\":720,\"commentCount\":0,\"image\":{\"@id\":\"https:\\\/\\\/www.gsccanarias.com\\\/gsc\\\/el-gobierno-de-canarias-valora-el-excelente-trabajo-de-las-fuerzas-y-cuerpos-de-seguridad-para-garantizar-la-integridad-de-los-ciudadanos-y-de-los-efectivos-contraincendios\\\/#primaryimage\"},\"thumbnailUrl\":\"https:\\\/\\\/www.gsccanarias.com\\\/gsc\\\/wp-content\\\/uploads\\\/2023\\\/08\\\/La-consejera-Nieves-Lady-Barrtero-con-los-responsables-del-dispositivo-de-seguridad.jpeg\",\"articleSection\":[\"Noticias\",\"\u00daltimas noticias\"],\"inLanguage\":\"es\",\"potentialAction\":[{\"@type\":\"CommentAction\",\"name\":\"Comment\",\"target\":[\"https:\\\/\\\/www.gsccanarias.com\\\/gsc\\\/el-gobierno-de-canarias-valora-el-excelente-trabajo-de-las-fuerzas-y-cuerpos-de-seguridad-para-garantizar-la-integridad-de-los-ciudadanos-y-de-los-efectivos-contraincendios\\\/#respond\"]}]},{\"@type\":\"WebPage\",\"@id\":\"https:\\\/\\\/www.gsccanarias.com\\\/gsc\\\/el-gobierno-de-canarias-valora-el-excelente-trabajo-de-las-fuerzas-y-cuerpos-de-seguridad-para-garantizar-la-integridad-de-los-ciudadanos-y-de-los-efectivos-contraincendios\\\/\",\"url\":\"https:\\\/\\\/www.gsccanarias.com\\\/gsc\\\/el-gobierno-de-canarias-valora-el-excelente-trabajo-de-las-fuerzas-y-cuerpos-de-seguridad-para-garantizar-la-integridad-de-los-ciudadanos-y-de-los-efectivos-contraincendios\\\/\",\"name\":\"El Gobierno de Canarias valora el excelente trabajo de las fuerzas y cuerpos de seguridad para garantizar la integridad de los ciudadanos y de los efectivos contraincendios - GSC\",\"isPartOf\":{\"@id\":\"https:\\\/\\\/www.gsccanarias.com\\\/gsc\\\/#website\"},\"primaryImageOfPage\":{\"@id\":\"https:\\\/\\\/www.gsccanarias.com\\\/gsc\\\/el-gobierno-de-canarias-valora-el-excelente-trabajo-de-las-fuerzas-y-cuerpos-de-seguridad-para-garantizar-la-integridad-de-los-ciudadanos-y-de-los-efectivos-contraincendios\\\/#primaryimage\"},\"image\":{\"@id\":\"https:\\\/\\\/www.gsccanarias.com\\\/gsc\\\/el-gobierno-de-canarias-valora-el-excelente-trabajo-de-las-fuerzas-y-cuerpos-de-seguridad-para-garantizar-la-integridad-de-los-ciudadanos-y-de-los-efectivos-contraincendios\\\/#primaryimage\"},\"thumbnailUrl\":\"https:\\\/\\\/www.gsccanarias.com\\\/gsc\\\/wp-content\\\/uploads\\\/2023\\\/08\\\/La-consejera-Nieves-Lady-Barrtero-con-los-responsables-del-dispositivo-de-seguridad.jpeg\",\"datePublished\":\"2023-08-21T12:58:20+00:00\",\"dateModified\":\"2023-08-22T12:59:44+00:00\",\"author\":{\"@id\":\"https:\\\/\\\/www.gsccanarias.com\\\/gsc\\\/#\\\/schema\\\/person\\\/b8c013c501758bed823e398f9867c23b\"},\"breadcrumb\":{\"@id\":\"https:\\\/\\\/www.gsccanarias.com\\\/gsc\\\/el-gobierno-de-canarias-valora-el-excelente-trabajo-de-las-fuerzas-y-cuerpos-de-seguridad-para-garantizar-la-integridad-de-los-ciudadanos-y-de-los-efectivos-contraincendios\\\/#breadcrumb\"},\"inLanguage\":\"es\",\"potentialAction\":[{\"@type\":\"ReadAction\",\"target\":[\"https:\\\/\\\/www.gsccanarias.com\\\/gsc\\\/el-gobierno-de-canarias-valora-el-excelente-trabajo-de-las-fuerzas-y-cuerpos-de-seguridad-para-garantizar-la-integridad-de-los-ciudadanos-y-de-los-efectivos-contraincendios\\\/\"]}]},{\"@type\":\"ImageObject\",\"inLanguage\":\"es\",\"@id\":\"https:\\\/\\\/www.gsccanarias.com\\\/gsc\\\/el-gobierno-de-canarias-valora-el-excelente-trabajo-de-las-fuerzas-y-cuerpos-de-seguridad-para-garantizar-la-integridad-de-los-ciudadanos-y-de-los-efectivos-contraincendios\\\/#primaryimage\",\"url\":\"https:\\\/\\\/www.gsccanarias.com\\\/gsc\\\/wp-content\\\/uploads\\\/2023\\\/08\\\/La-consejera-Nieves-Lady-Barrtero-con-los-responsables-del-dispositivo-de-seguridad.jpeg\",\"contentUrl\":\"https:\\\/\\\/www.gsccanarias.com\\\/gsc\\\/wp-content\\\/uploads\\\/2023\\\/08\\\/La-consejera-Nieves-Lady-Barrtero-con-los-responsables-del-dispositivo-de-seguridad.jpeg\",\"width\":1466,\"height\":918},{\"@type\":\"BreadcrumbList\",\"@id\":\"https:\\\/\\\/www.gsccanarias.com\\\/gsc\\\/el-gobierno-de-canarias-valora-el-excelente-trabajo-de-las-fuerzas-y-cuerpos-de-seguridad-para-garantizar-la-integridad-de-los-ciudadanos-y-de-los-efectivos-contraincendios\\\/#breadcrumb\",\"itemListElement\":[{\"@type\":\"ListItem\",\"position\":1,\"name\":\"Portada\",\"item\":\"https:\\\/\\\/www.gsccanarias.com\\\/gsc\\\/\"},{\"@type\":\"ListItem\",\"position\":2,\"name\":\"El Gobierno de Canarias valora el excelente trabajo de las fuerzas y cuerpos de seguridad para garantizar la integridad de los ciudadanos y de los efectivos contraincendios\"}]},{\"@type\":\"WebSite\",\"@id\":\"https:\\\/\\\/www.gsccanarias.com\\\/gsc\\\/#website\",\"url\":\"https:\\\/\\\/www.gsccanarias.com\\\/gsc\\\/\",\"name\":\"GSC\",\"description\":\"Administramos servicios relacionados con la salud, las emergencias, la seguridad y el transporte sanitario\",\"potentialAction\":[{\"@type\":\"SearchAction\",\"target\":{\"@type\":\"EntryPoint\",\"urlTemplate\":\"https:\\\/\\\/www.gsccanarias.com\\\/gsc\\\/?s={search_term_string}\"},\"query-input\":{\"@type\":\"PropertyValueSpecification\",\"valueRequired\":true,\"valueName\":\"search_term_string\"}}],\"inLanguage\":\"es\"},{\"@type\":\"Person\",\"@id\":\"https:\\\/\\\/www.gsccanarias.com\\\/gsc\\\/#\\\/schema\\\/person\\\/b8c013c501758bed823e398f9867c23b\",\"name\":\"Laura Otero Bautista\",\"image\":{\"@type\":\"ImageObject\",\"inLanguage\":\"es\",\"@id\":\"https:\\\/\\\/secure.gravatar.com\\\/avatar\\\/489330f16359973f16321af73ed16e79f9acbd1694d0b94d73f3dfdd0c25646d?s=96&d=mm&r=g\",\"url\":\"https:\\\/\\\/secure.gravatar.com\\\/avatar\\\/489330f16359973f16321af73ed16e79f9acbd1694d0b94d73f3dfdd0c25646d?s=96&d=mm&r=g\",\"contentUrl\":\"https:\\\/\\\/secure.gravatar.com\\\/avatar\\\/489330f16359973f16321af73ed16e79f9acbd1694d0b94d73f3dfdd0c25646d?s=96&d=mm&r=g\",\"caption\":\"Laura Otero Bautista\"},\"url\":\"https:\\\/\\\/www.gsccanarias.com\\\/gsc\\\/author\\\/laura\\\/\"}]}<\/script>\n<!-- \/ Yoast SEO plugin. -->","yoast_head_json":{"title":"El Gobierno de Canarias valora el excelente trabajo de las fuerzas y cuerpos de seguridad para garantizar la integridad de los ciudadanos y de los efectivos contraincendios - GSC","robots":{"index":"index","follow":"follow","max-snippet":"max-snippet:-1","max-image-preview":"max-image-preview:large","max-video-preview":"max-video-preview:-1"},"canonical":"https:\/\/www.gsccanarias.com\/gsc\/el-gobierno-de-canarias-valora-el-excelente-trabajo-de-las-fuerzas-y-cuerpos-de-seguridad-para-garantizar-la-integridad-de-los-ciudadanos-y-de-los-efectivos-contraincendios\/","og_locale":"es_ES","og_type":"article","og_title":"El Gobierno de Canarias valora el excelente trabajo de las fuerzas y cuerpos de seguridad para garantizar la integridad de los ciudadanos y de los efectivos contraincendios - GSC","og_description":"La consejera de Presidencia, Administraciones P\u00fablicas, Justicia y Seguridad del Gobierno de Canarias, Nieves Lady Barreto, ha valorado hoy el excelente trabajo de las Fuerza y Cuerpos que integran el dispositivo de seguridad de la emergencia en el incendio forestal que afecta desde la madrugada...","og_url":"https:\/\/www.gsccanarias.com\/gsc\/el-gobierno-de-canarias-valora-el-excelente-trabajo-de-las-fuerzas-y-cuerpos-de-seguridad-para-garantizar-la-integridad-de-los-ciudadanos-y-de-los-efectivos-contraincendios\/","og_site_name":"GSC","article_published_time":"2023-08-21T12:58:20+00:00","article_modified_time":"2023-08-22T12:59:44+00:00","og_image":[{"width":1466,"height":918,"url":"https:\/\/www.gsccanarias.com\/gsc\/wp-content\/uploads\/2023\/08\/La-consejera-Nieves-Lady-Barrtero-con-los-responsables-del-dispositivo-de-seguridad.jpeg","type":"image\/jpeg"}],"author":"Laura Otero Bautista","twitter_card":"summary_large_image","twitter_misc":{"Escrito por":"Laura Otero Bautista","Tiempo de lectura":"3 minutos"},"schema":{"@context":"https:\/\/schema.org","@graph":[{"@type":"Article","@id":"https:\/\/www.gsccanarias.com\/gsc\/el-gobierno-de-canarias-valora-el-excelente-trabajo-de-las-fuerzas-y-cuerpos-de-seguridad-para-garantizar-la-integridad-de-los-ciudadanos-y-de-los-efectivos-contraincendios\/#article","isPartOf":{"@id":"https:\/\/www.gsccanarias.com\/gsc\/el-gobierno-de-canarias-valora-el-excelente-trabajo-de-las-fuerzas-y-cuerpos-de-seguridad-para-garantizar-la-integridad-de-los-ciudadanos-y-de-los-efectivos-contraincendios\/"},"author":{"name":"Laura Otero Bautista","@id":"https:\/\/www.gsccanarias.com\/gsc\/#\/schema\/person\/b8c013c501758bed823e398f9867c23b"},"headline":"El Gobierno de Canarias valora el excelente trabajo de las fuerzas y cuerpos de seguridad para garantizar la integridad de los ciudadanos y de los efectivos contraincendios","datePublished":"2023-08-21T12:58:20+00:00","dateModified":"2023-08-22T12:59:44+00:00","mainEntityOfPage":{"@id":"https:\/\/www.gsccanarias.com\/gsc\/el-gobierno-de-canarias-valora-el-excelente-trabajo-de-las-fuerzas-y-cuerpos-de-seguridad-para-garantizar-la-integridad-de-los-ciudadanos-y-de-los-efectivos-contraincendios\/"},"wordCount":720,"commentCount":0,"image":{"@id":"https:\/\/www.gsccanarias.com\/gsc\/el-gobierno-de-canarias-valora-el-excelente-trabajo-de-las-fuerzas-y-cuerpos-de-seguridad-para-garantizar-la-integridad-de-los-ciudadanos-y-de-los-efectivos-contraincendios\/#primaryimage"},"thumbnailUrl":"https:\/\/www.gsccanarias.com\/gsc\/wp-content\/uploads\/2023\/08\/La-consejera-Nieves-Lady-Barrtero-con-los-responsables-del-dispositivo-de-seguridad.jpeg","articleSection":["Noticias","\u00daltimas noticias"],"inLanguage":"es","potentialAction":[{"@type":"CommentAction","name":"Comment","target":["https:\/\/www.gsccanarias.com\/gsc\/el-gobierno-de-canarias-valora-el-excelente-trabajo-de-las-fuerzas-y-cuerpos-de-seguridad-para-garantizar-la-integridad-de-los-ciudadanos-y-de-los-efectivos-contraincendios\/#respond"]}]},{"@type":"WebPage","@id":"https:\/\/www.gsccanarias.com\/gsc\/el-gobierno-de-canarias-valora-el-excelente-trabajo-de-las-fuerzas-y-cuerpos-de-seguridad-para-garantizar-la-integridad-de-los-ciudadanos-y-de-los-efectivos-contraincendios\/","url":"https:\/\/www.gsccanarias.com\/gsc\/el-gobierno-de-canarias-valora-el-excelente-trabajo-de-las-fuerzas-y-cuerpos-de-seguridad-para-garantizar-la-integridad-de-los-ciudadanos-y-de-los-efectivos-contraincendios\/","name":"El Gobierno de Canarias valora el excelente trabajo de las fuerzas y cuerpos de seguridad para garantizar la integridad de los ciudadanos y de los efectivos contraincendios - GSC","isPartOf":{"@id":"https:\/\/www.gsccanarias.com\/gsc\/#website"},"primaryImageOfPage":{"@id":"https:\/\/www.gsccanarias.com\/gsc\/el-gobierno-de-canarias-valora-el-excelente-trabajo-de-las-fuerzas-y-cuerpos-de-seguridad-para-garantizar-la-integridad-de-los-ciudadanos-y-de-los-efectivos-contraincendios\/#primaryimage"},"image":{"@id":"https:\/\/www.gsccanarias.com\/gsc\/el-gobierno-de-canarias-valora-el-excelente-trabajo-de-las-fuerzas-y-cuerpos-de-seguridad-para-garantizar-la-integridad-de-los-ciudadanos-y-de-los-efectivos-contraincendios\/#primaryimage"},"thumbnailUrl":"https:\/\/www.gsccanarias.com\/gsc\/wp-content\/uploads\/2023\/08\/La-consejera-Nieves-Lady-Barrtero-con-los-responsables-del-dispositivo-de-seguridad.jpeg","datePublished":"2023-08-21T12:58:20+00:00","dateModified":"2023-08-22T12:59:44+00:00","author":{"@id":"https:\/\/www.gsccanarias.com\/gsc\/#\/schema\/person\/b8c013c501758bed823e398f9867c23b"},"breadcrumb":{"@id":"https:\/\/www.gsccanarias.com\/gsc\/el-gobierno-de-canarias-valora-el-excelente-trabajo-de-las-fuerzas-y-cuerpos-de-seguridad-para-garantizar-la-integridad-de-los-ciudadanos-y-de-los-efectivos-contraincendios\/#breadcrumb"},"inLanguage":"es","potentialAction":[{"@type":"ReadAction","target":["https:\/\/www.gsccanarias.com\/gsc\/el-gobierno-de-canarias-valora-el-excelente-trabajo-de-las-fuerzas-y-cuerpos-de-seguridad-para-garantizar-la-integridad-de-los-ciudadanos-y-de-los-efectivos-contraincendios\/"]}]},{"@type":"ImageObject","inLanguage":"es","@id":"https:\/\/www.gsccanarias.com\/gsc\/el-gobierno-de-canarias-valora-el-excelente-trabajo-de-las-fuerzas-y-cuerpos-de-seguridad-para-garantizar-la-integridad-de-los-ciudadanos-y-de-los-efectivos-contraincendios\/#primaryimage","url":"https:\/\/www.gsccanarias.com\/gsc\/wp-content\/uploads\/2023\/08\/La-consejera-Nieves-Lady-Barrtero-con-los-responsables-del-dispositivo-de-seguridad.jpeg","contentUrl":"https:\/\/www.gsccanarias.com\/gsc\/wp-content\/uploads\/2023\/08\/La-consejera-Nieves-Lady-Barrtero-con-los-responsables-del-dispositivo-de-seguridad.jpeg","width":1466,"height":918},{"@type":"BreadcrumbList","@id":"https:\/\/www.gsccanarias.com\/gsc\/el-gobierno-de-canarias-valora-el-excelente-trabajo-de-las-fuerzas-y-cuerpos-de-seguridad-para-garantizar-la-integridad-de-los-ciudadanos-y-de-los-efectivos-contraincendios\/#breadcrumb","itemListElement":[{"@type":"ListItem","position":1,"name":"Portada","item":"https:\/\/www.gsccanarias.com\/gsc\/"},{"@type":"ListItem","position":2,"name":"El Gobierno de Canarias valora el excelente trabajo de las fuerzas y cuerpos de seguridad para garantizar la integridad de los ciudadanos y de los efectivos contraincendios"}]},{"@type":"WebSite","@id":"https:\/\/www.gsccanarias.com\/gsc\/#website","url":"https:\/\/www.gsccanarias.com\/gsc\/","name":"GSC","description":"Administramos servicios relacionados con la salud, las emergencias, la seguridad y el transporte sanitario","potentialAction":[{"@type":"SearchAction","target":{"@type":"EntryPoint","urlTemplate":"https:\/\/www.gsccanarias.com\/gsc\/?s={search_term_string}"},"query-input":{"@type":"PropertyValueSpecification","valueRequired":true,"valueName":"search_term_string"}}],"inLanguage":"es"},{"@type":"Person","@id":"https:\/\/www.gsccanarias.com\/gsc\/#\/schema\/person\/b8c013c501758bed823e398f9867c23b","name":"Laura Otero Bautista","image":{"@type":"ImageObject","inLanguage":"es","@id":"https:\/\/secure.gravatar.com\/avatar\/489330f16359973f16321af73ed16e79f9acbd1694d0b94d73f3dfdd0c25646d?s=96&d=mm&r=g","url":"https:\/\/secure.gravatar.com\/avatar\/489330f16359973f16321af73ed16e79f9acbd1694d0b94d73f3dfdd0c25646d?s=96&d=mm&r=g","contentUrl":"https:\/\/secure.gravatar.com\/avatar\/489330f16359973f16321af73ed16e79f9acbd1694d0b94d73f3dfdd0c25646d?s=96&d=mm&r=g","caption":"Laura Otero Bautista"},"url":"https:\/\/www.gsccanarias.com\/gsc\/author\/laura\/"}]}},"publishpress_future_workflow_manual_trigger":{"enabledWorkflows":[]},"_links":{"self":[{"href":"https:\/\/www.gsccanarias.com\/gsc\/wp-json\/wp\/v2\/posts\/13661","targetHints":{"allow":["GET"]}}],"collection":[{"href":"https:\/\/www.gsccanarias.com\/gsc\/wp-json\/wp\/v2\/posts"}],"about":[{"href":"https:\/\/www.gsccanarias.com\/gsc\/wp-json\/wp\/v2\/types\/post"}],"author":[{"embeddable":true,"href":"https:\/\/www.gsccanarias.com\/gsc\/wp-json\/wp\/v2\/users\/2"}],"replies":[{"embeddable":true,"href":"https:\/\/www.gsccanarias.com\/gsc\/wp-json\/wp\/v2\/comments?post=13661"}],"version-history":[{"count":1,"href":"https:\/\/www.gsccanarias.com\/gsc\/wp-json\/wp\/v2\/posts\/13661\/revisions"}],"predecessor-version":[{"id":13663,"href":"https:\/\/www.gsccanarias.com\/gsc\/wp-json\/wp\/v2\/posts\/13661\/revisions\/13663"}],"wp:featuredmedia":[{"embeddable":true,"href":"https:\/\/www.gsccanarias.com\/gsc\/wp-json\/wp\/v2\/media\/13662"}],"wp:attachment":[{"href":"https:\/\/www.gsccanarias.com\/gsc\/wp-json\/wp\/v2\/media?parent=13661"}],"wp:term":[{"taxonomy":"category","embeddable":true,"href":"https:\/\/www.gsccanarias.com\/gsc\/wp-json\/wp\/v2\/categories?post=13661"},{"taxonomy":"post_tag","embeddable":true,"href":"https:\/\/www.gsccanarias.com\/gsc\/wp-json\/wp\/v2\/tags?post=13661"}],"curies":[{"name":"wp","href":"https:\/\/api.w.org\/{rel}","templated":true}]}}