{"id":13589,"date":"2023-08-16T11:06:37","date_gmt":"2023-08-16T11:06:37","guid":{"rendered":"https:\/\/www.gsccanarias.com\/gsc\/?p=13589"},"modified":"2023-08-16T11:06:37","modified_gmt":"2023-08-16T11:06:37","slug":"el-incendio-forestal-de-tenerife-obliga-a-extremar-la-precaucion-y-cerrar-todos-los-accesos-al-monte","status":"publish","type":"post","link":"https:\/\/www.gsccanarias.com\/gsc\/el-incendio-forestal-de-tenerife-obliga-a-extremar-la-precaucion-y-cerrar-todos-los-accesos-al-monte\/","title":{"rendered":"El incendio forestal de Tenerife obliga a extremar la precauci\u00f3n y cerrar todos los accesos al monte"},"content":{"rendered":"<blockquote><p>Trabajan 11 medios a\u00e9reos, uno de ellos de coordinaci\u00f3n, junto a 150 combatientes por tierra de distintas administraciones<\/p>\n<p>La Unidad Militar de Emergencias ya se ha movilizado y se incorpora al dispositivo<\/p><\/blockquote>\n<p><strong>El presidente de Canarias, Fernando Clavijo, ha pedido m\u00e1xima precauci\u00f3n a la\u00a0 ciudadan\u00eda porque nos enfrentamos a un incendio forestal \u201ccomplicado\u201d, con un frente muy amplio que afecta a las cumbres de Arafo y Candelaria, donde las primeras horas ser\u00e1n fundamentales para que no se extienda a otros municipios. En este sentido, el presidente ha solicitado a todos los alcaldes que cierren los accesos al monte, como medida preventiva, y ha contactado con el Ministerio para que el Estado movilice m\u00e1s medios si fuera necesario, en funci\u00f3n de la evoluci\u00f3n.<\/strong><\/p>\n<p>Por el momento se encuentran trabajando en la zona 10 medios a\u00e9reos y uno de coordinaci\u00f3n, adem\u00e1s de 150 combatientes terrestres de distintas administraciones. Un batall\u00f3n de la Unidad Militar de Emergencias ya se ha movilizado y se incorpora al dispositivo con 50 efectivos.<\/p>\n<p>Los esfuerzos se centran en evitar que alcance los n\u00facleos de poblaci\u00f3n. Al respecto, Pedro Mart\u00ednez, jefe de servicio del Cabildo de Tenerife, explic\u00f3 que el incendio comenz\u00f3 en una zona de pinar muy cerca de la dorsal y la meteorolog\u00eda lo empujaba hacia Santa Cruz de Tenerife y hacia las poblaciones de cotas inferiores. Por esa raz\u00f3n, durante la noche el ataque se concentr\u00f3 en detener el avance a zonas pobladas y se estableci\u00f3 una l\u00ednea de control en la carretera de Los Loros para evitar que creciera en direcci\u00f3n sur.<\/p>\n<p>\u201cEl comportamiento del incendio s\u00ed nos ha permitido trabajar en el flanco oeste -explic\u00f3 Pedro Mart\u00ednez- donde los resultados est\u00e1n siendo bastante efectivos y el\u00a0 objetivo en el d\u00eda de hoy es frenar el avance hacia zonas habitadas e impedir que se abra hacia el oeste\u201d.<\/p>\n<p>Una de las zonas m\u00e1s complicadas es el Barranco de Chese, que tiene una apertura grande hacia la dorsal y es por donde el incendio se ha propagado con bastante intensidad y en donde se han provocado focos secundarios hacia el municipio de La Victoria, que se est\u00e1n intentando reducir con medios a\u00e9reos, seg\u00fan explic\u00f3 Martinez.<\/p>\n<p>El avance previsto del incendio es hacia el municipio de El Rosario, raz\u00f3n por la que se est\u00e1 procediendo al desalojo preventivo de la zona de Las Lagunetas.<\/p>\n<p>La presidenta del Cabildo, Rosa D\u00e1vila, anunci\u00f3 que se realizar\u00e1 tambi\u00e9n una evacuaci\u00f3n a partir del kil\u00f3metro 3 de la TF-523, que comprende principalmente n\u00facleos poblacionales dispersos.<\/p>\n<p>El fuego oblig\u00f3 anoche el desalojo de manera preventiva Arrate, Chivisaya, Media Monta\u00f1a y Ajafona. Para los desplazados se ha habilitado un albergue en el Colegio Andr\u00e9s Orozco en Arafo, aunque la mayor parte de las personas evacuadas se han realojado en casas de familiares.<\/p>\n<p>Debido a la dimensi\u00f3n del incendio, el Cabildo de Tenerife solicit\u00f3 esta madrugada al Gobierno el paso a nivel 2 de gravedad, asumiendo la direcci\u00f3n de la emergencia el Gobierno de Canarias, en aplicaci\u00f3n del Plan Especial de Protecci\u00f3n Civil y Atenci\u00f3n de Emergencias por Incendios Forestales en la Comunidad Aut\u00f3noma de Canarias (INFOCA).<\/p>\n<p>A primera hora de esta ma\u00f1ana se ha trasladado desde Fuerteventura el consejero de Pol\u00edtica Territorial, Cohesi\u00f3n Territorial y Aguas, Manuel Miranda, que como responsable de Emergencias se hace cargo de la direcci\u00f3n del INFOCA.<\/p>\n<div class=\"pvc_clear\"><\/div>\n<p id=\"pvc_stats_13589\" class=\"pvc_stats all  \" data-element-id=\"13589\" style=\"\"><i class=\"pvc-stats-icon medium\" aria-hidden=\"true\"><svg aria-hidden=\"true\" focusable=\"false\" data-prefix=\"far\" data-icon=\"chart-bar\" role=\"img\" xmlns=\"http:\/\/www.w3.org\/2000\/svg\" viewBox=\"0 0 512 512\" class=\"svg-inline--fa fa-chart-bar fa-w-16 fa-2x\"><path fill=\"currentColor\" d=\"M396.8 352h22.4c6.4 0 12.8-6.4 12.8-12.8V108.8c0-6.4-6.4-12.8-12.8-12.8h-22.4c-6.4 0-12.8 6.4-12.8 12.8v230.4c0 6.4 6.4 12.8 12.8 12.8zm-192 0h22.4c6.4 0 12.8-6.4 12.8-12.8V140.8c0-6.4-6.4-12.8-12.8-12.8h-22.4c-6.4 0-12.8 6.4-12.8 12.8v198.4c0 6.4 6.4 12.8 12.8 12.8zm96 0h22.4c6.4 0 12.8-6.4 12.8-12.8V204.8c0-6.4-6.4-12.8-12.8-12.8h-22.4c-6.4 0-12.8 6.4-12.8 12.8v134.4c0 6.4 6.4 12.8 12.8 12.8zM496 400H48V80c0-8.84-7.16-16-16-16H16C7.16 64 0 71.16 0 80v336c0 17.67 14.33 32 32 32h464c8.84 0 16-7.16 16-16v-16c0-8.84-7.16-16-16-16zm-387.2-48h22.4c6.4 0 12.8-6.4 12.8-12.8v-70.4c0-6.4-6.4-12.8-12.8-12.8h-22.4c-6.4 0-12.8 6.4-12.8 12.8v70.4c0 6.4 6.4 12.8 12.8 12.8z\" class=\"\"><\/path><\/svg><\/i> <\/p>\n<div class=\"pvc_clear\"><\/div>\n<div class=\"print\"><span class=\"page_title\">P\u00e1gina: <span>El incendio forestal de Tenerife obliga a extremar la precauci\u00f3n y cerrar todos los accesos al monte<\/span><\/span>\n\t\t\t\t\t\t\t\t\t\t\t<span class=\"page_title\">Fecha de impresi\u00f3n: <span>29\/04\/2026 - 16:11:52 UTC<\/span><\/span>\n\t\t\t\t\t\t\t\t\t\t\t<span class=\"stmp_trans_date\">\u00daltima actualizaci\u00f3n: <span>16\/08\/2023 - 11:06:37<\/span><\/span>\n\t\t\t\t\t\t\t\t\t\t\t<span class=\"stmp_trans_date\">Fecha publicaci\u00f3n: <span>16\/08\/2023 - 11:06:37<\/span><\/span>\n\t\t\t\t\t\t\t\t\t\t\t<span class=\"stmp_trans_date\">Fecha creaci\u00f3n: <span>16\/08\/2023 - 11:06:37<\/span><\/span><\/div>\n\t","protected":false},"excerpt":{"rendered":"<p>Trabajan 11 medios a\u00e9reos, uno de ellos de coordinaci\u00f3n, junto a 150 combatientes por tierra de distintas administraciones La Unidad Militar de Emergencias ya se ha movilizado y se incorpora al dispositivo El presidente de Canarias, Fernando Clavijo, ha pedido m\u00e1xima precauci\u00f3n a la\u00a0 ciudadan\u00eda&#8230;<\/p>\n<div class=\"pvc_clear\"><\/div>\n<p id=\"pvc_stats_13589\" class=\"pvc_stats all  \" data-element-id=\"13589\" style=\"\"><i class=\"pvc-stats-icon medium\" aria-hidden=\"true\"><svg aria-hidden=\"true\" focusable=\"false\" data-prefix=\"far\" data-icon=\"chart-bar\" role=\"img\" xmlns=\"http:\/\/www.w3.org\/2000\/svg\" viewBox=\"0 0 512 512\" class=\"svg-inline--fa fa-chart-bar fa-w-16 fa-2x\"><path fill=\"currentColor\" d=\"M396.8 352h22.4c6.4 0 12.8-6.4 12.8-12.8V108.8c0-6.4-6.4-12.8-12.8-12.8h-22.4c-6.4 0-12.8 6.4-12.8 12.8v230.4c0 6.4 6.4 12.8 12.8 12.8zm-192 0h22.4c6.4 0 12.8-6.4 12.8-12.8V140.8c0-6.4-6.4-12.8-12.8-12.8h-22.4c-6.4 0-12.8 6.4-12.8 12.8v198.4c0 6.4 6.4 12.8 12.8 12.8zm96 0h22.4c6.4 0 12.8-6.4 12.8-12.8V204.8c0-6.4-6.4-12.8-12.8-12.8h-22.4c-6.4 0-12.8 6.4-12.8 12.8v134.4c0 6.4 6.4 12.8 12.8 12.8zM496 400H48V80c0-8.84-7.16-16-16-16H16C7.16 64 0 71.16 0 80v336c0 17.67 14.33 32 32 32h464c8.84 0 16-7.16 16-16v-16c0-8.84-7.16-16-16-16zm-387.2-48h22.4c6.4 0 12.8-6.4 12.8-12.8v-70.4c0-6.4-6.4-12.8-12.8-12.8h-22.4c-6.4 0-12.8 6.4-12.8 12.8v70.4c0 6.4 6.4 12.8 12.8 12.8z\" class=\"\"><\/path><\/svg><\/i> <img loading=\"lazy\" decoding=\"async\" width=\"16\" height=\"16\" alt=\"Loading\" src=\"https:\/\/www.gsccanarias.com\/gsc\/wp-content\/plugins\/page-views-count\/ajax-loader-2x.gif\" border=0 \/><\/p>\n<div class=\"pvc_clear\"><\/div>\n","protected":false},"author":4,"featured_media":13590,"comment_status":"open","ping_status":"open","sticky":false,"template":"","format":"standard","meta":{"footnotes":""},"categories":[49],"tags":[],"class_list":["post-13589","post","type-post","status-publish","format-standard","has-post-thumbnail","hentry","category-49"],"a3_pvc":{"activated":true,"total_views":77,"today_views":0},"yoast_head":"<!-- This site is optimized with the Yoast SEO plugin v27.5 - https:\/\/yoast.com\/product\/yoast-seo-wordpress\/ -->\n<title>El incendio forestal de Tenerife obliga a extremar la precauci\u00f3n y cerrar todos los accesos al monte - GSC<\/title>\n<meta name=\"robots\" content=\"index, follow, max-snippet:-1, max-image-preview:large, max-video-preview:-1\" \/>\n<link rel=\"canonical\" href=\"https:\/\/www.gsccanarias.com\/gsc\/el-incendio-forestal-de-tenerife-obliga-a-extremar-la-precaucion-y-cerrar-todos-los-accesos-al-monte\/\" \/>\n<meta property=\"og:locale\" content=\"es_ES\" \/>\n<meta property=\"og:type\" content=\"article\" \/>\n<meta property=\"og:title\" content=\"El incendio forestal de Tenerife obliga a extremar la precauci\u00f3n y cerrar todos los accesos al monte - GSC\" \/>\n<meta property=\"og:description\" content=\"Trabajan 11 medios a\u00e9reos, uno de ellos de coordinaci\u00f3n, junto a 150 combatientes por tierra de distintas administraciones La Unidad Militar de Emergencias ya se ha movilizado y se incorpora al dispositivo El presidente de Canarias, Fernando Clavijo, ha pedido m\u00e1xima precauci\u00f3n a la\u00a0 ciudadan\u00eda...\" \/>\n<meta property=\"og:url\" content=\"https:\/\/www.gsccanarias.com\/gsc\/el-incendio-forestal-de-tenerife-obliga-a-extremar-la-precaucion-y-cerrar-todos-los-accesos-al-monte\/\" \/>\n<meta property=\"og:site_name\" content=\"GSC\" \/>\n<meta property=\"article:published_time\" content=\"2023-08-16T11:06:37+00:00\" \/>\n<meta property=\"og:image\" content=\"https:\/\/www.gsccanarias.com\/gsc\/wp-content\/uploads\/2023\/08\/El-presidente-Clavijo-en-la-rueda-de-prensa-junto-al-resto-de-autoridades.jpeg\" \/>\n\t<meta property=\"og:image:width\" content=\"2000\" \/>\n\t<meta property=\"og:image:height\" content=\"1126\" \/>\n\t<meta property=\"og:image:type\" content=\"image\/jpeg\" \/>\n<meta name=\"author\" content=\"Rosa Carmen Lorenzo Triana\" \/>\n<meta name=\"twitter:card\" content=\"summary_large_image\" \/>\n<meta name=\"twitter:label1\" content=\"Escrito por\" \/>\n\t<meta name=\"twitter:data1\" content=\"Rosa Carmen Lorenzo Triana\" \/>\n\t<meta name=\"twitter:label2\" content=\"Tiempo de lectura\" \/>\n\t<meta name=\"twitter:data2\" content=\"3 minutos\" \/>\n<script type=\"application\/ld+json\" class=\"yoast-schema-graph\">{\"@context\":\"https:\\\/\\\/schema.org\",\"@graph\":[{\"@type\":\"Article\",\"@id\":\"https:\\\/\\\/www.gsccanarias.com\\\/gsc\\\/el-incendio-forestal-de-tenerife-obliga-a-extremar-la-precaucion-y-cerrar-todos-los-accesos-al-monte\\\/#article\",\"isPartOf\":{\"@id\":\"https:\\\/\\\/www.gsccanarias.com\\\/gsc\\\/el-incendio-forestal-de-tenerife-obliga-a-extremar-la-precaucion-y-cerrar-todos-los-accesos-al-monte\\\/\"},\"author\":{\"name\":\"Rosa Carmen Lorenzo Triana\",\"@id\":\"https:\\\/\\\/www.gsccanarias.com\\\/gsc\\\/#\\\/schema\\\/person\\\/6344674ae7d554f04a860ccb99b97e7d\"},\"headline\":\"El incendio forestal de Tenerife obliga a extremar la precauci\u00f3n y cerrar todos los accesos al monte\",\"datePublished\":\"2023-08-16T11:06:37+00:00\",\"mainEntityOfPage\":{\"@id\":\"https:\\\/\\\/www.gsccanarias.com\\\/gsc\\\/el-incendio-forestal-de-tenerife-obliga-a-extremar-la-precaucion-y-cerrar-todos-los-accesos-al-monte\\\/\"},\"wordCount\":605,\"commentCount\":0,\"image\":{\"@id\":\"https:\\\/\\\/www.gsccanarias.com\\\/gsc\\\/el-incendio-forestal-de-tenerife-obliga-a-extremar-la-precaucion-y-cerrar-todos-los-accesos-al-monte\\\/#primaryimage\"},\"thumbnailUrl\":\"https:\\\/\\\/www.gsccanarias.com\\\/gsc\\\/wp-content\\\/uploads\\\/2023\\\/08\\\/El-presidente-Clavijo-en-la-rueda-de-prensa-junto-al-resto-de-autoridades.jpeg\",\"articleSection\":[\"112\"],\"inLanguage\":\"es\",\"potentialAction\":[{\"@type\":\"CommentAction\",\"name\":\"Comment\",\"target\":[\"https:\\\/\\\/www.gsccanarias.com\\\/gsc\\\/el-incendio-forestal-de-tenerife-obliga-a-extremar-la-precaucion-y-cerrar-todos-los-accesos-al-monte\\\/#respond\"]}]},{\"@type\":\"WebPage\",\"@id\":\"https:\\\/\\\/www.gsccanarias.com\\\/gsc\\\/el-incendio-forestal-de-tenerife-obliga-a-extremar-la-precaucion-y-cerrar-todos-los-accesos-al-monte\\\/\",\"url\":\"https:\\\/\\\/www.gsccanarias.com\\\/gsc\\\/el-incendio-forestal-de-tenerife-obliga-a-extremar-la-precaucion-y-cerrar-todos-los-accesos-al-monte\\\/\",\"name\":\"El incendio forestal de Tenerife obliga a extremar la precauci\u00f3n y cerrar todos los accesos al monte - GSC\",\"isPartOf\":{\"@id\":\"https:\\\/\\\/www.gsccanarias.com\\\/gsc\\\/#website\"},\"primaryImageOfPage\":{\"@id\":\"https:\\\/\\\/www.gsccanarias.com\\\/gsc\\\/el-incendio-forestal-de-tenerife-obliga-a-extremar-la-precaucion-y-cerrar-todos-los-accesos-al-monte\\\/#primaryimage\"},\"image\":{\"@id\":\"https:\\\/\\\/www.gsccanarias.com\\\/gsc\\\/el-incendio-forestal-de-tenerife-obliga-a-extremar-la-precaucion-y-cerrar-todos-los-accesos-al-monte\\\/#primaryimage\"},\"thumbnailUrl\":\"https:\\\/\\\/www.gsccanarias.com\\\/gsc\\\/wp-content\\\/uploads\\\/2023\\\/08\\\/El-presidente-Clavijo-en-la-rueda-de-prensa-junto-al-resto-de-autoridades.jpeg\",\"datePublished\":\"2023-08-16T11:06:37+00:00\",\"author\":{\"@id\":\"https:\\\/\\\/www.gsccanarias.com\\\/gsc\\\/#\\\/schema\\\/person\\\/6344674ae7d554f04a860ccb99b97e7d\"},\"breadcrumb\":{\"@id\":\"https:\\\/\\\/www.gsccanarias.com\\\/gsc\\\/el-incendio-forestal-de-tenerife-obliga-a-extremar-la-precaucion-y-cerrar-todos-los-accesos-al-monte\\\/#breadcrumb\"},\"inLanguage\":\"es\",\"potentialAction\":[{\"@type\":\"ReadAction\",\"target\":[\"https:\\\/\\\/www.gsccanarias.com\\\/gsc\\\/el-incendio-forestal-de-tenerife-obliga-a-extremar-la-precaucion-y-cerrar-todos-los-accesos-al-monte\\\/\"]}]},{\"@type\":\"ImageObject\",\"inLanguage\":\"es\",\"@id\":\"https:\\\/\\\/www.gsccanarias.com\\\/gsc\\\/el-incendio-forestal-de-tenerife-obliga-a-extremar-la-precaucion-y-cerrar-todos-los-accesos-al-monte\\\/#primaryimage\",\"url\":\"https:\\\/\\\/www.gsccanarias.com\\\/gsc\\\/wp-content\\\/uploads\\\/2023\\\/08\\\/El-presidente-Clavijo-en-la-rueda-de-prensa-junto-al-resto-de-autoridades.jpeg\",\"contentUrl\":\"https:\\\/\\\/www.gsccanarias.com\\\/gsc\\\/wp-content\\\/uploads\\\/2023\\\/08\\\/El-presidente-Clavijo-en-la-rueda-de-prensa-junto-al-resto-de-autoridades.jpeg\",\"width\":2000,\"height\":1126,\"caption\":\"Clavijo ofrece una rueda de prensa para informar sobre la evoluci\u00f3n del incendio\"},{\"@type\":\"BreadcrumbList\",\"@id\":\"https:\\\/\\\/www.gsccanarias.com\\\/gsc\\\/el-incendio-forestal-de-tenerife-obliga-a-extremar-la-precaucion-y-cerrar-todos-los-accesos-al-monte\\\/#breadcrumb\",\"itemListElement\":[{\"@type\":\"ListItem\",\"position\":1,\"name\":\"Portada\",\"item\":\"https:\\\/\\\/www.gsccanarias.com\\\/gsc\\\/\"},{\"@type\":\"ListItem\",\"position\":2,\"name\":\"El incendio forestal de Tenerife obliga a extremar la precauci\u00f3n y cerrar todos los accesos al monte\"}]},{\"@type\":\"WebSite\",\"@id\":\"https:\\\/\\\/www.gsccanarias.com\\\/gsc\\\/#website\",\"url\":\"https:\\\/\\\/www.gsccanarias.com\\\/gsc\\\/\",\"name\":\"GSC\",\"description\":\"Administramos servicios relacionados con la salud, las emergencias, la seguridad y el transporte sanitario\",\"potentialAction\":[{\"@type\":\"SearchAction\",\"target\":{\"@type\":\"EntryPoint\",\"urlTemplate\":\"https:\\\/\\\/www.gsccanarias.com\\\/gsc\\\/?s={search_term_string}\"},\"query-input\":{\"@type\":\"PropertyValueSpecification\",\"valueRequired\":true,\"valueName\":\"search_term_string\"}}],\"inLanguage\":\"es\"},{\"@type\":\"Person\",\"@id\":\"https:\\\/\\\/www.gsccanarias.com\\\/gsc\\\/#\\\/schema\\\/person\\\/6344674ae7d554f04a860ccb99b97e7d\",\"name\":\"Rosa Carmen Lorenzo Triana\",\"image\":{\"@type\":\"ImageObject\",\"inLanguage\":\"es\",\"@id\":\"https:\\\/\\\/secure.gravatar.com\\\/avatar\\\/817029d03413189e37216a598d11d54efd16196c5548b111b1ec9676c4a90739?s=96&d=mm&r=g\",\"url\":\"https:\\\/\\\/secure.gravatar.com\\\/avatar\\\/817029d03413189e37216a598d11d54efd16196c5548b111b1ec9676c4a90739?s=96&d=mm&r=g\",\"contentUrl\":\"https:\\\/\\\/secure.gravatar.com\\\/avatar\\\/817029d03413189e37216a598d11d54efd16196c5548b111b1ec9676c4a90739?s=96&d=mm&r=g\",\"caption\":\"Rosa Carmen Lorenzo Triana\"},\"url\":\"https:\\\/\\\/www.gsccanarias.com\\\/gsc\\\/author\\\/rosa\\\/\"}]}<\/script>\n<!-- \/ Yoast SEO plugin. -->","yoast_head_json":{"title":"El incendio forestal de Tenerife obliga a extremar la precauci\u00f3n y cerrar todos los accesos al monte - GSC","robots":{"index":"index","follow":"follow","max-snippet":"max-snippet:-1","max-image-preview":"max-image-preview:large","max-video-preview":"max-video-preview:-1"},"canonical":"https:\/\/www.gsccanarias.com\/gsc\/el-incendio-forestal-de-tenerife-obliga-a-extremar-la-precaucion-y-cerrar-todos-los-accesos-al-monte\/","og_locale":"es_ES","og_type":"article","og_title":"El incendio forestal de Tenerife obliga a extremar la precauci\u00f3n y cerrar todos los accesos al monte - GSC","og_description":"Trabajan 11 medios a\u00e9reos, uno de ellos de coordinaci\u00f3n, junto a 150 combatientes por tierra de distintas administraciones La Unidad Militar de Emergencias ya se ha movilizado y se incorpora al dispositivo El presidente de Canarias, Fernando Clavijo, ha pedido m\u00e1xima precauci\u00f3n a la\u00a0 ciudadan\u00eda...","og_url":"https:\/\/www.gsccanarias.com\/gsc\/el-incendio-forestal-de-tenerife-obliga-a-extremar-la-precaucion-y-cerrar-todos-los-accesos-al-monte\/","og_site_name":"GSC","article_published_time":"2023-08-16T11:06:37+00:00","og_image":[{"width":2000,"height":1126,"url":"https:\/\/www.gsccanarias.com\/gsc\/wp-content\/uploads\/2023\/08\/El-presidente-Clavijo-en-la-rueda-de-prensa-junto-al-resto-de-autoridades.jpeg","type":"image\/jpeg"}],"author":"Rosa Carmen Lorenzo Triana","twitter_card":"summary_large_image","twitter_misc":{"Escrito por":"Rosa Carmen Lorenzo Triana","Tiempo de lectura":"3 minutos"},"schema":{"@context":"https:\/\/schema.org","@graph":[{"@type":"Article","@id":"https:\/\/www.gsccanarias.com\/gsc\/el-incendio-forestal-de-tenerife-obliga-a-extremar-la-precaucion-y-cerrar-todos-los-accesos-al-monte\/#article","isPartOf":{"@id":"https:\/\/www.gsccanarias.com\/gsc\/el-incendio-forestal-de-tenerife-obliga-a-extremar-la-precaucion-y-cerrar-todos-los-accesos-al-monte\/"},"author":{"name":"Rosa Carmen Lorenzo Triana","@id":"https:\/\/www.gsccanarias.com\/gsc\/#\/schema\/person\/6344674ae7d554f04a860ccb99b97e7d"},"headline":"El incendio forestal de Tenerife obliga a extremar la precauci\u00f3n y cerrar todos los accesos al monte","datePublished":"2023-08-16T11:06:37+00:00","mainEntityOfPage":{"@id":"https:\/\/www.gsccanarias.com\/gsc\/el-incendio-forestal-de-tenerife-obliga-a-extremar-la-precaucion-y-cerrar-todos-los-accesos-al-monte\/"},"wordCount":605,"commentCount":0,"image":{"@id":"https:\/\/www.gsccanarias.com\/gsc\/el-incendio-forestal-de-tenerife-obliga-a-extremar-la-precaucion-y-cerrar-todos-los-accesos-al-monte\/#primaryimage"},"thumbnailUrl":"https:\/\/www.gsccanarias.com\/gsc\/wp-content\/uploads\/2023\/08\/El-presidente-Clavijo-en-la-rueda-de-prensa-junto-al-resto-de-autoridades.jpeg","articleSection":["112"],"inLanguage":"es","potentialAction":[{"@type":"CommentAction","name":"Comment","target":["https:\/\/www.gsccanarias.com\/gsc\/el-incendio-forestal-de-tenerife-obliga-a-extremar-la-precaucion-y-cerrar-todos-los-accesos-al-monte\/#respond"]}]},{"@type":"WebPage","@id":"https:\/\/www.gsccanarias.com\/gsc\/el-incendio-forestal-de-tenerife-obliga-a-extremar-la-precaucion-y-cerrar-todos-los-accesos-al-monte\/","url":"https:\/\/www.gsccanarias.com\/gsc\/el-incendio-forestal-de-tenerife-obliga-a-extremar-la-precaucion-y-cerrar-todos-los-accesos-al-monte\/","name":"El incendio forestal de Tenerife obliga a extremar la precauci\u00f3n y cerrar todos los accesos al monte - GSC","isPartOf":{"@id":"https:\/\/www.gsccanarias.com\/gsc\/#website"},"primaryImageOfPage":{"@id":"https:\/\/www.gsccanarias.com\/gsc\/el-incendio-forestal-de-tenerife-obliga-a-extremar-la-precaucion-y-cerrar-todos-los-accesos-al-monte\/#primaryimage"},"image":{"@id":"https:\/\/www.gsccanarias.com\/gsc\/el-incendio-forestal-de-tenerife-obliga-a-extremar-la-precaucion-y-cerrar-todos-los-accesos-al-monte\/#primaryimage"},"thumbnailUrl":"https:\/\/www.gsccanarias.com\/gsc\/wp-content\/uploads\/2023\/08\/El-presidente-Clavijo-en-la-rueda-de-prensa-junto-al-resto-de-autoridades.jpeg","datePublished":"2023-08-16T11:06:37+00:00","author":{"@id":"https:\/\/www.gsccanarias.com\/gsc\/#\/schema\/person\/6344674ae7d554f04a860ccb99b97e7d"},"breadcrumb":{"@id":"https:\/\/www.gsccanarias.com\/gsc\/el-incendio-forestal-de-tenerife-obliga-a-extremar-la-precaucion-y-cerrar-todos-los-accesos-al-monte\/#breadcrumb"},"inLanguage":"es","potentialAction":[{"@type":"ReadAction","target":["https:\/\/www.gsccanarias.com\/gsc\/el-incendio-forestal-de-tenerife-obliga-a-extremar-la-precaucion-y-cerrar-todos-los-accesos-al-monte\/"]}]},{"@type":"ImageObject","inLanguage":"es","@id":"https:\/\/www.gsccanarias.com\/gsc\/el-incendio-forestal-de-tenerife-obliga-a-extremar-la-precaucion-y-cerrar-todos-los-accesos-al-monte\/#primaryimage","url":"https:\/\/www.gsccanarias.com\/gsc\/wp-content\/uploads\/2023\/08\/El-presidente-Clavijo-en-la-rueda-de-prensa-junto-al-resto-de-autoridades.jpeg","contentUrl":"https:\/\/www.gsccanarias.com\/gsc\/wp-content\/uploads\/2023\/08\/El-presidente-Clavijo-en-la-rueda-de-prensa-junto-al-resto-de-autoridades.jpeg","width":2000,"height":1126,"caption":"Clavijo ofrece una rueda de prensa para informar sobre la evoluci\u00f3n del incendio"},{"@type":"BreadcrumbList","@id":"https:\/\/www.gsccanarias.com\/gsc\/el-incendio-forestal-de-tenerife-obliga-a-extremar-la-precaucion-y-cerrar-todos-los-accesos-al-monte\/#breadcrumb","itemListElement":[{"@type":"ListItem","position":1,"name":"Portada","item":"https:\/\/www.gsccanarias.com\/gsc\/"},{"@type":"ListItem","position":2,"name":"El incendio forestal de Tenerife obliga a extremar la precauci\u00f3n y cerrar todos los accesos al monte"}]},{"@type":"WebSite","@id":"https:\/\/www.gsccanarias.com\/gsc\/#website","url":"https:\/\/www.gsccanarias.com\/gsc\/","name":"GSC","description":"Administramos servicios relacionados con la salud, las emergencias, la seguridad y el transporte sanitario","potentialAction":[{"@type":"SearchAction","target":{"@type":"EntryPoint","urlTemplate":"https:\/\/www.gsccanarias.com\/gsc\/?s={search_term_string}"},"query-input":{"@type":"PropertyValueSpecification","valueRequired":true,"valueName":"search_term_string"}}],"inLanguage":"es"},{"@type":"Person","@id":"https:\/\/www.gsccanarias.com\/gsc\/#\/schema\/person\/6344674ae7d554f04a860ccb99b97e7d","name":"Rosa Carmen Lorenzo Triana","image":{"@type":"ImageObject","inLanguage":"es","@id":"https:\/\/secure.gravatar.com\/avatar\/817029d03413189e37216a598d11d54efd16196c5548b111b1ec9676c4a90739?s=96&d=mm&r=g","url":"https:\/\/secure.gravatar.com\/avatar\/817029d03413189e37216a598d11d54efd16196c5548b111b1ec9676c4a90739?s=96&d=mm&r=g","contentUrl":"https:\/\/secure.gravatar.com\/avatar\/817029d03413189e37216a598d11d54efd16196c5548b111b1ec9676c4a90739?s=96&d=mm&r=g","caption":"Rosa Carmen Lorenzo Triana"},"url":"https:\/\/www.gsccanarias.com\/gsc\/author\/rosa\/"}]}},"publishpress_future_workflow_manual_trigger":{"enabledWorkflows":[]},"_links":{"self":[{"href":"https:\/\/www.gsccanarias.com\/gsc\/wp-json\/wp\/v2\/posts\/13589","targetHints":{"allow":["GET"]}}],"collection":[{"href":"https:\/\/www.gsccanarias.com\/gsc\/wp-json\/wp\/v2\/posts"}],"about":[{"href":"https:\/\/www.gsccanarias.com\/gsc\/wp-json\/wp\/v2\/types\/post"}],"author":[{"embeddable":true,"href":"https:\/\/www.gsccanarias.com\/gsc\/wp-json\/wp\/v2\/users\/4"}],"replies":[{"embeddable":true,"href":"https:\/\/www.gsccanarias.com\/gsc\/wp-json\/wp\/v2\/comments?post=13589"}],"version-history":[{"count":1,"href":"https:\/\/www.gsccanarias.com\/gsc\/wp-json\/wp\/v2\/posts\/13589\/revisions"}],"predecessor-version":[{"id":13591,"href":"https:\/\/www.gsccanarias.com\/gsc\/wp-json\/wp\/v2\/posts\/13589\/revisions\/13591"}],"wp:featuredmedia":[{"embeddable":true,"href":"https:\/\/www.gsccanarias.com\/gsc\/wp-json\/wp\/v2\/media\/13590"}],"wp:attachment":[{"href":"https:\/\/www.gsccanarias.com\/gsc\/wp-json\/wp\/v2\/media?parent=13589"}],"wp:term":[{"taxonomy":"category","embeddable":true,"href":"https:\/\/www.gsccanarias.com\/gsc\/wp-json\/wp\/v2\/categories?post=13589"},{"taxonomy":"post_tag","embeddable":true,"href":"https:\/\/www.gsccanarias.com\/gsc\/wp-json\/wp\/v2\/tags?post=13589"}],"curies":[{"name":"wp","href":"https:\/\/api.w.org\/{rel}","templated":true}]}}