{"id":13548,"date":"2023-07-19T14:47:54","date_gmt":"2023-07-19T14:47:54","guid":{"rendered":"https:\/\/www.gsccanarias.com\/gsc\/?p=13548"},"modified":"2023-07-19T14:47:54","modified_gmt":"2023-07-19T14:47:54","slug":"el-incendio-de-la-palma-se-declara-estabilizado-en-todo-el-perimetro-con-una-superficie-afectada-de-2-900-hectareas","status":"publish","type":"post","link":"https:\/\/www.gsccanarias.com\/gsc\/el-incendio-de-la-palma-se-declara-estabilizado-en-todo-el-perimetro-con-una-superficie-afectada-de-2-900-hectareas\/","title":{"rendered":"El incendio de La Palma se declara estabilizado en todo el per\u00edmetro, con una superficie afectada de 2.900 hect\u00e1reas"},"content":{"rendered":"<blockquote><p>Se mantiene en nivel 2 de la emergencia del Plan INFOCA, bajo la direcci\u00f3n del Gobierno de Canarias, hasta que est\u00e9 controlado<\/p>\n<p>Se permite el realojo de Hacienda del Cura y la zona que estaba evacuada desde el barrio del Jes\u00fas hasta la Cruz del Llano<\/p>\n<p>El dispositivo contin\u00faa realizando labores de vigilancia<\/p><\/blockquote>\n<p><strong>La consejera de Presidencia, Administraciones P\u00fablicas, Justicia y Seguridad del Gobierno de Canarias, Nieves Lady Barreto, ha anunciado hoy que el incendio forestal declarado en la madrugada del s\u00e1bado en Puntagorda, se ha dado por estabilizado en todo su per\u00edmetro, tras la reuni\u00f3n de la Direcci\u00f3n T\u00e9cnica del INFOCA celebrada a las 13 horas. La superficie afectada se estima en 2.900 hect\u00e1reas, aunque esta extensi\u00f3n puede ser menor ya que quedan bolsas de terreno sin quemar.<\/strong><\/p>\n<p>El incendio se mantiene el nivel 2 de la emergencia del Plan INFOCA, bajo la direcci\u00f3n el Gobierno de Canarias, hasta que se d\u00e9 por controlado, con los mismos efectivos terrestres y medios a\u00e9reos. La consejera a\u00f1adi\u00f3 que no hay frentes activos, pero que se vigilan 14 puntos dentro de la zona quemada, donde se han concentrado las descargas de los medios a\u00e9reos.<\/p>\n<p>Nieves Lady destac\u00f3 la excelente coordinaci\u00f3n de todas las administraciones (Cabildo, Gobierno de Canarias y Administraci\u00f3n del Estado) que desde el inicio del incendio pusieron todos los medios a disposici\u00f3n de la Direcci\u00f3n del INFOCA y agradeci\u00f3 el trabajo de todos los intervinientes, que calific\u00f3 de \u201c\u00e9pico\u201d. Seg\u00fan la consejera, la\u00a0 contundente actuaci\u00f3n de estos profesionales ha permitido proteger a las personas, animales, y minimizar los da\u00f1os materiales, contando con la implicaci\u00f3n de los vecinos, a los que tambi\u00e9n agradeci\u00f3 su actuaci\u00f3n.<\/p>\n<p>La consejera felicit\u00f3 a los 500 efectivos que han actuado en los tres frentes, junto a los 11 medios a\u00e9reos, poniendo en valor al trabajo de Medioambiente del Cabildo de La Palma, ERIF del Gobierno de Canarias, BRIF de La Palma y Tineo (Asturas), personal del Parque Nacional, Unidad Militar de Emergencias, Grupo de Emergencias y Salvamento del Gobierno de Canarias (GES), Bomberos de La Palma, Tenerife, Gran Canaria, Lanzarote y Fuerteventura, Cruz Roja, Cuerpo General de la Polic\u00eda Canaria, Guardia Civil y Polic\u00eda Local de todos los municipios de la isla, as\u00ed como a los voluntarios de Protecci\u00f3n Civil.<\/p>\n<p>El presidente del Cabildo, Sergio Rodr\u00edguez, destac\u00f3 que se levanta la evacuaci\u00f3n en las dos zonas que permanec\u00edan desalojadas: Hacienda del Cura y del barrio del Jes\u00fas, hasta la Cruz del Llano y que se reabre la LP-214.<\/p>\n<p>No hay variaci\u00f3n con respecto los inmuebles da\u00f1ados. Sergio Rodr\u00edguez apunt\u00f3 que se mantiene en 60 edificaciones, nueve de ellas viviendas, aunque la situaci\u00f3n sigue siendo evaluada por ambos ayuntamientos con la asistencia t\u00e9cnica de bomberos. En este sentido, Nieves Lady Barreto record\u00f3 que en el primer Consejo de Gobierno ya se aprob\u00f3 el decreto de ayudas para inmuebles y enseres, que se canalizar\u00e1 a trav\u00e9s del Cabildo, y as\u00ed como la petici\u00f3n de fondos al Gobierno del Estado.<\/p>\n<p>En el d\u00eda de hoy, la Direcci\u00f3n del Plan INFOCA mantiene las recomendaciones de autoprotecci\u00f3n a la poblaci\u00f3n por part\u00edculas en suspensi\u00f3n en el Valle de Aridane, Puntagorda y Tijarafe, donde la calidad del aire ha empeorado como consecuencia del incendio.<\/p>\n<p>&nbsp;<\/p>\n<div class=\"pvc_clear\"><\/div>\n<p id=\"pvc_stats_13548\" class=\"pvc_stats all  \" data-element-id=\"13548\" style=\"\"><i class=\"pvc-stats-icon medium\" aria-hidden=\"true\"><svg aria-hidden=\"true\" focusable=\"false\" data-prefix=\"far\" data-icon=\"chart-bar\" role=\"img\" xmlns=\"http:\/\/www.w3.org\/2000\/svg\" viewBox=\"0 0 512 512\" class=\"svg-inline--fa fa-chart-bar fa-w-16 fa-2x\"><path fill=\"currentColor\" d=\"M396.8 352h22.4c6.4 0 12.8-6.4 12.8-12.8V108.8c0-6.4-6.4-12.8-12.8-12.8h-22.4c-6.4 0-12.8 6.4-12.8 12.8v230.4c0 6.4 6.4 12.8 12.8 12.8zm-192 0h22.4c6.4 0 12.8-6.4 12.8-12.8V140.8c0-6.4-6.4-12.8-12.8-12.8h-22.4c-6.4 0-12.8 6.4-12.8 12.8v198.4c0 6.4 6.4 12.8 12.8 12.8zm96 0h22.4c6.4 0 12.8-6.4 12.8-12.8V204.8c0-6.4-6.4-12.8-12.8-12.8h-22.4c-6.4 0-12.8 6.4-12.8 12.8v134.4c0 6.4 6.4 12.8 12.8 12.8zM496 400H48V80c0-8.84-7.16-16-16-16H16C7.16 64 0 71.16 0 80v336c0 17.67 14.33 32 32 32h464c8.84 0 16-7.16 16-16v-16c0-8.84-7.16-16-16-16zm-387.2-48h22.4c6.4 0 12.8-6.4 12.8-12.8v-70.4c0-6.4-6.4-12.8-12.8-12.8h-22.4c-6.4 0-12.8 6.4-12.8 12.8v70.4c0 6.4 6.4 12.8 12.8 12.8z\" class=\"\"><\/path><\/svg><\/i> <\/p>\n<div class=\"pvc_clear\"><\/div>\n<div class=\"print\"><span class=\"page_title\">P\u00e1gina: <span>El incendio de La Palma se declara estabilizado en todo el per\u00edmetro, con una superficie afectada de 2.900 hect\u00e1reas<\/span><\/span>\n\t\t\t\t\t\t\t\t\t\t\t<span class=\"page_title\">Fecha de impresi\u00f3n: <span>02\/05\/2026 - 06:52:21 UTC<\/span><\/span>\n\t\t\t\t\t\t\t\t\t\t\t<span class=\"stmp_trans_date\">\u00daltima actualizaci\u00f3n: <span>19\/07\/2023 - 14:47:54<\/span><\/span>\n\t\t\t\t\t\t\t\t\t\t\t<span class=\"stmp_trans_date\">Fecha publicaci\u00f3n: <span>19\/07\/2023 - 14:47:54<\/span><\/span>\n\t\t\t\t\t\t\t\t\t\t\t<span class=\"stmp_trans_date\">Fecha creaci\u00f3n: <span>19\/07\/2023 - 14:47:54<\/span><\/span><\/div>\n\t","protected":false},"excerpt":{"rendered":"<p>Se mantiene en nivel 2 de la emergencia del Plan INFOCA, bajo la direcci\u00f3n del Gobierno de Canarias, hasta que est\u00e9 controlado Se permite el realojo de Hacienda del Cura y la zona que estaba evacuada desde el barrio del Jes\u00fas hasta la Cruz del&#8230;<\/p>\n<div class=\"pvc_clear\"><\/div>\n<p id=\"pvc_stats_13548\" class=\"pvc_stats all  \" data-element-id=\"13548\" style=\"\"><i class=\"pvc-stats-icon medium\" aria-hidden=\"true\"><svg aria-hidden=\"true\" focusable=\"false\" data-prefix=\"far\" data-icon=\"chart-bar\" role=\"img\" xmlns=\"http:\/\/www.w3.org\/2000\/svg\" viewBox=\"0 0 512 512\" class=\"svg-inline--fa fa-chart-bar fa-w-16 fa-2x\"><path fill=\"currentColor\" d=\"M396.8 352h22.4c6.4 0 12.8-6.4 12.8-12.8V108.8c0-6.4-6.4-12.8-12.8-12.8h-22.4c-6.4 0-12.8 6.4-12.8 12.8v230.4c0 6.4 6.4 12.8 12.8 12.8zm-192 0h22.4c6.4 0 12.8-6.4 12.8-12.8V140.8c0-6.4-6.4-12.8-12.8-12.8h-22.4c-6.4 0-12.8 6.4-12.8 12.8v198.4c0 6.4 6.4 12.8 12.8 12.8zm96 0h22.4c6.4 0 12.8-6.4 12.8-12.8V204.8c0-6.4-6.4-12.8-12.8-12.8h-22.4c-6.4 0-12.8 6.4-12.8 12.8v134.4c0 6.4 6.4 12.8 12.8 12.8zM496 400H48V80c0-8.84-7.16-16-16-16H16C7.16 64 0 71.16 0 80v336c0 17.67 14.33 32 32 32h464c8.84 0 16-7.16 16-16v-16c0-8.84-7.16-16-16-16zm-387.2-48h22.4c6.4 0 12.8-6.4 12.8-12.8v-70.4c0-6.4-6.4-12.8-12.8-12.8h-22.4c-6.4 0-12.8 6.4-12.8 12.8v70.4c0 6.4 6.4 12.8 12.8 12.8z\" class=\"\"><\/path><\/svg><\/i> <img loading=\"lazy\" decoding=\"async\" width=\"16\" height=\"16\" alt=\"Loading\" src=\"https:\/\/www.gsccanarias.com\/gsc\/wp-content\/plugins\/page-views-count\/ajax-loader-2x.gif\" border=0 \/><\/p>\n<div class=\"pvc_clear\"><\/div>\n","protected":false},"author":5,"featured_media":13549,"comment_status":"open","ping_status":"open","sticky":false,"template":"","format":"standard","meta":{"footnotes":""},"categories":[35,36],"tags":[],"class_list":["post-13548","post","type-post","status-publish","format-standard","has-post-thumbnail","hentry","category-noticias","category-ultimas-noticias"],"a3_pvc":{"activated":true,"total_views":2202,"today_views":0},"yoast_head":"<!-- This site is optimized with the Yoast SEO plugin v27.5 - https:\/\/yoast.com\/product\/yoast-seo-wordpress\/ -->\n<title>El incendio de La Palma se declara estabilizado en todo el per\u00edmetro, con una superficie afectada de 2.900 hect\u00e1reas - GSC<\/title>\n<meta name=\"robots\" content=\"index, follow, max-snippet:-1, max-image-preview:large, max-video-preview:-1\" \/>\n<link rel=\"canonical\" href=\"https:\/\/www.gsccanarias.com\/gsc\/el-incendio-de-la-palma-se-declara-estabilizado-en-todo-el-perimetro-con-una-superficie-afectada-de-2-900-hectareas\/\" \/>\n<meta property=\"og:locale\" content=\"es_ES\" \/>\n<meta property=\"og:type\" content=\"article\" \/>\n<meta property=\"og:title\" content=\"El incendio de La Palma se declara estabilizado en todo el per\u00edmetro, con una superficie afectada de 2.900 hect\u00e1reas - GSC\" \/>\n<meta property=\"og:description\" content=\"Se mantiene en nivel 2 de la emergencia del Plan INFOCA, bajo la direcci\u00f3n del Gobierno de Canarias, hasta que est\u00e9 controlado Se permite el realojo de Hacienda del Cura y la zona que estaba evacuada desde el barrio del Jes\u00fas hasta la Cruz del...\" \/>\n<meta property=\"og:url\" content=\"https:\/\/www.gsccanarias.com\/gsc\/el-incendio-de-la-palma-se-declara-estabilizado-en-todo-el-perimetro-con-una-superficie-afectada-de-2-900-hectareas\/\" \/>\n<meta property=\"og:site_name\" content=\"GSC\" \/>\n<meta property=\"article:published_time\" content=\"2023-07-19T14:47:54+00:00\" \/>\n<meta property=\"og:image\" content=\"https:\/\/www.gsccanarias.com\/gsc\/wp-content\/uploads\/2023\/07\/Director-de-extincion-en-rueda-de-prensa-14-horas.jpeg\" \/>\n\t<meta property=\"og:image:width\" content=\"1600\" \/>\n\t<meta property=\"og:image:height\" content=\"1066\" \/>\n\t<meta property=\"og:image:type\" content=\"image\/jpeg\" \/>\n<meta name=\"author\" content=\"Candelaria Ceballos Quintero\" \/>\n<meta name=\"twitter:card\" content=\"summary_large_image\" \/>\n<meta name=\"twitter:label1\" content=\"Escrito por\" \/>\n\t<meta name=\"twitter:data1\" content=\"Candelaria Ceballos Quintero\" \/>\n\t<meta name=\"twitter:label2\" content=\"Tiempo de lectura\" \/>\n\t<meta name=\"twitter:data2\" content=\"3 minutos\" \/>\n<script type=\"application\/ld+json\" class=\"yoast-schema-graph\">{\"@context\":\"https:\\\/\\\/schema.org\",\"@graph\":[{\"@type\":\"Article\",\"@id\":\"https:\\\/\\\/www.gsccanarias.com\\\/gsc\\\/el-incendio-de-la-palma-se-declara-estabilizado-en-todo-el-perimetro-con-una-superficie-afectada-de-2-900-hectareas\\\/#article\",\"isPartOf\":{\"@id\":\"https:\\\/\\\/www.gsccanarias.com\\\/gsc\\\/el-incendio-de-la-palma-se-declara-estabilizado-en-todo-el-perimetro-con-una-superficie-afectada-de-2-900-hectareas\\\/\"},\"author\":{\"name\":\"Candelaria Ceballos Quintero\",\"@id\":\"https:\\\/\\\/www.gsccanarias.com\\\/gsc\\\/#\\\/schema\\\/person\\\/5b9901f4eee7cadbed4628c907cce21f\"},\"headline\":\"El incendio de La Palma se declara estabilizado en todo el per\u00edmetro, con una superficie afectada de 2.900 hect\u00e1reas\",\"datePublished\":\"2023-07-19T14:47:54+00:00\",\"mainEntityOfPage\":{\"@id\":\"https:\\\/\\\/www.gsccanarias.com\\\/gsc\\\/el-incendio-de-la-palma-se-declara-estabilizado-en-todo-el-perimetro-con-una-superficie-afectada-de-2-900-hectareas\\\/\"},\"wordCount\":591,\"commentCount\":0,\"image\":{\"@id\":\"https:\\\/\\\/www.gsccanarias.com\\\/gsc\\\/el-incendio-de-la-palma-se-declara-estabilizado-en-todo-el-perimetro-con-una-superficie-afectada-de-2-900-hectareas\\\/#primaryimage\"},\"thumbnailUrl\":\"https:\\\/\\\/www.gsccanarias.com\\\/gsc\\\/wp-content\\\/uploads\\\/2023\\\/07\\\/Director-de-extincion-en-rueda-de-prensa-14-horas.jpeg\",\"articleSection\":[\"Noticias\",\"\u00daltimas noticias\"],\"inLanguage\":\"es\",\"potentialAction\":[{\"@type\":\"CommentAction\",\"name\":\"Comment\",\"target\":[\"https:\\\/\\\/www.gsccanarias.com\\\/gsc\\\/el-incendio-de-la-palma-se-declara-estabilizado-en-todo-el-perimetro-con-una-superficie-afectada-de-2-900-hectareas\\\/#respond\"]}]},{\"@type\":\"WebPage\",\"@id\":\"https:\\\/\\\/www.gsccanarias.com\\\/gsc\\\/el-incendio-de-la-palma-se-declara-estabilizado-en-todo-el-perimetro-con-una-superficie-afectada-de-2-900-hectareas\\\/\",\"url\":\"https:\\\/\\\/www.gsccanarias.com\\\/gsc\\\/el-incendio-de-la-palma-se-declara-estabilizado-en-todo-el-perimetro-con-una-superficie-afectada-de-2-900-hectareas\\\/\",\"name\":\"El incendio de La Palma se declara estabilizado en todo el per\u00edmetro, con una superficie afectada de 2.900 hect\u00e1reas - GSC\",\"isPartOf\":{\"@id\":\"https:\\\/\\\/www.gsccanarias.com\\\/gsc\\\/#website\"},\"primaryImageOfPage\":{\"@id\":\"https:\\\/\\\/www.gsccanarias.com\\\/gsc\\\/el-incendio-de-la-palma-se-declara-estabilizado-en-todo-el-perimetro-con-una-superficie-afectada-de-2-900-hectareas\\\/#primaryimage\"},\"image\":{\"@id\":\"https:\\\/\\\/www.gsccanarias.com\\\/gsc\\\/el-incendio-de-la-palma-se-declara-estabilizado-en-todo-el-perimetro-con-una-superficie-afectada-de-2-900-hectareas\\\/#primaryimage\"},\"thumbnailUrl\":\"https:\\\/\\\/www.gsccanarias.com\\\/gsc\\\/wp-content\\\/uploads\\\/2023\\\/07\\\/Director-de-extincion-en-rueda-de-prensa-14-horas.jpeg\",\"datePublished\":\"2023-07-19T14:47:54+00:00\",\"author\":{\"@id\":\"https:\\\/\\\/www.gsccanarias.com\\\/gsc\\\/#\\\/schema\\\/person\\\/5b9901f4eee7cadbed4628c907cce21f\"},\"breadcrumb\":{\"@id\":\"https:\\\/\\\/www.gsccanarias.com\\\/gsc\\\/el-incendio-de-la-palma-se-declara-estabilizado-en-todo-el-perimetro-con-una-superficie-afectada-de-2-900-hectareas\\\/#breadcrumb\"},\"inLanguage\":\"es\",\"potentialAction\":[{\"@type\":\"ReadAction\",\"target\":[\"https:\\\/\\\/www.gsccanarias.com\\\/gsc\\\/el-incendio-de-la-palma-se-declara-estabilizado-en-todo-el-perimetro-con-una-superficie-afectada-de-2-900-hectareas\\\/\"]}]},{\"@type\":\"ImageObject\",\"inLanguage\":\"es\",\"@id\":\"https:\\\/\\\/www.gsccanarias.com\\\/gsc\\\/el-incendio-de-la-palma-se-declara-estabilizado-en-todo-el-perimetro-con-una-superficie-afectada-de-2-900-hectareas\\\/#primaryimage\",\"url\":\"https:\\\/\\\/www.gsccanarias.com\\\/gsc\\\/wp-content\\\/uploads\\\/2023\\\/07\\\/Director-de-extincion-en-rueda-de-prensa-14-horas.jpeg\",\"contentUrl\":\"https:\\\/\\\/www.gsccanarias.com\\\/gsc\\\/wp-content\\\/uploads\\\/2023\\\/07\\\/Director-de-extincion-en-rueda-de-prensa-14-horas.jpeg\",\"width\":1600,\"height\":1066},{\"@type\":\"BreadcrumbList\",\"@id\":\"https:\\\/\\\/www.gsccanarias.com\\\/gsc\\\/el-incendio-de-la-palma-se-declara-estabilizado-en-todo-el-perimetro-con-una-superficie-afectada-de-2-900-hectareas\\\/#breadcrumb\",\"itemListElement\":[{\"@type\":\"ListItem\",\"position\":1,\"name\":\"Portada\",\"item\":\"https:\\\/\\\/www.gsccanarias.com\\\/gsc\\\/\"},{\"@type\":\"ListItem\",\"position\":2,\"name\":\"El incendio de La Palma se declara estabilizado en todo el per\u00edmetro, con una superficie afectada de 2.900 hect\u00e1reas\"}]},{\"@type\":\"WebSite\",\"@id\":\"https:\\\/\\\/www.gsccanarias.com\\\/gsc\\\/#website\",\"url\":\"https:\\\/\\\/www.gsccanarias.com\\\/gsc\\\/\",\"name\":\"GSC\",\"description\":\"Administramos servicios relacionados con la salud, las emergencias, la seguridad y el transporte sanitario\",\"potentialAction\":[{\"@type\":\"SearchAction\",\"target\":{\"@type\":\"EntryPoint\",\"urlTemplate\":\"https:\\\/\\\/www.gsccanarias.com\\\/gsc\\\/?s={search_term_string}\"},\"query-input\":{\"@type\":\"PropertyValueSpecification\",\"valueRequired\":true,\"valueName\":\"search_term_string\"}}],\"inLanguage\":\"es\"},{\"@type\":\"Person\",\"@id\":\"https:\\\/\\\/www.gsccanarias.com\\\/gsc\\\/#\\\/schema\\\/person\\\/5b9901f4eee7cadbed4628c907cce21f\",\"name\":\"Candelaria Ceballos Quintero\",\"image\":{\"@type\":\"ImageObject\",\"inLanguage\":\"es\",\"@id\":\"https:\\\/\\\/secure.gravatar.com\\\/avatar\\\/4f9946c8a8e26afcca94f05df1786a5365e8e246fff67757b9108a432cd46e0d?s=96&d=mm&r=g\",\"url\":\"https:\\\/\\\/secure.gravatar.com\\\/avatar\\\/4f9946c8a8e26afcca94f05df1786a5365e8e246fff67757b9108a432cd46e0d?s=96&d=mm&r=g\",\"contentUrl\":\"https:\\\/\\\/secure.gravatar.com\\\/avatar\\\/4f9946c8a8e26afcca94f05df1786a5365e8e246fff67757b9108a432cd46e0d?s=96&d=mm&r=g\",\"caption\":\"Candelaria Ceballos Quintero\"},\"url\":\"https:\\\/\\\/www.gsccanarias.com\\\/gsc\\\/author\\\/candelaria\\\/\"}]}<\/script>\n<!-- \/ Yoast SEO plugin. -->","yoast_head_json":{"title":"El incendio de La Palma se declara estabilizado en todo el per\u00edmetro, con una superficie afectada de 2.900 hect\u00e1reas - GSC","robots":{"index":"index","follow":"follow","max-snippet":"max-snippet:-1","max-image-preview":"max-image-preview:large","max-video-preview":"max-video-preview:-1"},"canonical":"https:\/\/www.gsccanarias.com\/gsc\/el-incendio-de-la-palma-se-declara-estabilizado-en-todo-el-perimetro-con-una-superficie-afectada-de-2-900-hectareas\/","og_locale":"es_ES","og_type":"article","og_title":"El incendio de La Palma se declara estabilizado en todo el per\u00edmetro, con una superficie afectada de 2.900 hect\u00e1reas - GSC","og_description":"Se mantiene en nivel 2 de la emergencia del Plan INFOCA, bajo la direcci\u00f3n del Gobierno de Canarias, hasta que est\u00e9 controlado Se permite el realojo de Hacienda del Cura y la zona que estaba evacuada desde el barrio del Jes\u00fas hasta la Cruz del...","og_url":"https:\/\/www.gsccanarias.com\/gsc\/el-incendio-de-la-palma-se-declara-estabilizado-en-todo-el-perimetro-con-una-superficie-afectada-de-2-900-hectareas\/","og_site_name":"GSC","article_published_time":"2023-07-19T14:47:54+00:00","og_image":[{"width":1600,"height":1066,"url":"https:\/\/www.gsccanarias.com\/gsc\/wp-content\/uploads\/2023\/07\/Director-de-extincion-en-rueda-de-prensa-14-horas.jpeg","type":"image\/jpeg"}],"author":"Candelaria Ceballos Quintero","twitter_card":"summary_large_image","twitter_misc":{"Escrito por":"Candelaria Ceballos Quintero","Tiempo de lectura":"3 minutos"},"schema":{"@context":"https:\/\/schema.org","@graph":[{"@type":"Article","@id":"https:\/\/www.gsccanarias.com\/gsc\/el-incendio-de-la-palma-se-declara-estabilizado-en-todo-el-perimetro-con-una-superficie-afectada-de-2-900-hectareas\/#article","isPartOf":{"@id":"https:\/\/www.gsccanarias.com\/gsc\/el-incendio-de-la-palma-se-declara-estabilizado-en-todo-el-perimetro-con-una-superficie-afectada-de-2-900-hectareas\/"},"author":{"name":"Candelaria Ceballos Quintero","@id":"https:\/\/www.gsccanarias.com\/gsc\/#\/schema\/person\/5b9901f4eee7cadbed4628c907cce21f"},"headline":"El incendio de La Palma se declara estabilizado en todo el per\u00edmetro, con una superficie afectada de 2.900 hect\u00e1reas","datePublished":"2023-07-19T14:47:54+00:00","mainEntityOfPage":{"@id":"https:\/\/www.gsccanarias.com\/gsc\/el-incendio-de-la-palma-se-declara-estabilizado-en-todo-el-perimetro-con-una-superficie-afectada-de-2-900-hectareas\/"},"wordCount":591,"commentCount":0,"image":{"@id":"https:\/\/www.gsccanarias.com\/gsc\/el-incendio-de-la-palma-se-declara-estabilizado-en-todo-el-perimetro-con-una-superficie-afectada-de-2-900-hectareas\/#primaryimage"},"thumbnailUrl":"https:\/\/www.gsccanarias.com\/gsc\/wp-content\/uploads\/2023\/07\/Director-de-extincion-en-rueda-de-prensa-14-horas.jpeg","articleSection":["Noticias","\u00daltimas noticias"],"inLanguage":"es","potentialAction":[{"@type":"CommentAction","name":"Comment","target":["https:\/\/www.gsccanarias.com\/gsc\/el-incendio-de-la-palma-se-declara-estabilizado-en-todo-el-perimetro-con-una-superficie-afectada-de-2-900-hectareas\/#respond"]}]},{"@type":"WebPage","@id":"https:\/\/www.gsccanarias.com\/gsc\/el-incendio-de-la-palma-se-declara-estabilizado-en-todo-el-perimetro-con-una-superficie-afectada-de-2-900-hectareas\/","url":"https:\/\/www.gsccanarias.com\/gsc\/el-incendio-de-la-palma-se-declara-estabilizado-en-todo-el-perimetro-con-una-superficie-afectada-de-2-900-hectareas\/","name":"El incendio de La Palma se declara estabilizado en todo el per\u00edmetro, con una superficie afectada de 2.900 hect\u00e1reas - GSC","isPartOf":{"@id":"https:\/\/www.gsccanarias.com\/gsc\/#website"},"primaryImageOfPage":{"@id":"https:\/\/www.gsccanarias.com\/gsc\/el-incendio-de-la-palma-se-declara-estabilizado-en-todo-el-perimetro-con-una-superficie-afectada-de-2-900-hectareas\/#primaryimage"},"image":{"@id":"https:\/\/www.gsccanarias.com\/gsc\/el-incendio-de-la-palma-se-declara-estabilizado-en-todo-el-perimetro-con-una-superficie-afectada-de-2-900-hectareas\/#primaryimage"},"thumbnailUrl":"https:\/\/www.gsccanarias.com\/gsc\/wp-content\/uploads\/2023\/07\/Director-de-extincion-en-rueda-de-prensa-14-horas.jpeg","datePublished":"2023-07-19T14:47:54+00:00","author":{"@id":"https:\/\/www.gsccanarias.com\/gsc\/#\/schema\/person\/5b9901f4eee7cadbed4628c907cce21f"},"breadcrumb":{"@id":"https:\/\/www.gsccanarias.com\/gsc\/el-incendio-de-la-palma-se-declara-estabilizado-en-todo-el-perimetro-con-una-superficie-afectada-de-2-900-hectareas\/#breadcrumb"},"inLanguage":"es","potentialAction":[{"@type":"ReadAction","target":["https:\/\/www.gsccanarias.com\/gsc\/el-incendio-de-la-palma-se-declara-estabilizado-en-todo-el-perimetro-con-una-superficie-afectada-de-2-900-hectareas\/"]}]},{"@type":"ImageObject","inLanguage":"es","@id":"https:\/\/www.gsccanarias.com\/gsc\/el-incendio-de-la-palma-se-declara-estabilizado-en-todo-el-perimetro-con-una-superficie-afectada-de-2-900-hectareas\/#primaryimage","url":"https:\/\/www.gsccanarias.com\/gsc\/wp-content\/uploads\/2023\/07\/Director-de-extincion-en-rueda-de-prensa-14-horas.jpeg","contentUrl":"https:\/\/www.gsccanarias.com\/gsc\/wp-content\/uploads\/2023\/07\/Director-de-extincion-en-rueda-de-prensa-14-horas.jpeg","width":1600,"height":1066},{"@type":"BreadcrumbList","@id":"https:\/\/www.gsccanarias.com\/gsc\/el-incendio-de-la-palma-se-declara-estabilizado-en-todo-el-perimetro-con-una-superficie-afectada-de-2-900-hectareas\/#breadcrumb","itemListElement":[{"@type":"ListItem","position":1,"name":"Portada","item":"https:\/\/www.gsccanarias.com\/gsc\/"},{"@type":"ListItem","position":2,"name":"El incendio de La Palma se declara estabilizado en todo el per\u00edmetro, con una superficie afectada de 2.900 hect\u00e1reas"}]},{"@type":"WebSite","@id":"https:\/\/www.gsccanarias.com\/gsc\/#website","url":"https:\/\/www.gsccanarias.com\/gsc\/","name":"GSC","description":"Administramos servicios relacionados con la salud, las emergencias, la seguridad y el transporte sanitario","potentialAction":[{"@type":"SearchAction","target":{"@type":"EntryPoint","urlTemplate":"https:\/\/www.gsccanarias.com\/gsc\/?s={search_term_string}"},"query-input":{"@type":"PropertyValueSpecification","valueRequired":true,"valueName":"search_term_string"}}],"inLanguage":"es"},{"@type":"Person","@id":"https:\/\/www.gsccanarias.com\/gsc\/#\/schema\/person\/5b9901f4eee7cadbed4628c907cce21f","name":"Candelaria Ceballos Quintero","image":{"@type":"ImageObject","inLanguage":"es","@id":"https:\/\/secure.gravatar.com\/avatar\/4f9946c8a8e26afcca94f05df1786a5365e8e246fff67757b9108a432cd46e0d?s=96&d=mm&r=g","url":"https:\/\/secure.gravatar.com\/avatar\/4f9946c8a8e26afcca94f05df1786a5365e8e246fff67757b9108a432cd46e0d?s=96&d=mm&r=g","contentUrl":"https:\/\/secure.gravatar.com\/avatar\/4f9946c8a8e26afcca94f05df1786a5365e8e246fff67757b9108a432cd46e0d?s=96&d=mm&r=g","caption":"Candelaria Ceballos Quintero"},"url":"https:\/\/www.gsccanarias.com\/gsc\/author\/candelaria\/"}]}},"publishpress_future_workflow_manual_trigger":{"enabledWorkflows":[]},"_links":{"self":[{"href":"https:\/\/www.gsccanarias.com\/gsc\/wp-json\/wp\/v2\/posts\/13548","targetHints":{"allow":["GET"]}}],"collection":[{"href":"https:\/\/www.gsccanarias.com\/gsc\/wp-json\/wp\/v2\/posts"}],"about":[{"href":"https:\/\/www.gsccanarias.com\/gsc\/wp-json\/wp\/v2\/types\/post"}],"author":[{"embeddable":true,"href":"https:\/\/www.gsccanarias.com\/gsc\/wp-json\/wp\/v2\/users\/5"}],"replies":[{"embeddable":true,"href":"https:\/\/www.gsccanarias.com\/gsc\/wp-json\/wp\/v2\/comments?post=13548"}],"version-history":[{"count":1,"href":"https:\/\/www.gsccanarias.com\/gsc\/wp-json\/wp\/v2\/posts\/13548\/revisions"}],"predecessor-version":[{"id":13550,"href":"https:\/\/www.gsccanarias.com\/gsc\/wp-json\/wp\/v2\/posts\/13548\/revisions\/13550"}],"wp:featuredmedia":[{"embeddable":true,"href":"https:\/\/www.gsccanarias.com\/gsc\/wp-json\/wp\/v2\/media\/13549"}],"wp:attachment":[{"href":"https:\/\/www.gsccanarias.com\/gsc\/wp-json\/wp\/v2\/media?parent=13548"}],"wp:term":[{"taxonomy":"category","embeddable":true,"href":"https:\/\/www.gsccanarias.com\/gsc\/wp-json\/wp\/v2\/categories?post=13548"},{"taxonomy":"post_tag","embeddable":true,"href":"https:\/\/www.gsccanarias.com\/gsc\/wp-json\/wp\/v2\/tags?post=13548"}],"curies":[{"name":"wp","href":"https:\/\/api.w.org\/{rel}","templated":true}]}}