{"id":13525,"date":"2023-07-17T19:51:45","date_gmt":"2023-07-17T19:51:45","guid":{"rendered":"https:\/\/www.gsccanarias.com\/gsc\/?p=13525"},"modified":"2023-07-17T19:51:45","modified_gmt":"2023-07-17T19:51:45","slug":"la-evolucion-del-incendio-de-la-palma-permite-nuevos-realojos","status":"publish","type":"post","link":"https:\/\/www.gsccanarias.com\/gsc\/la-evolucion-del-incendio-de-la-palma-permite-nuevos-realojos\/","title":{"rendered":"La evoluci\u00f3n del incendio de La Palma permite nuevos realojos"},"content":{"rendered":"<blockquote><p>Se autoriza el fin de la evacuaci\u00f3n de Puntagorda, excepto en el barrio de El Roque, y de Tijarafe, salvo la parte superior de la LP-1 desde el Barranco del Jurado hasta el Time<br \/>\nEsta noche permanecer\u00e1n 193 efectivos en el operativo de los que 153 son recursos terrestres y 40 de seguridad<br \/>\nDe las m\u00e1s de 200 personas albergadas en los distintos recursos habilitados quedan 14 por volver a sus casas<\/p><\/blockquote>\n<p><strong>El consejero de Pol\u00edtica Territorial, Cohesi\u00f3n Territorial y Aguas, responsable de Emergencias del Gobierno de Canarias, Manuel Miranda, inform\u00f3 en la comparecencia de esta tarde sobre la evoluci\u00f3n del incendio forestal de La Palma que sigue siendo \u201cfavorable y dentro de las l\u00edneas de control establecida\u201d, aunque asegur\u00f3, \u201cse propaga activamente\u201d y sigue requiriendo de la intervenci\u00f3n de medios terrestres y a\u00e9reos.<\/strong><\/p>\n<p>Tras analizar la evoluci\u00f3n del incendio se ha decidido autorizar el fin de la evacuaci\u00f3n del t\u00e9rmino municipal de Puntagorda, excepto en el barrio de El Roque, y del t\u00e9rmino municipal de Tijarafe, salvo en la parte superior de la LP-1 desde el Barranco del Jurado hasta el Time, que junto a la zona de la Hacienda de Cura, en El Paso permanecen evacuadas.<\/p>\n<p>Por sectores, el consejero responsable de Emergencias apunt\u00f3 a la evoluci\u00f3n favorable en las zonas de El Revent\u00f3n y el Barranco de Jieque, donde se est\u00e1n realizando trabajos t\u00e9cnicos de extinci\u00f3n que pueden provocar gran cantidad de humo. El punto de m\u00e1s complejidad sigue siendo el del Parque Nacional de la Caldera de Taburiente por las dificultades de acceso y por la nubosidad registrada en los dos \u00faltimos d\u00edas y que ha limitado la actuaci\u00f3n de los medios a\u00e9reos.<\/p>\n<p>El consejero de Pol\u00edtica Territorial confi\u00f3 en que ma\u00f1ana mejoren las condiciones climatol\u00f3gicas por las previsiones que apuntan a una subida de temperaturas que podr\u00eda disipar la nubosidad y permitir que los recursos a\u00e9reos puedan actuar junto a los terrestres en la zona.<\/p>\n<p>Esta noche trabajar\u00e1n en el dispositivo por tierra un total de 193 efectivos, de ellos, 153 en las labores de extinci\u00f3n y 40 en seguridad (Cuerpo General de la Polic\u00eda Canaria, Guardia Civil y Polic\u00eda Local).<\/p>\n<p>Asimismo, Manuel Miranda confirm\u00f3 que ya por parte de los ayuntamientos afectados se ha empezado la evaluaci\u00f3n de los da\u00f1os a viviendas, a la red servicios (agua y luz) e infraestructuras con el fin de adelantar los informes para la tramitaci\u00f3n de las ayudas.<\/p>\n<p>El presidente del Cabildo de La Palma, Sergio Rodr\u00edguez, confirm\u00f3 que esta tarde permanec\u00edan en los recursos habilitados para los afectados un total de 14 personas. El resto han podido regresar a sus casas y a las residencias.<\/p>\n<p>Por \u00faltimo, insisti\u00f3 en lanzar un mensaje a la poblaci\u00f3n para que siga atenta a las indicaciones de las autoridades y canales oficiales y a actuar con responsabilidad en el uso de la carretera LP-1 para no entorpecer las labores del operativo que lucha en el incendio.<\/p>\n<div class=\"pvc_clear\"><\/div>\n<p id=\"pvc_stats_13525\" class=\"pvc_stats all  \" data-element-id=\"13525\" style=\"\"><i class=\"pvc-stats-icon medium\" aria-hidden=\"true\"><svg aria-hidden=\"true\" focusable=\"false\" data-prefix=\"far\" data-icon=\"chart-bar\" role=\"img\" xmlns=\"http:\/\/www.w3.org\/2000\/svg\" viewBox=\"0 0 512 512\" class=\"svg-inline--fa fa-chart-bar fa-w-16 fa-2x\"><path fill=\"currentColor\" d=\"M396.8 352h22.4c6.4 0 12.8-6.4 12.8-12.8V108.8c0-6.4-6.4-12.8-12.8-12.8h-22.4c-6.4 0-12.8 6.4-12.8 12.8v230.4c0 6.4 6.4 12.8 12.8 12.8zm-192 0h22.4c6.4 0 12.8-6.4 12.8-12.8V140.8c0-6.4-6.4-12.8-12.8-12.8h-22.4c-6.4 0-12.8 6.4-12.8 12.8v198.4c0 6.4 6.4 12.8 12.8 12.8zm96 0h22.4c6.4 0 12.8-6.4 12.8-12.8V204.8c0-6.4-6.4-12.8-12.8-12.8h-22.4c-6.4 0-12.8 6.4-12.8 12.8v134.4c0 6.4 6.4 12.8 12.8 12.8zM496 400H48V80c0-8.84-7.16-16-16-16H16C7.16 64 0 71.16 0 80v336c0 17.67 14.33 32 32 32h464c8.84 0 16-7.16 16-16v-16c0-8.84-7.16-16-16-16zm-387.2-48h22.4c6.4 0 12.8-6.4 12.8-12.8v-70.4c0-6.4-6.4-12.8-12.8-12.8h-22.4c-6.4 0-12.8 6.4-12.8 12.8v70.4c0 6.4 6.4 12.8 12.8 12.8z\" class=\"\"><\/path><\/svg><\/i> <\/p>\n<div class=\"pvc_clear\"><\/div>\n<div class=\"print\"><span class=\"page_title\">P\u00e1gina: <span>La evoluci\u00f3n del incendio de La Palma permite nuevos realojos<\/span><\/span>\n\t\t\t\t\t\t\t\t\t\t\t<span class=\"page_title\">Fecha de impresi\u00f3n: <span>01\/05\/2026 - 03:19:43 UTC<\/span><\/span>\n\t\t\t\t\t\t\t\t\t\t\t<span class=\"stmp_trans_date\">\u00daltima actualizaci\u00f3n: <span>17\/07\/2023 - 19:51:45<\/span><\/span>\n\t\t\t\t\t\t\t\t\t\t\t<span class=\"stmp_trans_date\">Fecha publicaci\u00f3n: <span>17\/07\/2023 - 19:51:45<\/span><\/span>\n\t\t\t\t\t\t\t\t\t\t\t<span class=\"stmp_trans_date\">Fecha creaci\u00f3n: <span>17\/07\/2023 - 19:51:45<\/span><\/span><\/div>\n\t","protected":false},"excerpt":{"rendered":"<p>Se autoriza el fin de la evacuaci\u00f3n de Puntagorda, excepto en el barrio de El Roque, y de Tijarafe, salvo la parte superior de la LP-1 desde el Barranco del Jurado hasta el Time Esta noche permanecer\u00e1n 193 efectivos en el operativo de los que&#8230;<\/p>\n<div class=\"pvc_clear\"><\/div>\n<p id=\"pvc_stats_13525\" class=\"pvc_stats all  \" data-element-id=\"13525\" style=\"\"><i class=\"pvc-stats-icon medium\" aria-hidden=\"true\"><svg aria-hidden=\"true\" focusable=\"false\" data-prefix=\"far\" data-icon=\"chart-bar\" role=\"img\" xmlns=\"http:\/\/www.w3.org\/2000\/svg\" viewBox=\"0 0 512 512\" class=\"svg-inline--fa fa-chart-bar fa-w-16 fa-2x\"><path fill=\"currentColor\" d=\"M396.8 352h22.4c6.4 0 12.8-6.4 12.8-12.8V108.8c0-6.4-6.4-12.8-12.8-12.8h-22.4c-6.4 0-12.8 6.4-12.8 12.8v230.4c0 6.4 6.4 12.8 12.8 12.8zm-192 0h22.4c6.4 0 12.8-6.4 12.8-12.8V140.8c0-6.4-6.4-12.8-12.8-12.8h-22.4c-6.4 0-12.8 6.4-12.8 12.8v198.4c0 6.4 6.4 12.8 12.8 12.8zm96 0h22.4c6.4 0 12.8-6.4 12.8-12.8V204.8c0-6.4-6.4-12.8-12.8-12.8h-22.4c-6.4 0-12.8 6.4-12.8 12.8v134.4c0 6.4 6.4 12.8 12.8 12.8zM496 400H48V80c0-8.84-7.16-16-16-16H16C7.16 64 0 71.16 0 80v336c0 17.67 14.33 32 32 32h464c8.84 0 16-7.16 16-16v-16c0-8.84-7.16-16-16-16zm-387.2-48h22.4c6.4 0 12.8-6.4 12.8-12.8v-70.4c0-6.4-6.4-12.8-12.8-12.8h-22.4c-6.4 0-12.8 6.4-12.8 12.8v70.4c0 6.4 6.4 12.8 12.8 12.8z\" class=\"\"><\/path><\/svg><\/i> <img loading=\"lazy\" decoding=\"async\" width=\"16\" height=\"16\" alt=\"Loading\" src=\"https:\/\/www.gsccanarias.com\/gsc\/wp-content\/plugins\/page-views-count\/ajax-loader-2x.gif\" border=0 \/><\/p>\n<div class=\"pvc_clear\"><\/div>\n","protected":false},"author":5,"featured_media":13526,"comment_status":"open","ping_status":"open","sticky":false,"template":"","format":"standard","meta":{"footnotes":""},"categories":[35,36],"tags":[],"class_list":["post-13525","post","type-post","status-publish","format-standard","has-post-thumbnail","hentry","category-noticias","category-ultimas-noticias"],"a3_pvc":{"activated":true,"total_views":282,"today_views":0},"yoast_head":"<!-- This site is optimized with the Yoast SEO plugin v27.5 - https:\/\/yoast.com\/product\/yoast-seo-wordpress\/ -->\n<title>La evoluci\u00f3n del incendio de La Palma permite nuevos realojos - GSC<\/title>\n<meta name=\"robots\" content=\"index, follow, max-snippet:-1, max-image-preview:large, max-video-preview:-1\" \/>\n<link rel=\"canonical\" href=\"https:\/\/www.gsccanarias.com\/gsc\/la-evolucion-del-incendio-de-la-palma-permite-nuevos-realojos\/\" \/>\n<meta property=\"og:locale\" content=\"es_ES\" \/>\n<meta property=\"og:type\" content=\"article\" \/>\n<meta property=\"og:title\" content=\"La evoluci\u00f3n del incendio de La Palma permite nuevos realojos - GSC\" \/>\n<meta property=\"og:description\" content=\"Se autoriza el fin de la evacuaci\u00f3n de Puntagorda, excepto en el barrio de El Roque, y de Tijarafe, salvo la parte superior de la LP-1 desde el Barranco del Jurado hasta el Time Esta noche permanecer\u00e1n 193 efectivos en el operativo de los que...\" \/>\n<meta property=\"og:url\" content=\"https:\/\/www.gsccanarias.com\/gsc\/la-evolucion-del-incendio-de-la-palma-permite-nuevos-realojos\/\" \/>\n<meta property=\"og:site_name\" content=\"GSC\" \/>\n<meta property=\"article:published_time\" content=\"2023-07-17T19:51:45+00:00\" \/>\n<meta property=\"og:image\" content=\"https:\/\/www.gsccanarias.com\/gsc\/wp-content\/uploads\/2023\/07\/170723-Evolucion-Incendio-La-Palma-19-horas.jpg\" \/>\n\t<meta property=\"og:image:width\" content=\"1600\" \/>\n\t<meta property=\"og:image:height\" content=\"1066\" \/>\n\t<meta property=\"og:image:type\" content=\"image\/jpeg\" \/>\n<meta name=\"author\" content=\"Candelaria Ceballos Quintero\" \/>\n<meta name=\"twitter:card\" content=\"summary_large_image\" \/>\n<meta name=\"twitter:label1\" content=\"Escrito por\" \/>\n\t<meta name=\"twitter:data1\" content=\"Candelaria Ceballos Quintero\" \/>\n\t<meta name=\"twitter:label2\" content=\"Tiempo de lectura\" \/>\n\t<meta name=\"twitter:data2\" content=\"3 minutos\" \/>\n<script type=\"application\/ld+json\" class=\"yoast-schema-graph\">{\"@context\":\"https:\\\/\\\/schema.org\",\"@graph\":[{\"@type\":\"Article\",\"@id\":\"https:\\\/\\\/www.gsccanarias.com\\\/gsc\\\/la-evolucion-del-incendio-de-la-palma-permite-nuevos-realojos\\\/#article\",\"isPartOf\":{\"@id\":\"https:\\\/\\\/www.gsccanarias.com\\\/gsc\\\/la-evolucion-del-incendio-de-la-palma-permite-nuevos-realojos\\\/\"},\"author\":{\"name\":\"Candelaria Ceballos Quintero\",\"@id\":\"https:\\\/\\\/www.gsccanarias.com\\\/gsc\\\/#\\\/schema\\\/person\\\/5b9901f4eee7cadbed4628c907cce21f\"},\"headline\":\"La evoluci\u00f3n del incendio de La Palma permite nuevos realojos\",\"datePublished\":\"2023-07-17T19:51:45+00:00\",\"mainEntityOfPage\":{\"@id\":\"https:\\\/\\\/www.gsccanarias.com\\\/gsc\\\/la-evolucion-del-incendio-de-la-palma-permite-nuevos-realojos\\\/\"},\"wordCount\":524,\"commentCount\":0,\"image\":{\"@id\":\"https:\\\/\\\/www.gsccanarias.com\\\/gsc\\\/la-evolucion-del-incendio-de-la-palma-permite-nuevos-realojos\\\/#primaryimage\"},\"thumbnailUrl\":\"https:\\\/\\\/www.gsccanarias.com\\\/gsc\\\/wp-content\\\/uploads\\\/2023\\\/07\\\/170723-Evolucion-Incendio-La-Palma-19-horas.jpg\",\"articleSection\":[\"Noticias\",\"\u00daltimas noticias\"],\"inLanguage\":\"es\",\"potentialAction\":[{\"@type\":\"CommentAction\",\"name\":\"Comment\",\"target\":[\"https:\\\/\\\/www.gsccanarias.com\\\/gsc\\\/la-evolucion-del-incendio-de-la-palma-permite-nuevos-realojos\\\/#respond\"]}]},{\"@type\":\"WebPage\",\"@id\":\"https:\\\/\\\/www.gsccanarias.com\\\/gsc\\\/la-evolucion-del-incendio-de-la-palma-permite-nuevos-realojos\\\/\",\"url\":\"https:\\\/\\\/www.gsccanarias.com\\\/gsc\\\/la-evolucion-del-incendio-de-la-palma-permite-nuevos-realojos\\\/\",\"name\":\"La evoluci\u00f3n del incendio de La Palma permite nuevos realojos - GSC\",\"isPartOf\":{\"@id\":\"https:\\\/\\\/www.gsccanarias.com\\\/gsc\\\/#website\"},\"primaryImageOfPage\":{\"@id\":\"https:\\\/\\\/www.gsccanarias.com\\\/gsc\\\/la-evolucion-del-incendio-de-la-palma-permite-nuevos-realojos\\\/#primaryimage\"},\"image\":{\"@id\":\"https:\\\/\\\/www.gsccanarias.com\\\/gsc\\\/la-evolucion-del-incendio-de-la-palma-permite-nuevos-realojos\\\/#primaryimage\"},\"thumbnailUrl\":\"https:\\\/\\\/www.gsccanarias.com\\\/gsc\\\/wp-content\\\/uploads\\\/2023\\\/07\\\/170723-Evolucion-Incendio-La-Palma-19-horas.jpg\",\"datePublished\":\"2023-07-17T19:51:45+00:00\",\"author\":{\"@id\":\"https:\\\/\\\/www.gsccanarias.com\\\/gsc\\\/#\\\/schema\\\/person\\\/5b9901f4eee7cadbed4628c907cce21f\"},\"breadcrumb\":{\"@id\":\"https:\\\/\\\/www.gsccanarias.com\\\/gsc\\\/la-evolucion-del-incendio-de-la-palma-permite-nuevos-realojos\\\/#breadcrumb\"},\"inLanguage\":\"es\",\"potentialAction\":[{\"@type\":\"ReadAction\",\"target\":[\"https:\\\/\\\/www.gsccanarias.com\\\/gsc\\\/la-evolucion-del-incendio-de-la-palma-permite-nuevos-realojos\\\/\"]}]},{\"@type\":\"ImageObject\",\"inLanguage\":\"es\",\"@id\":\"https:\\\/\\\/www.gsccanarias.com\\\/gsc\\\/la-evolucion-del-incendio-de-la-palma-permite-nuevos-realojos\\\/#primaryimage\",\"url\":\"https:\\\/\\\/www.gsccanarias.com\\\/gsc\\\/wp-content\\\/uploads\\\/2023\\\/07\\\/170723-Evolucion-Incendio-La-Palma-19-horas.jpg\",\"contentUrl\":\"https:\\\/\\\/www.gsccanarias.com\\\/gsc\\\/wp-content\\\/uploads\\\/2023\\\/07\\\/170723-Evolucion-Incendio-La-Palma-19-horas.jpg\",\"width\":1600,\"height\":1066},{\"@type\":\"BreadcrumbList\",\"@id\":\"https:\\\/\\\/www.gsccanarias.com\\\/gsc\\\/la-evolucion-del-incendio-de-la-palma-permite-nuevos-realojos\\\/#breadcrumb\",\"itemListElement\":[{\"@type\":\"ListItem\",\"position\":1,\"name\":\"Portada\",\"item\":\"https:\\\/\\\/www.gsccanarias.com\\\/gsc\\\/\"},{\"@type\":\"ListItem\",\"position\":2,\"name\":\"La evoluci\u00f3n del incendio de La Palma permite nuevos realojos\"}]},{\"@type\":\"WebSite\",\"@id\":\"https:\\\/\\\/www.gsccanarias.com\\\/gsc\\\/#website\",\"url\":\"https:\\\/\\\/www.gsccanarias.com\\\/gsc\\\/\",\"name\":\"GSC\",\"description\":\"Administramos servicios relacionados con la salud, las emergencias, la seguridad y el transporte sanitario\",\"potentialAction\":[{\"@type\":\"SearchAction\",\"target\":{\"@type\":\"EntryPoint\",\"urlTemplate\":\"https:\\\/\\\/www.gsccanarias.com\\\/gsc\\\/?s={search_term_string}\"},\"query-input\":{\"@type\":\"PropertyValueSpecification\",\"valueRequired\":true,\"valueName\":\"search_term_string\"}}],\"inLanguage\":\"es\"},{\"@type\":\"Person\",\"@id\":\"https:\\\/\\\/www.gsccanarias.com\\\/gsc\\\/#\\\/schema\\\/person\\\/5b9901f4eee7cadbed4628c907cce21f\",\"name\":\"Candelaria Ceballos Quintero\",\"image\":{\"@type\":\"ImageObject\",\"inLanguage\":\"es\",\"@id\":\"https:\\\/\\\/secure.gravatar.com\\\/avatar\\\/4f9946c8a8e26afcca94f05df1786a5365e8e246fff67757b9108a432cd46e0d?s=96&d=mm&r=g\",\"url\":\"https:\\\/\\\/secure.gravatar.com\\\/avatar\\\/4f9946c8a8e26afcca94f05df1786a5365e8e246fff67757b9108a432cd46e0d?s=96&d=mm&r=g\",\"contentUrl\":\"https:\\\/\\\/secure.gravatar.com\\\/avatar\\\/4f9946c8a8e26afcca94f05df1786a5365e8e246fff67757b9108a432cd46e0d?s=96&d=mm&r=g\",\"caption\":\"Candelaria Ceballos Quintero\"},\"url\":\"https:\\\/\\\/www.gsccanarias.com\\\/gsc\\\/author\\\/candelaria\\\/\"}]}<\/script>\n<!-- \/ Yoast SEO plugin. -->","yoast_head_json":{"title":"La evoluci\u00f3n del incendio de La Palma permite nuevos realojos - GSC","robots":{"index":"index","follow":"follow","max-snippet":"max-snippet:-1","max-image-preview":"max-image-preview:large","max-video-preview":"max-video-preview:-1"},"canonical":"https:\/\/www.gsccanarias.com\/gsc\/la-evolucion-del-incendio-de-la-palma-permite-nuevos-realojos\/","og_locale":"es_ES","og_type":"article","og_title":"La evoluci\u00f3n del incendio de La Palma permite nuevos realojos - GSC","og_description":"Se autoriza el fin de la evacuaci\u00f3n de Puntagorda, excepto en el barrio de El Roque, y de Tijarafe, salvo la parte superior de la LP-1 desde el Barranco del Jurado hasta el Time Esta noche permanecer\u00e1n 193 efectivos en el operativo de los que...","og_url":"https:\/\/www.gsccanarias.com\/gsc\/la-evolucion-del-incendio-de-la-palma-permite-nuevos-realojos\/","og_site_name":"GSC","article_published_time":"2023-07-17T19:51:45+00:00","og_image":[{"width":1600,"height":1066,"url":"https:\/\/www.gsccanarias.com\/gsc\/wp-content\/uploads\/2023\/07\/170723-Evolucion-Incendio-La-Palma-19-horas.jpg","type":"image\/jpeg"}],"author":"Candelaria Ceballos Quintero","twitter_card":"summary_large_image","twitter_misc":{"Escrito por":"Candelaria Ceballos Quintero","Tiempo de lectura":"3 minutos"},"schema":{"@context":"https:\/\/schema.org","@graph":[{"@type":"Article","@id":"https:\/\/www.gsccanarias.com\/gsc\/la-evolucion-del-incendio-de-la-palma-permite-nuevos-realojos\/#article","isPartOf":{"@id":"https:\/\/www.gsccanarias.com\/gsc\/la-evolucion-del-incendio-de-la-palma-permite-nuevos-realojos\/"},"author":{"name":"Candelaria Ceballos Quintero","@id":"https:\/\/www.gsccanarias.com\/gsc\/#\/schema\/person\/5b9901f4eee7cadbed4628c907cce21f"},"headline":"La evoluci\u00f3n del incendio de La Palma permite nuevos realojos","datePublished":"2023-07-17T19:51:45+00:00","mainEntityOfPage":{"@id":"https:\/\/www.gsccanarias.com\/gsc\/la-evolucion-del-incendio-de-la-palma-permite-nuevos-realojos\/"},"wordCount":524,"commentCount":0,"image":{"@id":"https:\/\/www.gsccanarias.com\/gsc\/la-evolucion-del-incendio-de-la-palma-permite-nuevos-realojos\/#primaryimage"},"thumbnailUrl":"https:\/\/www.gsccanarias.com\/gsc\/wp-content\/uploads\/2023\/07\/170723-Evolucion-Incendio-La-Palma-19-horas.jpg","articleSection":["Noticias","\u00daltimas noticias"],"inLanguage":"es","potentialAction":[{"@type":"CommentAction","name":"Comment","target":["https:\/\/www.gsccanarias.com\/gsc\/la-evolucion-del-incendio-de-la-palma-permite-nuevos-realojos\/#respond"]}]},{"@type":"WebPage","@id":"https:\/\/www.gsccanarias.com\/gsc\/la-evolucion-del-incendio-de-la-palma-permite-nuevos-realojos\/","url":"https:\/\/www.gsccanarias.com\/gsc\/la-evolucion-del-incendio-de-la-palma-permite-nuevos-realojos\/","name":"La evoluci\u00f3n del incendio de La Palma permite nuevos realojos - GSC","isPartOf":{"@id":"https:\/\/www.gsccanarias.com\/gsc\/#website"},"primaryImageOfPage":{"@id":"https:\/\/www.gsccanarias.com\/gsc\/la-evolucion-del-incendio-de-la-palma-permite-nuevos-realojos\/#primaryimage"},"image":{"@id":"https:\/\/www.gsccanarias.com\/gsc\/la-evolucion-del-incendio-de-la-palma-permite-nuevos-realojos\/#primaryimage"},"thumbnailUrl":"https:\/\/www.gsccanarias.com\/gsc\/wp-content\/uploads\/2023\/07\/170723-Evolucion-Incendio-La-Palma-19-horas.jpg","datePublished":"2023-07-17T19:51:45+00:00","author":{"@id":"https:\/\/www.gsccanarias.com\/gsc\/#\/schema\/person\/5b9901f4eee7cadbed4628c907cce21f"},"breadcrumb":{"@id":"https:\/\/www.gsccanarias.com\/gsc\/la-evolucion-del-incendio-de-la-palma-permite-nuevos-realojos\/#breadcrumb"},"inLanguage":"es","potentialAction":[{"@type":"ReadAction","target":["https:\/\/www.gsccanarias.com\/gsc\/la-evolucion-del-incendio-de-la-palma-permite-nuevos-realojos\/"]}]},{"@type":"ImageObject","inLanguage":"es","@id":"https:\/\/www.gsccanarias.com\/gsc\/la-evolucion-del-incendio-de-la-palma-permite-nuevos-realojos\/#primaryimage","url":"https:\/\/www.gsccanarias.com\/gsc\/wp-content\/uploads\/2023\/07\/170723-Evolucion-Incendio-La-Palma-19-horas.jpg","contentUrl":"https:\/\/www.gsccanarias.com\/gsc\/wp-content\/uploads\/2023\/07\/170723-Evolucion-Incendio-La-Palma-19-horas.jpg","width":1600,"height":1066},{"@type":"BreadcrumbList","@id":"https:\/\/www.gsccanarias.com\/gsc\/la-evolucion-del-incendio-de-la-palma-permite-nuevos-realojos\/#breadcrumb","itemListElement":[{"@type":"ListItem","position":1,"name":"Portada","item":"https:\/\/www.gsccanarias.com\/gsc\/"},{"@type":"ListItem","position":2,"name":"La evoluci\u00f3n del incendio de La Palma permite nuevos realojos"}]},{"@type":"WebSite","@id":"https:\/\/www.gsccanarias.com\/gsc\/#website","url":"https:\/\/www.gsccanarias.com\/gsc\/","name":"GSC","description":"Administramos servicios relacionados con la salud, las emergencias, la seguridad y el transporte sanitario","potentialAction":[{"@type":"SearchAction","target":{"@type":"EntryPoint","urlTemplate":"https:\/\/www.gsccanarias.com\/gsc\/?s={search_term_string}"},"query-input":{"@type":"PropertyValueSpecification","valueRequired":true,"valueName":"search_term_string"}}],"inLanguage":"es"},{"@type":"Person","@id":"https:\/\/www.gsccanarias.com\/gsc\/#\/schema\/person\/5b9901f4eee7cadbed4628c907cce21f","name":"Candelaria Ceballos Quintero","image":{"@type":"ImageObject","inLanguage":"es","@id":"https:\/\/secure.gravatar.com\/avatar\/4f9946c8a8e26afcca94f05df1786a5365e8e246fff67757b9108a432cd46e0d?s=96&d=mm&r=g","url":"https:\/\/secure.gravatar.com\/avatar\/4f9946c8a8e26afcca94f05df1786a5365e8e246fff67757b9108a432cd46e0d?s=96&d=mm&r=g","contentUrl":"https:\/\/secure.gravatar.com\/avatar\/4f9946c8a8e26afcca94f05df1786a5365e8e246fff67757b9108a432cd46e0d?s=96&d=mm&r=g","caption":"Candelaria Ceballos Quintero"},"url":"https:\/\/www.gsccanarias.com\/gsc\/author\/candelaria\/"}]}},"publishpress_future_workflow_manual_trigger":{"enabledWorkflows":[]},"_links":{"self":[{"href":"https:\/\/www.gsccanarias.com\/gsc\/wp-json\/wp\/v2\/posts\/13525","targetHints":{"allow":["GET"]}}],"collection":[{"href":"https:\/\/www.gsccanarias.com\/gsc\/wp-json\/wp\/v2\/posts"}],"about":[{"href":"https:\/\/www.gsccanarias.com\/gsc\/wp-json\/wp\/v2\/types\/post"}],"author":[{"embeddable":true,"href":"https:\/\/www.gsccanarias.com\/gsc\/wp-json\/wp\/v2\/users\/5"}],"replies":[{"embeddable":true,"href":"https:\/\/www.gsccanarias.com\/gsc\/wp-json\/wp\/v2\/comments?post=13525"}],"version-history":[{"count":1,"href":"https:\/\/www.gsccanarias.com\/gsc\/wp-json\/wp\/v2\/posts\/13525\/revisions"}],"predecessor-version":[{"id":13527,"href":"https:\/\/www.gsccanarias.com\/gsc\/wp-json\/wp\/v2\/posts\/13525\/revisions\/13527"}],"wp:featuredmedia":[{"embeddable":true,"href":"https:\/\/www.gsccanarias.com\/gsc\/wp-json\/wp\/v2\/media\/13526"}],"wp:attachment":[{"href":"https:\/\/www.gsccanarias.com\/gsc\/wp-json\/wp\/v2\/media?parent=13525"}],"wp:term":[{"taxonomy":"category","embeddable":true,"href":"https:\/\/www.gsccanarias.com\/gsc\/wp-json\/wp\/v2\/categories?post=13525"},{"taxonomy":"post_tag","embeddable":true,"href":"https:\/\/www.gsccanarias.com\/gsc\/wp-json\/wp\/v2\/tags?post=13525"}],"curies":[{"name":"wp","href":"https:\/\/api.w.org\/{rel}","templated":true}]}}