{"id":13031,"date":"2023-01-06T14:07:06","date_gmt":"2023-01-06T14:07:06","guid":{"rendered":"https:\/\/www.gsccanarias.com\/gsc\/?p=13031"},"modified":"2023-01-06T14:07:06","modified_gmt":"2023-01-06T14:07:06","slug":"gsc-paga-mas-de-12-millones-de-euros-a-201-trabajadores-por-el-recorte-del-5-de-sus-retribuciones","status":"publish","type":"post","link":"https:\/\/www.gsccanarias.com\/gsc\/gsc-paga-mas-de-12-millones-de-euros-a-201-trabajadores-por-el-recorte-del-5-de-sus-retribuciones\/","title":{"rendered":"GSC paga m\u00e1s de 1,2 millones de euros a 201 trabajadores por el recorte del 5% de sus retribuciones"},"content":{"rendered":"<blockquote><p><span class=\"s1\">Esta cuant\u00eda corresponde a la actualizaci\u00f3n de las anualidades de 2019 (422.844,25 euros) y de 2022 (834.844,61 euros)<\/span><\/p>\n<p><span class=\"s1\">En marzo se llevar\u00e1 a cabo el abono del montante correspondiente a 2020 (429.500,01 euros) y, en 2024, se har\u00e1 efectivo el de 2021 (438.007,16 euros), tal y como qued\u00f3 establecido en el acto de conciliaci\u00f3n realizado en noviembre de 2021<\/span><\/p>\n<p><span class=\"s1\">GSC cumple as\u00ed, de forma r\u00e1pida el acuerdo adoptado el 30 de diciembre por su Consejo de Administraci\u00f3n, presidido por Julio P\u00e9rez, que mandat\u00f3 restituir las remuneraciones minoradas a la mayor brevedad posible<\/span><\/p><\/blockquote>\n<p class=\"p5\"><strong><span class=\"s1\">Gesti\u00f3n de Servicios para la Salud y Seguridad de Canarias (GSC), empresa p\u00fablica adscrita a las consejer\u00edas de Administraciones P\u00fablicas, Justicia y Seguridad, y Sanidad, ha realizado este jueves el primer pago de las retribuciones del 5% minoradas en 2010 a sus empleados, al abonar 1.257.688,86 euros a 201 trabajadores. Este montante corresponde a la actualizaci\u00f3n de las anualidades de 2019 (422.844,25 euros) y de 2022 (834.844,61 euros).<\/span><\/strong><\/p>\n<p class=\"p5\"><span class=\"s1\">El resto, el importe de 2020 (429.500,01 euros) se reembolsar\u00e1 el pr\u00f3ximo mes de marzo y el de 2021 (438.007,16 euros), en 2024, tal y como se\u00f1ala el acto de conciliaci\u00f3n acordado en el proceso de conflicto colectivo n\u00ba 12\/2020. En total, la cuant\u00eda a restituir asciende a 2.125.196,03 euros.<\/span><\/p>\n<p class=\"p5\"><span class=\"s1\">Con este primer pago, GSC cumple de forma r\u00e1pida el acuerdo adoptado, por unanimidad, por su Consejo de Administraci\u00f3n, en la reuni\u00f3n celebrada el pasado 30 de diciembre, bajo la presidencia del consejero de Administraciones P\u00fablicas, Justicia y Seguridad, Julio P\u00e9rez. Dicho acuerdo mandat\u00f3 a su Comisi\u00f3n Ejecutiva y a su director gerente, Juan Ignacio P\u00e9rez-Nievas, ejecutar, a la mayor brevedad posible, la recuperaci\u00f3n salarial del 5%, una vez que el Gobierno de Canarias hab\u00eda autorizado su restituci\u00f3n un d\u00eda antes.<\/span><\/p>\n<p class=\"p5\"><span class=\"s1\">Adem\u00e1s, seg\u00fan ha anunciado el director gerente, junto a este primer pago, a partir del presente mes de enero las retribuciones de los empleados de GSC tambi\u00e9n incorporar\u00e1n el incremento del 5% recortado a los trabajadores en 2010 debido a la crisis econ\u00f3mica.<\/span><\/p>\n<p class=\"p5\"><span class=\"s1\">La recuperaci\u00f3n salarial y el abono de los atrasos que pudieran derivarse, por parte de 201 trabajadores de GSC que estaban en 2010 en la empresa p\u00fablica y permanecen a\u00fan en ella, fue autorizada por el Consejo de Gobierno desarrollado el pasado 29 de diciembre, tras nuevos informes emitidos por Hacienda, en los que se consideraba que no exist\u00eda obst\u00e1culo para ello.<\/span><\/p>\n<p class=\"p5\"><span class=\"s1\">Hasta ahora, el acuerdo alcanzado en noviembre de 2021 por empresa y empleados, para que la actualizaci\u00f3n salarial se realizara desde el 1 de enero de 2022, no se hab\u00eda podido materializar, debido a que la Comunidad Aut\u00f3noma de Canarias hab\u00eda incumplido la regla de gasto en el ejercicio 2019. Un escollo que se ha logrado resolver gracias al tes\u00f3n del Consejo de Administraci\u00f3n de GSC, que, durante esta legislatura, no ha cejado en su empe\u00f1o, hasta dar con la soluci\u00f3n a un problema que tiene su origen en 2010.<\/span><\/p>\n<p class=\"p5\"><span class=\"s1\">La empresa p\u00fablica GSC tiene encomendada una amplia cartera de servicios, como son las urgencias y el transporte sanitario, la coordinaci\u00f3n de las emergencias, la formaci\u00f3n para la salud y la seguridad p\u00fablica o la gesti\u00f3n econ\u00f3mica y la recaudaci\u00f3n sanitaria, a trav\u00e9s del Servicio de Urgencias Canarias (SUC) y el Centro Coordinador de Emergencias y Seguridad (CECOES) 1-1-2.<\/span><\/p>\n<p class=\"p5\"><span class=\"s1\">Su Consejo de Administraci\u00f3n est\u00e1 conformado, junto con su presidente, Julio P\u00e9rez, por el consejero de Sanidad, Blas Trujillo, en calidad de vicepresidente; el viceconsejero de Administraciones P\u00fablicas y Transparencia, Manuel Mart\u00ednez; la secretaria general t\u00e9cnica de Sanidad, Isabel Le\u00f3n; la secretaria general t\u00e9cnica de Administraciones P\u00fablicas, Justicia y Seguridad, Adela Altamirano; la directora del Servicio Canario de Salud (SCS), Elizabeth Hern\u00e1ndez; el director general de Seguridad y Emergencias, Gustavo de Armas; la directora general de Modernizaci\u00f3n y Calidad de los Servicios, Alicia \u00c1lvarez; y el director general de Patrimonio y Contrataci\u00f3n, Jos\u00e9 Juli\u00e1n Ist\u00faritz.<\/span><\/p>\n<div class=\"pvc_clear\"><\/div>\n<p id=\"pvc_stats_13031\" class=\"pvc_stats all  \" data-element-id=\"13031\" style=\"\"><i class=\"pvc-stats-icon medium\" aria-hidden=\"true\"><svg aria-hidden=\"true\" focusable=\"false\" data-prefix=\"far\" data-icon=\"chart-bar\" role=\"img\" xmlns=\"http:\/\/www.w3.org\/2000\/svg\" viewBox=\"0 0 512 512\" class=\"svg-inline--fa fa-chart-bar fa-w-16 fa-2x\"><path fill=\"currentColor\" d=\"M396.8 352h22.4c6.4 0 12.8-6.4 12.8-12.8V108.8c0-6.4-6.4-12.8-12.8-12.8h-22.4c-6.4 0-12.8 6.4-12.8 12.8v230.4c0 6.4 6.4 12.8 12.8 12.8zm-192 0h22.4c6.4 0 12.8-6.4 12.8-12.8V140.8c0-6.4-6.4-12.8-12.8-12.8h-22.4c-6.4 0-12.8 6.4-12.8 12.8v198.4c0 6.4 6.4 12.8 12.8 12.8zm96 0h22.4c6.4 0 12.8-6.4 12.8-12.8V204.8c0-6.4-6.4-12.8-12.8-12.8h-22.4c-6.4 0-12.8 6.4-12.8 12.8v134.4c0 6.4 6.4 12.8 12.8 12.8zM496 400H48V80c0-8.84-7.16-16-16-16H16C7.16 64 0 71.16 0 80v336c0 17.67 14.33 32 32 32h464c8.84 0 16-7.16 16-16v-16c0-8.84-7.16-16-16-16zm-387.2-48h22.4c6.4 0 12.8-6.4 12.8-12.8v-70.4c0-6.4-6.4-12.8-12.8-12.8h-22.4c-6.4 0-12.8 6.4-12.8 12.8v70.4c0 6.4 6.4 12.8 12.8 12.8z\" class=\"\"><\/path><\/svg><\/i> <\/p>\n<div class=\"pvc_clear\"><\/div>\n<div class=\"print\"><span class=\"page_title\">P\u00e1gina: <span>GSC paga m\u00e1s de 1,2 millones de euros a 201 trabajadores por el recorte del 5% de sus retribuciones<\/span><\/span>\n\t\t\t\t\t\t\t\t\t\t\t<span class=\"page_title\">Fecha de impresi\u00f3n: <span>02\/05\/2026 - 06:52:29 UTC<\/span><\/span>\n\t\t\t\t\t\t\t\t\t\t\t<span class=\"stmp_trans_date\">\u00daltima actualizaci\u00f3n: <span>06\/01\/2023 - 14:07:06<\/span><\/span>\n\t\t\t\t\t\t\t\t\t\t\t<span class=\"stmp_trans_date\">Fecha publicaci\u00f3n: <span>06\/01\/2023 - 14:07:06<\/span><\/span>\n\t\t\t\t\t\t\t\t\t\t\t<span class=\"stmp_trans_date\">Fecha creaci\u00f3n: <span>06\/01\/2023 - 14:07:06<\/span><\/span><\/div>\n\t","protected":false},"excerpt":{"rendered":"<p>Esta cuant\u00eda corresponde a la actualizaci\u00f3n de las anualidades de 2019 (422.844,25 euros) y de 2022 (834.844,61 euros) En marzo se llevar\u00e1 a cabo el abono del montante correspondiente a 2020 (429.500,01 euros) y, en 2024, se har\u00e1 efectivo el de 2021 (438.007,16 euros), tal&#8230;<\/p>\n<div class=\"pvc_clear\"><\/div>\n<p id=\"pvc_stats_13031\" class=\"pvc_stats all  \" data-element-id=\"13031\" style=\"\"><i class=\"pvc-stats-icon medium\" aria-hidden=\"true\"><svg aria-hidden=\"true\" focusable=\"false\" data-prefix=\"far\" data-icon=\"chart-bar\" role=\"img\" xmlns=\"http:\/\/www.w3.org\/2000\/svg\" viewBox=\"0 0 512 512\" class=\"svg-inline--fa fa-chart-bar fa-w-16 fa-2x\"><path fill=\"currentColor\" d=\"M396.8 352h22.4c6.4 0 12.8-6.4 12.8-12.8V108.8c0-6.4-6.4-12.8-12.8-12.8h-22.4c-6.4 0-12.8 6.4-12.8 12.8v230.4c0 6.4 6.4 12.8 12.8 12.8zm-192 0h22.4c6.4 0 12.8-6.4 12.8-12.8V140.8c0-6.4-6.4-12.8-12.8-12.8h-22.4c-6.4 0-12.8 6.4-12.8 12.8v198.4c0 6.4 6.4 12.8 12.8 12.8zm96 0h22.4c6.4 0 12.8-6.4 12.8-12.8V204.8c0-6.4-6.4-12.8-12.8-12.8h-22.4c-6.4 0-12.8 6.4-12.8 12.8v134.4c0 6.4 6.4 12.8 12.8 12.8zM496 400H48V80c0-8.84-7.16-16-16-16H16C7.16 64 0 71.16 0 80v336c0 17.67 14.33 32 32 32h464c8.84 0 16-7.16 16-16v-16c0-8.84-7.16-16-16-16zm-387.2-48h22.4c6.4 0 12.8-6.4 12.8-12.8v-70.4c0-6.4-6.4-12.8-12.8-12.8h-22.4c-6.4 0-12.8 6.4-12.8 12.8v70.4c0 6.4 6.4 12.8 12.8 12.8z\" class=\"\"><\/path><\/svg><\/i> <img loading=\"lazy\" decoding=\"async\" width=\"16\" height=\"16\" alt=\"Loading\" src=\"https:\/\/www.gsccanarias.com\/gsc\/wp-content\/plugins\/page-views-count\/ajax-loader-2x.gif\" border=0 \/><\/p>\n<div class=\"pvc_clear\"><\/div>\n","protected":false},"author":3,"featured_media":13032,"comment_status":"open","ping_status":"open","sticky":false,"template":"","format":"standard","meta":{"footnotes":""},"categories":[36],"tags":[],"class_list":["post-13031","post","type-post","status-publish","format-standard","has-post-thumbnail","hentry","category-ultimas-noticias"],"a3_pvc":{"activated":true,"total_views":1169,"today_views":0},"yoast_head":"<!-- This site is optimized with the Yoast SEO plugin v27.5 - https:\/\/yoast.com\/product\/yoast-seo-wordpress\/ -->\n<title>GSC paga m\u00e1s de 1,2 millones de euros a 201 trabajadores por el recorte del 5% de sus retribuciones - GSC<\/title>\n<meta name=\"robots\" content=\"index, follow, max-snippet:-1, max-image-preview:large, max-video-preview:-1\" \/>\n<link rel=\"canonical\" href=\"https:\/\/www.gsccanarias.com\/gsc\/gsc-paga-mas-de-12-millones-de-euros-a-201-trabajadores-por-el-recorte-del-5-de-sus-retribuciones\/\" \/>\n<meta property=\"og:locale\" content=\"es_ES\" \/>\n<meta property=\"og:type\" content=\"article\" \/>\n<meta property=\"og:title\" content=\"GSC paga m\u00e1s de 1,2 millones de euros a 201 trabajadores por el recorte del 5% de sus retribuciones - GSC\" \/>\n<meta property=\"og:description\" content=\"Esta cuant\u00eda corresponde a la actualizaci\u00f3n de las anualidades de 2019 (422.844,25 euros) y de 2022 (834.844,61 euros) En marzo se llevar\u00e1 a cabo el abono del montante correspondiente a 2020 (429.500,01 euros) y, en 2024, se har\u00e1 efectivo el de 2021 (438.007,16 euros), tal...\" \/>\n<meta property=\"og:url\" content=\"https:\/\/www.gsccanarias.com\/gsc\/gsc-paga-mas-de-12-millones-de-euros-a-201-trabajadores-por-el-recorte-del-5-de-sus-retribuciones\/\" \/>\n<meta property=\"og:site_name\" content=\"GSC\" \/>\n<meta property=\"article:published_time\" content=\"2023-01-06T14:07:06+00:00\" \/>\n<meta property=\"og:image\" content=\"https:\/\/www.gsccanarias.com\/gsc\/wp-content\/uploads\/2023\/01\/30122022CJOADMONGSC5.jpeg\" \/>\n\t<meta property=\"og:image:width\" content=\"1910\" \/>\n\t<meta property=\"og:image:height\" content=\"1390\" \/>\n\t<meta property=\"og:image:type\" content=\"image\/jpeg\" \/>\n<meta name=\"author\" content=\"Lourdes Jorge Su\u00e1rez\" \/>\n<meta name=\"twitter:card\" content=\"summary_large_image\" \/>\n<meta name=\"twitter:label1\" content=\"Escrito por\" \/>\n\t<meta name=\"twitter:data1\" content=\"Lourdes Jorge Su\u00e1rez\" \/>\n\t<meta name=\"twitter:label2\" content=\"Tiempo de lectura\" \/>\n\t<meta name=\"twitter:data2\" content=\"3 minutos\" \/>\n<script type=\"application\/ld+json\" class=\"yoast-schema-graph\">{\"@context\":\"https:\\\/\\\/schema.org\",\"@graph\":[{\"@type\":\"Article\",\"@id\":\"https:\\\/\\\/www.gsccanarias.com\\\/gsc\\\/gsc-paga-mas-de-12-millones-de-euros-a-201-trabajadores-por-el-recorte-del-5-de-sus-retribuciones\\\/#article\",\"isPartOf\":{\"@id\":\"https:\\\/\\\/www.gsccanarias.com\\\/gsc\\\/gsc-paga-mas-de-12-millones-de-euros-a-201-trabajadores-por-el-recorte-del-5-de-sus-retribuciones\\\/\"},\"author\":{\"name\":\"Lourdes Jorge Su\u00e1rez\",\"@id\":\"https:\\\/\\\/www.gsccanarias.com\\\/gsc\\\/#\\\/schema\\\/person\\\/d196d25a84bf50a72676fa5654a84565\"},\"headline\":\"GSC paga m\u00e1s de 1,2 millones de euros a 201 trabajadores por el recorte del 5% de sus retribuciones\",\"datePublished\":\"2023-01-06T14:07:06+00:00\",\"mainEntityOfPage\":{\"@id\":\"https:\\\/\\\/www.gsccanarias.com\\\/gsc\\\/gsc-paga-mas-de-12-millones-de-euros-a-201-trabajadores-por-el-recorte-del-5-de-sus-retribuciones\\\/\"},\"wordCount\":685,\"commentCount\":0,\"image\":{\"@id\":\"https:\\\/\\\/www.gsccanarias.com\\\/gsc\\\/gsc-paga-mas-de-12-millones-de-euros-a-201-trabajadores-por-el-recorte-del-5-de-sus-retribuciones\\\/#primaryimage\"},\"thumbnailUrl\":\"https:\\\/\\\/www.gsccanarias.com\\\/gsc\\\/wp-content\\\/uploads\\\/2023\\\/01\\\/30122022CJOADMONGSC5.jpeg\",\"articleSection\":[\"\u00daltimas noticias\"],\"inLanguage\":\"es\",\"potentialAction\":[{\"@type\":\"CommentAction\",\"name\":\"Comment\",\"target\":[\"https:\\\/\\\/www.gsccanarias.com\\\/gsc\\\/gsc-paga-mas-de-12-millones-de-euros-a-201-trabajadores-por-el-recorte-del-5-de-sus-retribuciones\\\/#respond\"]}]},{\"@type\":\"WebPage\",\"@id\":\"https:\\\/\\\/www.gsccanarias.com\\\/gsc\\\/gsc-paga-mas-de-12-millones-de-euros-a-201-trabajadores-por-el-recorte-del-5-de-sus-retribuciones\\\/\",\"url\":\"https:\\\/\\\/www.gsccanarias.com\\\/gsc\\\/gsc-paga-mas-de-12-millones-de-euros-a-201-trabajadores-por-el-recorte-del-5-de-sus-retribuciones\\\/\",\"name\":\"GSC paga m\u00e1s de 1,2 millones de euros a 201 trabajadores por el recorte del 5% de sus retribuciones - GSC\",\"isPartOf\":{\"@id\":\"https:\\\/\\\/www.gsccanarias.com\\\/gsc\\\/#website\"},\"primaryImageOfPage\":{\"@id\":\"https:\\\/\\\/www.gsccanarias.com\\\/gsc\\\/gsc-paga-mas-de-12-millones-de-euros-a-201-trabajadores-por-el-recorte-del-5-de-sus-retribuciones\\\/#primaryimage\"},\"image\":{\"@id\":\"https:\\\/\\\/www.gsccanarias.com\\\/gsc\\\/gsc-paga-mas-de-12-millones-de-euros-a-201-trabajadores-por-el-recorte-del-5-de-sus-retribuciones\\\/#primaryimage\"},\"thumbnailUrl\":\"https:\\\/\\\/www.gsccanarias.com\\\/gsc\\\/wp-content\\\/uploads\\\/2023\\\/01\\\/30122022CJOADMONGSC5.jpeg\",\"datePublished\":\"2023-01-06T14:07:06+00:00\",\"author\":{\"@id\":\"https:\\\/\\\/www.gsccanarias.com\\\/gsc\\\/#\\\/schema\\\/person\\\/d196d25a84bf50a72676fa5654a84565\"},\"breadcrumb\":{\"@id\":\"https:\\\/\\\/www.gsccanarias.com\\\/gsc\\\/gsc-paga-mas-de-12-millones-de-euros-a-201-trabajadores-por-el-recorte-del-5-de-sus-retribuciones\\\/#breadcrumb\"},\"inLanguage\":\"es\",\"potentialAction\":[{\"@type\":\"ReadAction\",\"target\":[\"https:\\\/\\\/www.gsccanarias.com\\\/gsc\\\/gsc-paga-mas-de-12-millones-de-euros-a-201-trabajadores-por-el-recorte-del-5-de-sus-retribuciones\\\/\"]}]},{\"@type\":\"ImageObject\",\"inLanguage\":\"es\",\"@id\":\"https:\\\/\\\/www.gsccanarias.com\\\/gsc\\\/gsc-paga-mas-de-12-millones-de-euros-a-201-trabajadores-por-el-recorte-del-5-de-sus-retribuciones\\\/#primaryimage\",\"url\":\"https:\\\/\\\/www.gsccanarias.com\\\/gsc\\\/wp-content\\\/uploads\\\/2023\\\/01\\\/30122022CJOADMONGSC5.jpeg\",\"contentUrl\":\"https:\\\/\\\/www.gsccanarias.com\\\/gsc\\\/wp-content\\\/uploads\\\/2023\\\/01\\\/30122022CJOADMONGSC5.jpeg\",\"width\":1910,\"height\":1390},{\"@type\":\"BreadcrumbList\",\"@id\":\"https:\\\/\\\/www.gsccanarias.com\\\/gsc\\\/gsc-paga-mas-de-12-millones-de-euros-a-201-trabajadores-por-el-recorte-del-5-de-sus-retribuciones\\\/#breadcrumb\",\"itemListElement\":[{\"@type\":\"ListItem\",\"position\":1,\"name\":\"Portada\",\"item\":\"https:\\\/\\\/www.gsccanarias.com\\\/gsc\\\/\"},{\"@type\":\"ListItem\",\"position\":2,\"name\":\"GSC paga m\u00e1s de 1,2 millones de euros a 201 trabajadores por el recorte del 5% de sus retribuciones\"}]},{\"@type\":\"WebSite\",\"@id\":\"https:\\\/\\\/www.gsccanarias.com\\\/gsc\\\/#website\",\"url\":\"https:\\\/\\\/www.gsccanarias.com\\\/gsc\\\/\",\"name\":\"GSC\",\"description\":\"Administramos servicios relacionados con la salud, las emergencias, la seguridad y el transporte sanitario\",\"potentialAction\":[{\"@type\":\"SearchAction\",\"target\":{\"@type\":\"EntryPoint\",\"urlTemplate\":\"https:\\\/\\\/www.gsccanarias.com\\\/gsc\\\/?s={search_term_string}\"},\"query-input\":{\"@type\":\"PropertyValueSpecification\",\"valueRequired\":true,\"valueName\":\"search_term_string\"}}],\"inLanguage\":\"es\"},{\"@type\":\"Person\",\"@id\":\"https:\\\/\\\/www.gsccanarias.com\\\/gsc\\\/#\\\/schema\\\/person\\\/d196d25a84bf50a72676fa5654a84565\",\"name\":\"Lourdes Jorge Su\u00e1rez\",\"image\":{\"@type\":\"ImageObject\",\"inLanguage\":\"es\",\"@id\":\"https:\\\/\\\/secure.gravatar.com\\\/avatar\\\/388ba06333518da1b1f4acfce7a2666b62e2debafdb8e5884485b36fae4347e3?s=96&d=mm&r=g\",\"url\":\"https:\\\/\\\/secure.gravatar.com\\\/avatar\\\/388ba06333518da1b1f4acfce7a2666b62e2debafdb8e5884485b36fae4347e3?s=96&d=mm&r=g\",\"contentUrl\":\"https:\\\/\\\/secure.gravatar.com\\\/avatar\\\/388ba06333518da1b1f4acfce7a2666b62e2debafdb8e5884485b36fae4347e3?s=96&d=mm&r=g\",\"caption\":\"Lourdes Jorge Su\u00e1rez\"},\"url\":\"https:\\\/\\\/www.gsccanarias.com\\\/gsc\\\/author\\\/lourdes\\\/\"}]}<\/script>\n<!-- \/ Yoast SEO plugin. -->","yoast_head_json":{"title":"GSC paga m\u00e1s de 1,2 millones de euros a 201 trabajadores por el recorte del 5% de sus retribuciones - GSC","robots":{"index":"index","follow":"follow","max-snippet":"max-snippet:-1","max-image-preview":"max-image-preview:large","max-video-preview":"max-video-preview:-1"},"canonical":"https:\/\/www.gsccanarias.com\/gsc\/gsc-paga-mas-de-12-millones-de-euros-a-201-trabajadores-por-el-recorte-del-5-de-sus-retribuciones\/","og_locale":"es_ES","og_type":"article","og_title":"GSC paga m\u00e1s de 1,2 millones de euros a 201 trabajadores por el recorte del 5% de sus retribuciones - GSC","og_description":"Esta cuant\u00eda corresponde a la actualizaci\u00f3n de las anualidades de 2019 (422.844,25 euros) y de 2022 (834.844,61 euros) En marzo se llevar\u00e1 a cabo el abono del montante correspondiente a 2020 (429.500,01 euros) y, en 2024, se har\u00e1 efectivo el de 2021 (438.007,16 euros), tal...","og_url":"https:\/\/www.gsccanarias.com\/gsc\/gsc-paga-mas-de-12-millones-de-euros-a-201-trabajadores-por-el-recorte-del-5-de-sus-retribuciones\/","og_site_name":"GSC","article_published_time":"2023-01-06T14:07:06+00:00","og_image":[{"width":1910,"height":1390,"url":"https:\/\/www.gsccanarias.com\/gsc\/wp-content\/uploads\/2023\/01\/30122022CJOADMONGSC5.jpeg","type":"image\/jpeg"}],"author":"Lourdes Jorge Su\u00e1rez","twitter_card":"summary_large_image","twitter_misc":{"Escrito por":"Lourdes Jorge Su\u00e1rez","Tiempo de lectura":"3 minutos"},"schema":{"@context":"https:\/\/schema.org","@graph":[{"@type":"Article","@id":"https:\/\/www.gsccanarias.com\/gsc\/gsc-paga-mas-de-12-millones-de-euros-a-201-trabajadores-por-el-recorte-del-5-de-sus-retribuciones\/#article","isPartOf":{"@id":"https:\/\/www.gsccanarias.com\/gsc\/gsc-paga-mas-de-12-millones-de-euros-a-201-trabajadores-por-el-recorte-del-5-de-sus-retribuciones\/"},"author":{"name":"Lourdes Jorge Su\u00e1rez","@id":"https:\/\/www.gsccanarias.com\/gsc\/#\/schema\/person\/d196d25a84bf50a72676fa5654a84565"},"headline":"GSC paga m\u00e1s de 1,2 millones de euros a 201 trabajadores por el recorte del 5% de sus retribuciones","datePublished":"2023-01-06T14:07:06+00:00","mainEntityOfPage":{"@id":"https:\/\/www.gsccanarias.com\/gsc\/gsc-paga-mas-de-12-millones-de-euros-a-201-trabajadores-por-el-recorte-del-5-de-sus-retribuciones\/"},"wordCount":685,"commentCount":0,"image":{"@id":"https:\/\/www.gsccanarias.com\/gsc\/gsc-paga-mas-de-12-millones-de-euros-a-201-trabajadores-por-el-recorte-del-5-de-sus-retribuciones\/#primaryimage"},"thumbnailUrl":"https:\/\/www.gsccanarias.com\/gsc\/wp-content\/uploads\/2023\/01\/30122022CJOADMONGSC5.jpeg","articleSection":["\u00daltimas noticias"],"inLanguage":"es","potentialAction":[{"@type":"CommentAction","name":"Comment","target":["https:\/\/www.gsccanarias.com\/gsc\/gsc-paga-mas-de-12-millones-de-euros-a-201-trabajadores-por-el-recorte-del-5-de-sus-retribuciones\/#respond"]}]},{"@type":"WebPage","@id":"https:\/\/www.gsccanarias.com\/gsc\/gsc-paga-mas-de-12-millones-de-euros-a-201-trabajadores-por-el-recorte-del-5-de-sus-retribuciones\/","url":"https:\/\/www.gsccanarias.com\/gsc\/gsc-paga-mas-de-12-millones-de-euros-a-201-trabajadores-por-el-recorte-del-5-de-sus-retribuciones\/","name":"GSC paga m\u00e1s de 1,2 millones de euros a 201 trabajadores por el recorte del 5% de sus retribuciones - GSC","isPartOf":{"@id":"https:\/\/www.gsccanarias.com\/gsc\/#website"},"primaryImageOfPage":{"@id":"https:\/\/www.gsccanarias.com\/gsc\/gsc-paga-mas-de-12-millones-de-euros-a-201-trabajadores-por-el-recorte-del-5-de-sus-retribuciones\/#primaryimage"},"image":{"@id":"https:\/\/www.gsccanarias.com\/gsc\/gsc-paga-mas-de-12-millones-de-euros-a-201-trabajadores-por-el-recorte-del-5-de-sus-retribuciones\/#primaryimage"},"thumbnailUrl":"https:\/\/www.gsccanarias.com\/gsc\/wp-content\/uploads\/2023\/01\/30122022CJOADMONGSC5.jpeg","datePublished":"2023-01-06T14:07:06+00:00","author":{"@id":"https:\/\/www.gsccanarias.com\/gsc\/#\/schema\/person\/d196d25a84bf50a72676fa5654a84565"},"breadcrumb":{"@id":"https:\/\/www.gsccanarias.com\/gsc\/gsc-paga-mas-de-12-millones-de-euros-a-201-trabajadores-por-el-recorte-del-5-de-sus-retribuciones\/#breadcrumb"},"inLanguage":"es","potentialAction":[{"@type":"ReadAction","target":["https:\/\/www.gsccanarias.com\/gsc\/gsc-paga-mas-de-12-millones-de-euros-a-201-trabajadores-por-el-recorte-del-5-de-sus-retribuciones\/"]}]},{"@type":"ImageObject","inLanguage":"es","@id":"https:\/\/www.gsccanarias.com\/gsc\/gsc-paga-mas-de-12-millones-de-euros-a-201-trabajadores-por-el-recorte-del-5-de-sus-retribuciones\/#primaryimage","url":"https:\/\/www.gsccanarias.com\/gsc\/wp-content\/uploads\/2023\/01\/30122022CJOADMONGSC5.jpeg","contentUrl":"https:\/\/www.gsccanarias.com\/gsc\/wp-content\/uploads\/2023\/01\/30122022CJOADMONGSC5.jpeg","width":1910,"height":1390},{"@type":"BreadcrumbList","@id":"https:\/\/www.gsccanarias.com\/gsc\/gsc-paga-mas-de-12-millones-de-euros-a-201-trabajadores-por-el-recorte-del-5-de-sus-retribuciones\/#breadcrumb","itemListElement":[{"@type":"ListItem","position":1,"name":"Portada","item":"https:\/\/www.gsccanarias.com\/gsc\/"},{"@type":"ListItem","position":2,"name":"GSC paga m\u00e1s de 1,2 millones de euros a 201 trabajadores por el recorte del 5% de sus retribuciones"}]},{"@type":"WebSite","@id":"https:\/\/www.gsccanarias.com\/gsc\/#website","url":"https:\/\/www.gsccanarias.com\/gsc\/","name":"GSC","description":"Administramos servicios relacionados con la salud, las emergencias, la seguridad y el transporte sanitario","potentialAction":[{"@type":"SearchAction","target":{"@type":"EntryPoint","urlTemplate":"https:\/\/www.gsccanarias.com\/gsc\/?s={search_term_string}"},"query-input":{"@type":"PropertyValueSpecification","valueRequired":true,"valueName":"search_term_string"}}],"inLanguage":"es"},{"@type":"Person","@id":"https:\/\/www.gsccanarias.com\/gsc\/#\/schema\/person\/d196d25a84bf50a72676fa5654a84565","name":"Lourdes Jorge Su\u00e1rez","image":{"@type":"ImageObject","inLanguage":"es","@id":"https:\/\/secure.gravatar.com\/avatar\/388ba06333518da1b1f4acfce7a2666b62e2debafdb8e5884485b36fae4347e3?s=96&d=mm&r=g","url":"https:\/\/secure.gravatar.com\/avatar\/388ba06333518da1b1f4acfce7a2666b62e2debafdb8e5884485b36fae4347e3?s=96&d=mm&r=g","contentUrl":"https:\/\/secure.gravatar.com\/avatar\/388ba06333518da1b1f4acfce7a2666b62e2debafdb8e5884485b36fae4347e3?s=96&d=mm&r=g","caption":"Lourdes Jorge Su\u00e1rez"},"url":"https:\/\/www.gsccanarias.com\/gsc\/author\/lourdes\/"}]}},"publishpress_future_workflow_manual_trigger":{"enabledWorkflows":[]},"_links":{"self":[{"href":"https:\/\/www.gsccanarias.com\/gsc\/wp-json\/wp\/v2\/posts\/13031","targetHints":{"allow":["GET"]}}],"collection":[{"href":"https:\/\/www.gsccanarias.com\/gsc\/wp-json\/wp\/v2\/posts"}],"about":[{"href":"https:\/\/www.gsccanarias.com\/gsc\/wp-json\/wp\/v2\/types\/post"}],"author":[{"embeddable":true,"href":"https:\/\/www.gsccanarias.com\/gsc\/wp-json\/wp\/v2\/users\/3"}],"replies":[{"embeddable":true,"href":"https:\/\/www.gsccanarias.com\/gsc\/wp-json\/wp\/v2\/comments?post=13031"}],"version-history":[{"count":1,"href":"https:\/\/www.gsccanarias.com\/gsc\/wp-json\/wp\/v2\/posts\/13031\/revisions"}],"predecessor-version":[{"id":13033,"href":"https:\/\/www.gsccanarias.com\/gsc\/wp-json\/wp\/v2\/posts\/13031\/revisions\/13033"}],"wp:featuredmedia":[{"embeddable":true,"href":"https:\/\/www.gsccanarias.com\/gsc\/wp-json\/wp\/v2\/media\/13032"}],"wp:attachment":[{"href":"https:\/\/www.gsccanarias.com\/gsc\/wp-json\/wp\/v2\/media?parent=13031"}],"wp:term":[{"taxonomy":"category","embeddable":true,"href":"https:\/\/www.gsccanarias.com\/gsc\/wp-json\/wp\/v2\/categories?post=13031"},{"taxonomy":"post_tag","embeddable":true,"href":"https:\/\/www.gsccanarias.com\/gsc\/wp-json\/wp\/v2\/tags?post=13031"}],"curies":[{"name":"wp","href":"https:\/\/api.w.org\/{rel}","templated":true}]}}