{"id":12939,"date":"2022-11-07T10:05:59","date_gmt":"2022-11-07T10:05:59","guid":{"rendered":"https:\/\/www.gsccanarias.com\/gsc\/?p=12939"},"modified":"2022-11-07T10:05:59","modified_gmt":"2022-11-07T10:05:59","slug":"la-experiencia-del-suc-en-la-crisis-volcanica-y-la-asistencia-sanitaria-a-migrantes-en-el-xiii-congreso-semes-canarias","status":"publish","type":"post","link":"https:\/\/www.gsccanarias.com\/gsc\/la-experiencia-del-suc-en-la-crisis-volcanica-y-la-asistencia-sanitaria-a-migrantes-en-el-xiii-congreso-semes-canarias\/","title":{"rendered":"La experiencia del SUC en la crisis volc\u00e1nica y la asistencia sanitaria a migrantes, en el XIII Congreso SEMES-Canarias"},"content":{"rendered":"<blockquote><p>El Servicio de Urgencias Canario participa en dos mesas redondas del encuentro, que se celebra en Lanzarote<\/p><\/blockquote>\n<p><strong>El Servicio de Urgencias Canario (SUC), adscrito a la Consejer\u00eda de Sanidad del Gobierno de Canarias, ha participado este fin de semana en el XIII Congreso de la Sociedad Canaria de Medicina de Urgencias y Emergencias (SEMES-Canarias), celebrado en Lanzarote, exponiendo su experiencia en la crisis volc\u00e1nica y en la asistencia sanitaria a los migrantes que llegan a las costas canarias.<\/strong><\/p>\n<p>El SUC forma parte del grupo sanitario en los planes de emergencias de Canarias y dispone de un Plan de Contingencias (PLACON) para dar una respuesta r\u00e1pida y adecuada a las situaciones de cat\u00e1strofes.<\/p>\n<p>La crisis volc\u00e1nica centr\u00f3 la intervenci\u00f3n de Marcela Posca, responsable de la Unidad de Coordinaci\u00f3n Operativa y Mesa de Transporte del SUC en Santa Cruz de Tenerife, quien explic\u00f3 c\u00f3mo el SUC tuvo que reorganizar el servicio para hacer frente a esta situaci\u00f3n extraordinaria y seguir atendiendo a los pacientes que requer\u00edan una asistencia urgente y traslado en ambulancia. En este sentido, Posca detall\u00f3 que se reforzaron los recursos de la isla para disponer de tres ambulancias de soporte vital avanzado (ASVA) que pudieran \u00a0atender tanto los puntos de encuentro y albergues, \u00a0como el transporte de pacientes graves por v\u00eda mar\u00edtima a la isla de Tenerife, adem\u00e1s de poner en funcionamiento otra ambulancia de soporte vital b\u00e1sico (ASVB) en zona de Fuencaliente, que posteriormente cambi\u00f3 de ubicaci\u00f3n al nuevo Consultorio Local de Las Manchas.<\/p>\n<p>En lo que se refiere al transporte sanitario no urgente (TSNU), se asumi\u00f3 la evacuaci\u00f3n de personas dependientes hacia el albergue y la reubicaci\u00f3n de estas personas en otros centros o casas familiares. Adem\u00e1s, el transporte no urgente tuvo que adaptar sus rutas de las ambulancias para poder trasladar a los pacientes que cambiaron de domicilio, con el fin de no interrumpir sus consultas o tratamientos.<\/p>\n<p>Durante su intervenci\u00f3n, Marcela Posca tambi\u00e9n hizo referencia al convenio de colaboraci\u00f3n con el Colegio de Psic\u00f3logos de la provincia de S\/C de Tenerife (COP), que permiti\u00f3 su activaci\u00f3n desde el mismo d\u00eda de la erupci\u00f3n. Al respecto se\u00f1al\u00f3 que, desde el d\u00eda siguiente a la erupci\u00f3n, el COP puso a disposici\u00f3n de los afectados un tel\u00e9fono gratuito donde participaron hasta 60 psic\u00f3logos.<\/p>\n<p>La atenci\u00f3n a los migrantes recay\u00f3 en Carlos Quintana, enfermero coordinador del SUC en la provincia de Las Palmas, quien centr\u00f3 su exposici\u00f3n en el protocolo de actuaci\u00f3n del Servicio de Urgencias Canario ante la llegada a las costas de Gran Canaria, Fuerteventura y Lanzarote.<\/p>\n<p>Este protocolo se pone en marcha cuando el Centro Coordinador de Emergencias y Seguridad (CECOES) 1-1-2 del Gobierno de Canarias recibe la alerta sobre la llegada de una patera a las islas y lo comunica al SUC.\u00a0 A partir de ese momento, la gesti\u00f3n de este incidente la asume directamente el sector sanitario, en la figura del enfermero coordinador, que contacta con Cruz Roja Espa\u00f1ola y el Servicio Canario de Salud, para conocer su disponibilidad de recursos y personal sanitario, al objeto de dimensionar la respuesta del SUC.<\/p>\n<p>La asignaci\u00f3n de recursos se realiza en funci\u00f3n del n\u00famero de ocupantes que vienen en la embarcaci\u00f3n y de su estado. Tras la primera valoraci\u00f3n por el dispositivo sanitario en tierra y la informaci\u00f3n que se recibe en la sala de coordinaci\u00f3n, el SUC puede ajustar la respuesta seg\u00fan las necesidades sanitarias reales del incidente.<\/p>\n<p>&nbsp;<\/p>\n<div class=\"pvc_clear\"><\/div>\n<p id=\"pvc_stats_12939\" class=\"pvc_stats all  \" data-element-id=\"12939\" style=\"\"><i class=\"pvc-stats-icon medium\" aria-hidden=\"true\"><svg aria-hidden=\"true\" focusable=\"false\" data-prefix=\"far\" data-icon=\"chart-bar\" role=\"img\" xmlns=\"http:\/\/www.w3.org\/2000\/svg\" viewBox=\"0 0 512 512\" class=\"svg-inline--fa fa-chart-bar fa-w-16 fa-2x\"><path fill=\"currentColor\" d=\"M396.8 352h22.4c6.4 0 12.8-6.4 12.8-12.8V108.8c0-6.4-6.4-12.8-12.8-12.8h-22.4c-6.4 0-12.8 6.4-12.8 12.8v230.4c0 6.4 6.4 12.8 12.8 12.8zm-192 0h22.4c6.4 0 12.8-6.4 12.8-12.8V140.8c0-6.4-6.4-12.8-12.8-12.8h-22.4c-6.4 0-12.8 6.4-12.8 12.8v198.4c0 6.4 6.4 12.8 12.8 12.8zm96 0h22.4c6.4 0 12.8-6.4 12.8-12.8V204.8c0-6.4-6.4-12.8-12.8-12.8h-22.4c-6.4 0-12.8 6.4-12.8 12.8v134.4c0 6.4 6.4 12.8 12.8 12.8zM496 400H48V80c0-8.84-7.16-16-16-16H16C7.16 64 0 71.16 0 80v336c0 17.67 14.33 32 32 32h464c8.84 0 16-7.16 16-16v-16c0-8.84-7.16-16-16-16zm-387.2-48h22.4c6.4 0 12.8-6.4 12.8-12.8v-70.4c0-6.4-6.4-12.8-12.8-12.8h-22.4c-6.4 0-12.8 6.4-12.8 12.8v70.4c0 6.4 6.4 12.8 12.8 12.8z\" class=\"\"><\/path><\/svg><\/i> <\/p>\n<div class=\"pvc_clear\"><\/div>\n<div class=\"print\"><span class=\"page_title\">P\u00e1gina: <span>La experiencia del SUC en la crisis volc\u00e1nica y la asistencia sanitaria a migrantes, en el XIII Congreso SEMES-Canarias<\/span><\/span>\n\t\t\t\t\t\t\t\t\t\t\t<span class=\"page_title\">Fecha de impresi\u00f3n: <span>02\/05\/2026 - 06:58:38 UTC<\/span><\/span>\n\t\t\t\t\t\t\t\t\t\t\t<span class=\"stmp_trans_date\">\u00daltima actualizaci\u00f3n: <span>07\/11\/2022 - 10:05:59<\/span><\/span>\n\t\t\t\t\t\t\t\t\t\t\t<span class=\"stmp_trans_date\">Fecha publicaci\u00f3n: <span>07\/11\/2022 - 10:05:59<\/span><\/span>\n\t\t\t\t\t\t\t\t\t\t\t<span class=\"stmp_trans_date\">Fecha creaci\u00f3n: <span>07\/11\/2022 - 10:05:59<\/span><\/span><\/div>\n\t","protected":false},"excerpt":{"rendered":"<p>El Servicio de Urgencias Canario participa en dos mesas redondas del encuentro, que se celebra en Lanzarote El Servicio de Urgencias Canario (SUC), adscrito a la Consejer\u00eda de Sanidad del Gobierno de Canarias, ha participado este fin de semana en el XIII Congreso de la&#8230;<\/p>\n<div class=\"pvc_clear\"><\/div>\n<p id=\"pvc_stats_12939\" class=\"pvc_stats all  \" data-element-id=\"12939\" style=\"\"><i class=\"pvc-stats-icon medium\" aria-hidden=\"true\"><svg aria-hidden=\"true\" focusable=\"false\" data-prefix=\"far\" data-icon=\"chart-bar\" role=\"img\" xmlns=\"http:\/\/www.w3.org\/2000\/svg\" viewBox=\"0 0 512 512\" class=\"svg-inline--fa fa-chart-bar fa-w-16 fa-2x\"><path fill=\"currentColor\" d=\"M396.8 352h22.4c6.4 0 12.8-6.4 12.8-12.8V108.8c0-6.4-6.4-12.8-12.8-12.8h-22.4c-6.4 0-12.8 6.4-12.8 12.8v230.4c0 6.4 6.4 12.8 12.8 12.8zm-192 0h22.4c6.4 0 12.8-6.4 12.8-12.8V140.8c0-6.4-6.4-12.8-12.8-12.8h-22.4c-6.4 0-12.8 6.4-12.8 12.8v198.4c0 6.4 6.4 12.8 12.8 12.8zm96 0h22.4c6.4 0 12.8-6.4 12.8-12.8V204.8c0-6.4-6.4-12.8-12.8-12.8h-22.4c-6.4 0-12.8 6.4-12.8 12.8v134.4c0 6.4 6.4 12.8 12.8 12.8zM496 400H48V80c0-8.84-7.16-16-16-16H16C7.16 64 0 71.16 0 80v336c0 17.67 14.33 32 32 32h464c8.84 0 16-7.16 16-16v-16c0-8.84-7.16-16-16-16zm-387.2-48h22.4c6.4 0 12.8-6.4 12.8-12.8v-70.4c0-6.4-6.4-12.8-12.8-12.8h-22.4c-6.4 0-12.8 6.4-12.8 12.8v70.4c0 6.4 6.4 12.8 12.8 12.8z\" class=\"\"><\/path><\/svg><\/i> <img loading=\"lazy\" decoding=\"async\" width=\"16\" height=\"16\" alt=\"Loading\" src=\"https:\/\/www.gsccanarias.com\/gsc\/wp-content\/plugins\/page-views-count\/ajax-loader-2x.gif\" border=0 \/><\/p>\n<div class=\"pvc_clear\"><\/div>\n","protected":false},"author":4,"featured_media":12940,"comment_status":"open","ping_status":"open","sticky":false,"template":"","format":"standard","meta":{"footnotes":""},"categories":[35,39,36],"tags":[51,54],"class_list":["post-12939","post","type-post","status-publish","format-standard","has-post-thumbnail","hentry","category-noticias","category-suc","category-ultimas-noticias","tag-suc","tag-semes"],"a3_pvc":{"activated":true,"total_views":5453,"today_views":1},"yoast_head":"<!-- This site is optimized with the Yoast SEO plugin v27.5 - https:\/\/yoast.com\/product\/yoast-seo-wordpress\/ -->\n<title>La experiencia del SUC en la crisis volc\u00e1nica y la asistencia sanitaria a migrantes, en el XIII Congreso SEMES-Canarias - GSC<\/title>\n<meta name=\"robots\" content=\"index, follow, max-snippet:-1, max-image-preview:large, max-video-preview:-1\" \/>\n<link rel=\"canonical\" href=\"https:\/\/www.gsccanarias.com\/gsc\/la-experiencia-del-suc-en-la-crisis-volcanica-y-la-asistencia-sanitaria-a-migrantes-en-el-xiii-congreso-semes-canarias\/\" \/>\n<meta property=\"og:locale\" content=\"es_ES\" \/>\n<meta property=\"og:type\" content=\"article\" \/>\n<meta property=\"og:title\" content=\"La experiencia del SUC en la crisis volc\u00e1nica y la asistencia sanitaria a migrantes, en el XIII Congreso SEMES-Canarias - GSC\" \/>\n<meta property=\"og:description\" content=\"El Servicio de Urgencias Canario participa en dos mesas redondas del encuentro, que se celebra en Lanzarote El Servicio de Urgencias Canario (SUC), adscrito a la Consejer\u00eda de Sanidad del Gobierno de Canarias, ha participado este fin de semana en el XIII Congreso de la...\" \/>\n<meta property=\"og:url\" content=\"https:\/\/www.gsccanarias.com\/gsc\/la-experiencia-del-suc-en-la-crisis-volcanica-y-la-asistencia-sanitaria-a-migrantes-en-el-xiii-congreso-semes-canarias\/\" \/>\n<meta property=\"og:site_name\" content=\"GSC\" \/>\n<meta property=\"article:published_time\" content=\"2022-11-07T10:05:59+00:00\" \/>\n<meta property=\"og:image\" content=\"https:\/\/www.gsccanarias.com\/gsc\/wp-content\/uploads\/2022\/11\/Tecnico-de-coordinacion-del-SUC-en-la-erupcion-volcanica-en-La-Palma.jpeg\" \/>\n\t<meta property=\"og:image:width\" content=\"1024\" \/>\n\t<meta property=\"og:image:height\" content=\"768\" \/>\n\t<meta property=\"og:image:type\" content=\"image\/jpeg\" \/>\n<meta name=\"author\" content=\"Rosa Carmen Lorenzo Triana\" \/>\n<meta name=\"twitter:card\" content=\"summary_large_image\" \/>\n<meta name=\"twitter:label1\" content=\"Escrito por\" \/>\n\t<meta name=\"twitter:data1\" content=\"Rosa Carmen Lorenzo Triana\" \/>\n\t<meta name=\"twitter:label2\" content=\"Tiempo de lectura\" \/>\n\t<meta name=\"twitter:data2\" content=\"3 minutos\" \/>\n<script type=\"application\/ld+json\" class=\"yoast-schema-graph\">{\"@context\":\"https:\\\/\\\/schema.org\",\"@graph\":[{\"@type\":\"Article\",\"@id\":\"https:\\\/\\\/www.gsccanarias.com\\\/gsc\\\/la-experiencia-del-suc-en-la-crisis-volcanica-y-la-asistencia-sanitaria-a-migrantes-en-el-xiii-congreso-semes-canarias\\\/#article\",\"isPartOf\":{\"@id\":\"https:\\\/\\\/www.gsccanarias.com\\\/gsc\\\/la-experiencia-del-suc-en-la-crisis-volcanica-y-la-asistencia-sanitaria-a-migrantes-en-el-xiii-congreso-semes-canarias\\\/\"},\"author\":{\"name\":\"Rosa Carmen Lorenzo Triana\",\"@id\":\"https:\\\/\\\/www.gsccanarias.com\\\/gsc\\\/#\\\/schema\\\/person\\\/6344674ae7d554f04a860ccb99b97e7d\"},\"headline\":\"La experiencia del SUC en la crisis volc\u00e1nica y la asistencia sanitaria a migrantes, en el XIII Congreso SEMES-Canarias\",\"datePublished\":\"2022-11-07T10:05:59+00:00\",\"mainEntityOfPage\":{\"@id\":\"https:\\\/\\\/www.gsccanarias.com\\\/gsc\\\/la-experiencia-del-suc-en-la-crisis-volcanica-y-la-asistencia-sanitaria-a-migrantes-en-el-xiii-congreso-semes-canarias\\\/\"},\"wordCount\":629,\"commentCount\":0,\"image\":{\"@id\":\"https:\\\/\\\/www.gsccanarias.com\\\/gsc\\\/la-experiencia-del-suc-en-la-crisis-volcanica-y-la-asistencia-sanitaria-a-migrantes-en-el-xiii-congreso-semes-canarias\\\/#primaryimage\"},\"thumbnailUrl\":\"https:\\\/\\\/www.gsccanarias.com\\\/gsc\\\/wp-content\\\/uploads\\\/2022\\\/11\\\/Tecnico-de-coordinacion-del-SUC-en-la-erupcion-volcanica-en-La-Palma.jpeg\",\"keywords\":[\"#SUC\",\"SEMES\"],\"articleSection\":[\"Noticias\",\"SUC\",\"\u00daltimas noticias\"],\"inLanguage\":\"es\",\"potentialAction\":[{\"@type\":\"CommentAction\",\"name\":\"Comment\",\"target\":[\"https:\\\/\\\/www.gsccanarias.com\\\/gsc\\\/la-experiencia-del-suc-en-la-crisis-volcanica-y-la-asistencia-sanitaria-a-migrantes-en-el-xiii-congreso-semes-canarias\\\/#respond\"]}]},{\"@type\":\"WebPage\",\"@id\":\"https:\\\/\\\/www.gsccanarias.com\\\/gsc\\\/la-experiencia-del-suc-en-la-crisis-volcanica-y-la-asistencia-sanitaria-a-migrantes-en-el-xiii-congreso-semes-canarias\\\/\",\"url\":\"https:\\\/\\\/www.gsccanarias.com\\\/gsc\\\/la-experiencia-del-suc-en-la-crisis-volcanica-y-la-asistencia-sanitaria-a-migrantes-en-el-xiii-congreso-semes-canarias\\\/\",\"name\":\"La experiencia del SUC en la crisis volc\u00e1nica y la asistencia sanitaria a migrantes, en el XIII Congreso SEMES-Canarias - GSC\",\"isPartOf\":{\"@id\":\"https:\\\/\\\/www.gsccanarias.com\\\/gsc\\\/#website\"},\"primaryImageOfPage\":{\"@id\":\"https:\\\/\\\/www.gsccanarias.com\\\/gsc\\\/la-experiencia-del-suc-en-la-crisis-volcanica-y-la-asistencia-sanitaria-a-migrantes-en-el-xiii-congreso-semes-canarias\\\/#primaryimage\"},\"image\":{\"@id\":\"https:\\\/\\\/www.gsccanarias.com\\\/gsc\\\/la-experiencia-del-suc-en-la-crisis-volcanica-y-la-asistencia-sanitaria-a-migrantes-en-el-xiii-congreso-semes-canarias\\\/#primaryimage\"},\"thumbnailUrl\":\"https:\\\/\\\/www.gsccanarias.com\\\/gsc\\\/wp-content\\\/uploads\\\/2022\\\/11\\\/Tecnico-de-coordinacion-del-SUC-en-la-erupcion-volcanica-en-La-Palma.jpeg\",\"datePublished\":\"2022-11-07T10:05:59+00:00\",\"author\":{\"@id\":\"https:\\\/\\\/www.gsccanarias.com\\\/gsc\\\/#\\\/schema\\\/person\\\/6344674ae7d554f04a860ccb99b97e7d\"},\"breadcrumb\":{\"@id\":\"https:\\\/\\\/www.gsccanarias.com\\\/gsc\\\/la-experiencia-del-suc-en-la-crisis-volcanica-y-la-asistencia-sanitaria-a-migrantes-en-el-xiii-congreso-semes-canarias\\\/#breadcrumb\"},\"inLanguage\":\"es\",\"potentialAction\":[{\"@type\":\"ReadAction\",\"target\":[\"https:\\\/\\\/www.gsccanarias.com\\\/gsc\\\/la-experiencia-del-suc-en-la-crisis-volcanica-y-la-asistencia-sanitaria-a-migrantes-en-el-xiii-congreso-semes-canarias\\\/\"]}]},{\"@type\":\"ImageObject\",\"inLanguage\":\"es\",\"@id\":\"https:\\\/\\\/www.gsccanarias.com\\\/gsc\\\/la-experiencia-del-suc-en-la-crisis-volcanica-y-la-asistencia-sanitaria-a-migrantes-en-el-xiii-congreso-semes-canarias\\\/#primaryimage\",\"url\":\"https:\\\/\\\/www.gsccanarias.com\\\/gsc\\\/wp-content\\\/uploads\\\/2022\\\/11\\\/Tecnico-de-coordinacion-del-SUC-en-la-erupcion-volcanica-en-La-Palma.jpeg\",\"contentUrl\":\"https:\\\/\\\/www.gsccanarias.com\\\/gsc\\\/wp-content\\\/uploads\\\/2022\\\/11\\\/Tecnico-de-coordinacion-del-SUC-en-la-erupcion-volcanica-en-La-Palma.jpeg\",\"width\":1024,\"height\":768},{\"@type\":\"BreadcrumbList\",\"@id\":\"https:\\\/\\\/www.gsccanarias.com\\\/gsc\\\/la-experiencia-del-suc-en-la-crisis-volcanica-y-la-asistencia-sanitaria-a-migrantes-en-el-xiii-congreso-semes-canarias\\\/#breadcrumb\",\"itemListElement\":[{\"@type\":\"ListItem\",\"position\":1,\"name\":\"Portada\",\"item\":\"https:\\\/\\\/www.gsccanarias.com\\\/gsc\\\/\"},{\"@type\":\"ListItem\",\"position\":2,\"name\":\"La experiencia del SUC en la crisis volc\u00e1nica y la asistencia sanitaria a migrantes, en el XIII Congreso SEMES-Canarias\"}]},{\"@type\":\"WebSite\",\"@id\":\"https:\\\/\\\/www.gsccanarias.com\\\/gsc\\\/#website\",\"url\":\"https:\\\/\\\/www.gsccanarias.com\\\/gsc\\\/\",\"name\":\"GSC\",\"description\":\"Administramos servicios relacionados con la salud, las emergencias, la seguridad y el transporte sanitario\",\"potentialAction\":[{\"@type\":\"SearchAction\",\"target\":{\"@type\":\"EntryPoint\",\"urlTemplate\":\"https:\\\/\\\/www.gsccanarias.com\\\/gsc\\\/?s={search_term_string}\"},\"query-input\":{\"@type\":\"PropertyValueSpecification\",\"valueRequired\":true,\"valueName\":\"search_term_string\"}}],\"inLanguage\":\"es\"},{\"@type\":\"Person\",\"@id\":\"https:\\\/\\\/www.gsccanarias.com\\\/gsc\\\/#\\\/schema\\\/person\\\/6344674ae7d554f04a860ccb99b97e7d\",\"name\":\"Rosa Carmen Lorenzo Triana\",\"image\":{\"@type\":\"ImageObject\",\"inLanguage\":\"es\",\"@id\":\"https:\\\/\\\/secure.gravatar.com\\\/avatar\\\/817029d03413189e37216a598d11d54efd16196c5548b111b1ec9676c4a90739?s=96&d=mm&r=g\",\"url\":\"https:\\\/\\\/secure.gravatar.com\\\/avatar\\\/817029d03413189e37216a598d11d54efd16196c5548b111b1ec9676c4a90739?s=96&d=mm&r=g\",\"contentUrl\":\"https:\\\/\\\/secure.gravatar.com\\\/avatar\\\/817029d03413189e37216a598d11d54efd16196c5548b111b1ec9676c4a90739?s=96&d=mm&r=g\",\"caption\":\"Rosa Carmen Lorenzo Triana\"},\"url\":\"https:\\\/\\\/www.gsccanarias.com\\\/gsc\\\/author\\\/rosa\\\/\"}]}<\/script>\n<!-- \/ Yoast SEO plugin. -->","yoast_head_json":{"title":"La experiencia del SUC en la crisis volc\u00e1nica y la asistencia sanitaria a migrantes, en el XIII Congreso SEMES-Canarias - GSC","robots":{"index":"index","follow":"follow","max-snippet":"max-snippet:-1","max-image-preview":"max-image-preview:large","max-video-preview":"max-video-preview:-1"},"canonical":"https:\/\/www.gsccanarias.com\/gsc\/la-experiencia-del-suc-en-la-crisis-volcanica-y-la-asistencia-sanitaria-a-migrantes-en-el-xiii-congreso-semes-canarias\/","og_locale":"es_ES","og_type":"article","og_title":"La experiencia del SUC en la crisis volc\u00e1nica y la asistencia sanitaria a migrantes, en el XIII Congreso SEMES-Canarias - GSC","og_description":"El Servicio de Urgencias Canario participa en dos mesas redondas del encuentro, que se celebra en Lanzarote El Servicio de Urgencias Canario (SUC), adscrito a la Consejer\u00eda de Sanidad del Gobierno de Canarias, ha participado este fin de semana en el XIII Congreso de la...","og_url":"https:\/\/www.gsccanarias.com\/gsc\/la-experiencia-del-suc-en-la-crisis-volcanica-y-la-asistencia-sanitaria-a-migrantes-en-el-xiii-congreso-semes-canarias\/","og_site_name":"GSC","article_published_time":"2022-11-07T10:05:59+00:00","og_image":[{"width":1024,"height":768,"url":"https:\/\/www.gsccanarias.com\/gsc\/wp-content\/uploads\/2022\/11\/Tecnico-de-coordinacion-del-SUC-en-la-erupcion-volcanica-en-La-Palma.jpeg","type":"image\/jpeg"}],"author":"Rosa Carmen Lorenzo Triana","twitter_card":"summary_large_image","twitter_misc":{"Escrito por":"Rosa Carmen Lorenzo Triana","Tiempo de lectura":"3 minutos"},"schema":{"@context":"https:\/\/schema.org","@graph":[{"@type":"Article","@id":"https:\/\/www.gsccanarias.com\/gsc\/la-experiencia-del-suc-en-la-crisis-volcanica-y-la-asistencia-sanitaria-a-migrantes-en-el-xiii-congreso-semes-canarias\/#article","isPartOf":{"@id":"https:\/\/www.gsccanarias.com\/gsc\/la-experiencia-del-suc-en-la-crisis-volcanica-y-la-asistencia-sanitaria-a-migrantes-en-el-xiii-congreso-semes-canarias\/"},"author":{"name":"Rosa Carmen Lorenzo Triana","@id":"https:\/\/www.gsccanarias.com\/gsc\/#\/schema\/person\/6344674ae7d554f04a860ccb99b97e7d"},"headline":"La experiencia del SUC en la crisis volc\u00e1nica y la asistencia sanitaria a migrantes, en el XIII Congreso SEMES-Canarias","datePublished":"2022-11-07T10:05:59+00:00","mainEntityOfPage":{"@id":"https:\/\/www.gsccanarias.com\/gsc\/la-experiencia-del-suc-en-la-crisis-volcanica-y-la-asistencia-sanitaria-a-migrantes-en-el-xiii-congreso-semes-canarias\/"},"wordCount":629,"commentCount":0,"image":{"@id":"https:\/\/www.gsccanarias.com\/gsc\/la-experiencia-del-suc-en-la-crisis-volcanica-y-la-asistencia-sanitaria-a-migrantes-en-el-xiii-congreso-semes-canarias\/#primaryimage"},"thumbnailUrl":"https:\/\/www.gsccanarias.com\/gsc\/wp-content\/uploads\/2022\/11\/Tecnico-de-coordinacion-del-SUC-en-la-erupcion-volcanica-en-La-Palma.jpeg","keywords":["#SUC","SEMES"],"articleSection":["Noticias","SUC","\u00daltimas noticias"],"inLanguage":"es","potentialAction":[{"@type":"CommentAction","name":"Comment","target":["https:\/\/www.gsccanarias.com\/gsc\/la-experiencia-del-suc-en-la-crisis-volcanica-y-la-asistencia-sanitaria-a-migrantes-en-el-xiii-congreso-semes-canarias\/#respond"]}]},{"@type":"WebPage","@id":"https:\/\/www.gsccanarias.com\/gsc\/la-experiencia-del-suc-en-la-crisis-volcanica-y-la-asistencia-sanitaria-a-migrantes-en-el-xiii-congreso-semes-canarias\/","url":"https:\/\/www.gsccanarias.com\/gsc\/la-experiencia-del-suc-en-la-crisis-volcanica-y-la-asistencia-sanitaria-a-migrantes-en-el-xiii-congreso-semes-canarias\/","name":"La experiencia del SUC en la crisis volc\u00e1nica y la asistencia sanitaria a migrantes, en el XIII Congreso SEMES-Canarias - GSC","isPartOf":{"@id":"https:\/\/www.gsccanarias.com\/gsc\/#website"},"primaryImageOfPage":{"@id":"https:\/\/www.gsccanarias.com\/gsc\/la-experiencia-del-suc-en-la-crisis-volcanica-y-la-asistencia-sanitaria-a-migrantes-en-el-xiii-congreso-semes-canarias\/#primaryimage"},"image":{"@id":"https:\/\/www.gsccanarias.com\/gsc\/la-experiencia-del-suc-en-la-crisis-volcanica-y-la-asistencia-sanitaria-a-migrantes-en-el-xiii-congreso-semes-canarias\/#primaryimage"},"thumbnailUrl":"https:\/\/www.gsccanarias.com\/gsc\/wp-content\/uploads\/2022\/11\/Tecnico-de-coordinacion-del-SUC-en-la-erupcion-volcanica-en-La-Palma.jpeg","datePublished":"2022-11-07T10:05:59+00:00","author":{"@id":"https:\/\/www.gsccanarias.com\/gsc\/#\/schema\/person\/6344674ae7d554f04a860ccb99b97e7d"},"breadcrumb":{"@id":"https:\/\/www.gsccanarias.com\/gsc\/la-experiencia-del-suc-en-la-crisis-volcanica-y-la-asistencia-sanitaria-a-migrantes-en-el-xiii-congreso-semes-canarias\/#breadcrumb"},"inLanguage":"es","potentialAction":[{"@type":"ReadAction","target":["https:\/\/www.gsccanarias.com\/gsc\/la-experiencia-del-suc-en-la-crisis-volcanica-y-la-asistencia-sanitaria-a-migrantes-en-el-xiii-congreso-semes-canarias\/"]}]},{"@type":"ImageObject","inLanguage":"es","@id":"https:\/\/www.gsccanarias.com\/gsc\/la-experiencia-del-suc-en-la-crisis-volcanica-y-la-asistencia-sanitaria-a-migrantes-en-el-xiii-congreso-semes-canarias\/#primaryimage","url":"https:\/\/www.gsccanarias.com\/gsc\/wp-content\/uploads\/2022\/11\/Tecnico-de-coordinacion-del-SUC-en-la-erupcion-volcanica-en-La-Palma.jpeg","contentUrl":"https:\/\/www.gsccanarias.com\/gsc\/wp-content\/uploads\/2022\/11\/Tecnico-de-coordinacion-del-SUC-en-la-erupcion-volcanica-en-La-Palma.jpeg","width":1024,"height":768},{"@type":"BreadcrumbList","@id":"https:\/\/www.gsccanarias.com\/gsc\/la-experiencia-del-suc-en-la-crisis-volcanica-y-la-asistencia-sanitaria-a-migrantes-en-el-xiii-congreso-semes-canarias\/#breadcrumb","itemListElement":[{"@type":"ListItem","position":1,"name":"Portada","item":"https:\/\/www.gsccanarias.com\/gsc\/"},{"@type":"ListItem","position":2,"name":"La experiencia del SUC en la crisis volc\u00e1nica y la asistencia sanitaria a migrantes, en el XIII Congreso SEMES-Canarias"}]},{"@type":"WebSite","@id":"https:\/\/www.gsccanarias.com\/gsc\/#website","url":"https:\/\/www.gsccanarias.com\/gsc\/","name":"GSC","description":"Administramos servicios relacionados con la salud, las emergencias, la seguridad y el transporte sanitario","potentialAction":[{"@type":"SearchAction","target":{"@type":"EntryPoint","urlTemplate":"https:\/\/www.gsccanarias.com\/gsc\/?s={search_term_string}"},"query-input":{"@type":"PropertyValueSpecification","valueRequired":true,"valueName":"search_term_string"}}],"inLanguage":"es"},{"@type":"Person","@id":"https:\/\/www.gsccanarias.com\/gsc\/#\/schema\/person\/6344674ae7d554f04a860ccb99b97e7d","name":"Rosa Carmen Lorenzo Triana","image":{"@type":"ImageObject","inLanguage":"es","@id":"https:\/\/secure.gravatar.com\/avatar\/817029d03413189e37216a598d11d54efd16196c5548b111b1ec9676c4a90739?s=96&d=mm&r=g","url":"https:\/\/secure.gravatar.com\/avatar\/817029d03413189e37216a598d11d54efd16196c5548b111b1ec9676c4a90739?s=96&d=mm&r=g","contentUrl":"https:\/\/secure.gravatar.com\/avatar\/817029d03413189e37216a598d11d54efd16196c5548b111b1ec9676c4a90739?s=96&d=mm&r=g","caption":"Rosa Carmen Lorenzo Triana"},"url":"https:\/\/www.gsccanarias.com\/gsc\/author\/rosa\/"}]}},"publishpress_future_workflow_manual_trigger":{"enabledWorkflows":[]},"_links":{"self":[{"href":"https:\/\/www.gsccanarias.com\/gsc\/wp-json\/wp\/v2\/posts\/12939","targetHints":{"allow":["GET"]}}],"collection":[{"href":"https:\/\/www.gsccanarias.com\/gsc\/wp-json\/wp\/v2\/posts"}],"about":[{"href":"https:\/\/www.gsccanarias.com\/gsc\/wp-json\/wp\/v2\/types\/post"}],"author":[{"embeddable":true,"href":"https:\/\/www.gsccanarias.com\/gsc\/wp-json\/wp\/v2\/users\/4"}],"replies":[{"embeddable":true,"href":"https:\/\/www.gsccanarias.com\/gsc\/wp-json\/wp\/v2\/comments?post=12939"}],"version-history":[{"count":1,"href":"https:\/\/www.gsccanarias.com\/gsc\/wp-json\/wp\/v2\/posts\/12939\/revisions"}],"predecessor-version":[{"id":12941,"href":"https:\/\/www.gsccanarias.com\/gsc\/wp-json\/wp\/v2\/posts\/12939\/revisions\/12941"}],"wp:featuredmedia":[{"embeddable":true,"href":"https:\/\/www.gsccanarias.com\/gsc\/wp-json\/wp\/v2\/media\/12940"}],"wp:attachment":[{"href":"https:\/\/www.gsccanarias.com\/gsc\/wp-json\/wp\/v2\/media?parent=12939"}],"wp:term":[{"taxonomy":"category","embeddable":true,"href":"https:\/\/www.gsccanarias.com\/gsc\/wp-json\/wp\/v2\/categories?post=12939"},{"taxonomy":"post_tag","embeddable":true,"href":"https:\/\/www.gsccanarias.com\/gsc\/wp-json\/wp\/v2\/tags?post=12939"}],"curies":[{"name":"wp","href":"https:\/\/api.w.org\/{rel}","templated":true}]}}