{"id":12688,"date":"2022-07-27T23:20:20","date_gmt":"2022-07-27T23:20:20","guid":{"rendered":"https:\/\/www.gsccanarias.com\/gsc\/?p=12688"},"modified":"2022-07-28T08:03:32","modified_gmt":"2022-07-28T08:03:32","slug":"torres-anuncia-que-el-cabildo-de-tenerife-asume-las-competencias-del-incendio-al-pasar-a-nivel-1","status":"publish","type":"post","link":"https:\/\/www.gsccanarias.com\/gsc\/torres-anuncia-que-el-cabildo-de-tenerife-asume-las-competencias-del-incendio-al-pasar-a-nivel-1\/","title":{"rendered":"Torres anuncia que el Cabildo de Tenerife asume las competencias del incendio al pasar a nivel 1"},"content":{"rendered":"<blockquote><p>La ministra de Ciencia e Innovaci\u00f3n, Diana Morant, que asisti\u00f3 a la reuni\u00f3n t\u00e9cnica de coordinaci\u00f3n, agradeci\u00f3 el civismo de la poblaci\u00f3n<\/p>\n<p>El Cabildo abrir\u00e1 partir de ma\u00f1ana los accesos al monte de la isla y solo se mantendr\u00e1n restricciones en la zona pr\u00f3xima al incendio<\/p><\/blockquote>\n<p><strong>El presidente de Canarias, \u00c1ngel V\u00edctor Torres, anunci\u00f3 que el incendio forestal pasa a nivel 1 una vez que ha perdido peligrosidad y, por lo tanto, ser\u00e1 el Cabildo de Tenerife el que asuma a partir de ahora la direcci\u00f3n de la extinci\u00f3n. Explic\u00f3 que el incendio se encuentra estabilizado, aunque todav\u00eda no ha entrado en fase de control.<\/strong><\/p>\n<p>Torres record\u00f3 que agosto es el mes cr\u00edtico por las altas temperaturas, por lo que pidi\u00f3 a toda la sociedad \u201cque respeten las normas establecidas por las autoridades para evitar nuevos incendios\u201d.<\/p>\n<p>El presidente hizo estas declaraciones tras asistir a la reuni\u00f3n t\u00e9cnica de coordinaci\u00f3n que cont\u00f3 con la asistencia de la ministra de Ciencia e Innovaci\u00f3n, Diana Morant, junto al consejero de Administraciones P\u00fablicas, Justicia y Seguridad, Julio P\u00e9rez, presidente del Cabildo, delegado del Gobierno, alcaldes y representantes de los distintos grupos del Plan INFOCA<\/p>\n<p>Por su parte, la ministra de Ciencia e Innovaci\u00f3n, Diana Morant, destac\u00f3 la excelente coordinaci\u00f3n que ha habido entre las administraciones y los servicios intervinientes, lo que ha permitido llegar a la estabilizaci\u00f3n del incendio sin tener que lamentar da\u00f1os personales. Asimismo, resalt\u00f3 que \u201ctodo esto es posible gracias al capital humano que trabaja en la extinci\u00f3n y a todos los medios materiales de que disponemos y ponemos a su disposici\u00f3n para que realicen su trabajo\u201d. En este sentido, destac\u00f3 que el uso de la ciencia para actuar en la emergencia, lo que refuerza la apuesta del Gobierno por incrementar los medios para la prevenci\u00f3n y control de las distintas cat\u00e1strofes.<\/p>\n<p>La situaci\u00f3n del incendio permite el paso al nivel 1, bajo la direcci\u00f3n del Cabildo de Tenerife, despu\u00e9s de siete d\u00edas dirigido por el Gobierno de Canarias. El incendio se declar\u00f3 el jueves en Los Campeches, en Los Realejos y se extendi\u00f3 por los municipios de San Juan de La Rambla, La Guancha e Icod de los Vinos, afectando a unas 2.700 hect\u00e1reas, con un per\u00edmetro aproximado de 27 kil\u00f3metros.<\/p>\n<p>Hoy han podido regresar los cerca de 40 vecinos del Camino del Madro\u00f1o, que eran los \u00fanicos que quedaban evacuados de los 600 que tuvieron que abandonar sus casas el s\u00e1bado en Los Realejos y La Orotava, como medida de prevenci\u00f3n.<\/p>\n<p>El presidente del Cabildo de Tenerife, Pedro Mart\u00edn, anunci\u00f3 que, a partir de ma\u00f1ana, se abrir\u00e1n los accesos al monte en la mayor parte de Tenerife, aunque se mantendr\u00e1n algunas restricciones en la zona pr\u00f3xima al incendio.<\/p>\n<p>Sobre el dispositivo, la directora t\u00e9cnica del Plan INFOCA y subdirectora de Protecci\u00f3n Civil, Marta Moreno, explic\u00f3 que la bajada de las temperaturas y la estabilizaci\u00f3n del incendio ha permitido empezar a reducir los medios a\u00e9reos, pasando de los once que actuaban a primera hora de hoy a los cinco que lo har\u00e1n a partir de ma\u00f1ana. Tambi\u00e9n ha comenzado el repliegue de los recursos terrestres del Estado y del Gobierno de Canarias, quedando activados en el lugar el personal del Cabildo.<\/p>\n<p>Por su parte, Pedro Mart\u00ednez, responsable de los equipos de extinci\u00f3n, manifest\u00f3 que solo queda una zona activa, que es inaccesible por tierra, donde se han concentrado hoy las descargas de los medios a\u00e9reos. En este sentido advirti\u00f3 que, en los pr\u00f3ximos d\u00edas seguir\u00e1n apareciendo esos puntos calientes, por lo que continuar\u00e1n con las labores de vigilancia y enfriamiento.<\/p>\n<p><strong>NOTA<\/strong>: Descarga de im\u00e1genes y video en el siguiente enlace <a href=\"https:\/\/acfipress.com\/prensa\/2022-07-27\/incendio-realejos-angel-victor-torres-y-la-ministra-diana-morant-presiden-la-reunion-tecnica-vespertina-del-incendio\">https:\/\/acfipress.com\/prensa\/2022-07-27\/incendio-realejos-angel-victor-torres-y-la-ministra-diana-morant-presiden-la-reunion-tecnica-vespertina-del-incendio<\/a><\/p>\n<div class=\"pvc_clear\"><\/div>\n<p id=\"pvc_stats_12688\" class=\"pvc_stats all  \" data-element-id=\"12688\" style=\"\"><i class=\"pvc-stats-icon medium\" aria-hidden=\"true\"><svg aria-hidden=\"true\" focusable=\"false\" data-prefix=\"far\" data-icon=\"chart-bar\" role=\"img\" xmlns=\"http:\/\/www.w3.org\/2000\/svg\" viewBox=\"0 0 512 512\" class=\"svg-inline--fa fa-chart-bar fa-w-16 fa-2x\"><path fill=\"currentColor\" d=\"M396.8 352h22.4c6.4 0 12.8-6.4 12.8-12.8V108.8c0-6.4-6.4-12.8-12.8-12.8h-22.4c-6.4 0-12.8 6.4-12.8 12.8v230.4c0 6.4 6.4 12.8 12.8 12.8zm-192 0h22.4c6.4 0 12.8-6.4 12.8-12.8V140.8c0-6.4-6.4-12.8-12.8-12.8h-22.4c-6.4 0-12.8 6.4-12.8 12.8v198.4c0 6.4 6.4 12.8 12.8 12.8zm96 0h22.4c6.4 0 12.8-6.4 12.8-12.8V204.8c0-6.4-6.4-12.8-12.8-12.8h-22.4c-6.4 0-12.8 6.4-12.8 12.8v134.4c0 6.4 6.4 12.8 12.8 12.8zM496 400H48V80c0-8.84-7.16-16-16-16H16C7.16 64 0 71.16 0 80v336c0 17.67 14.33 32 32 32h464c8.84 0 16-7.16 16-16v-16c0-8.84-7.16-16-16-16zm-387.2-48h22.4c6.4 0 12.8-6.4 12.8-12.8v-70.4c0-6.4-6.4-12.8-12.8-12.8h-22.4c-6.4 0-12.8 6.4-12.8 12.8v70.4c0 6.4 6.4 12.8 12.8 12.8z\" class=\"\"><\/path><\/svg><\/i> <\/p>\n<div class=\"pvc_clear\"><\/div>\n<div class=\"print\"><span class=\"page_title\">P\u00e1gina: <span>Torres anuncia que el Cabildo de Tenerife asume las competencias del incendio al pasar a nivel 1<\/span><\/span>\n\t\t\t\t\t\t\t\t\t\t\t<span class=\"page_title\">Fecha de impresi\u00f3n: <span>01\/05\/2026 - 00:26:13 UTC<\/span><\/span>\n\t\t\t\t\t\t\t\t\t\t\t<span class=\"stmp_trans_date\">\u00daltima actualizaci\u00f3n: <span>28\/07\/2022 - 08:03:32<\/span><\/span>\n\t\t\t\t\t\t\t\t\t\t\t<span class=\"stmp_trans_date\">Fecha publicaci\u00f3n: <span>27\/07\/2022 - 23:20:20<\/span><\/span>\n\t\t\t\t\t\t\t\t\t\t\t<span class=\"stmp_trans_date\">Fecha creaci\u00f3n: <span>27\/07\/2022 - 23:20:20<\/span><\/span><\/div>\n\t","protected":false},"excerpt":{"rendered":"<p>La ministra de Ciencia e Innovaci\u00f3n, Diana Morant, que asisti\u00f3 a la reuni\u00f3n t\u00e9cnica de coordinaci\u00f3n, agradeci\u00f3 el civismo de la poblaci\u00f3n El Cabildo abrir\u00e1 partir de ma\u00f1ana los accesos al monte de la isla y solo se mantendr\u00e1n restricciones en la zona pr\u00f3xima al&#8230;<\/p>\n<div class=\"pvc_clear\"><\/div>\n<p id=\"pvc_stats_12688\" class=\"pvc_stats all  \" data-element-id=\"12688\" style=\"\"><i class=\"pvc-stats-icon medium\" aria-hidden=\"true\"><svg aria-hidden=\"true\" focusable=\"false\" data-prefix=\"far\" data-icon=\"chart-bar\" role=\"img\" xmlns=\"http:\/\/www.w3.org\/2000\/svg\" viewBox=\"0 0 512 512\" class=\"svg-inline--fa fa-chart-bar fa-w-16 fa-2x\"><path fill=\"currentColor\" d=\"M396.8 352h22.4c6.4 0 12.8-6.4 12.8-12.8V108.8c0-6.4-6.4-12.8-12.8-12.8h-22.4c-6.4 0-12.8 6.4-12.8 12.8v230.4c0 6.4 6.4 12.8 12.8 12.8zm-192 0h22.4c6.4 0 12.8-6.4 12.8-12.8V140.8c0-6.4-6.4-12.8-12.8-12.8h-22.4c-6.4 0-12.8 6.4-12.8 12.8v198.4c0 6.4 6.4 12.8 12.8 12.8zm96 0h22.4c6.4 0 12.8-6.4 12.8-12.8V204.8c0-6.4-6.4-12.8-12.8-12.8h-22.4c-6.4 0-12.8 6.4-12.8 12.8v134.4c0 6.4 6.4 12.8 12.8 12.8zM496 400H48V80c0-8.84-7.16-16-16-16H16C7.16 64 0 71.16 0 80v336c0 17.67 14.33 32 32 32h464c8.84 0 16-7.16 16-16v-16c0-8.84-7.16-16-16-16zm-387.2-48h22.4c6.4 0 12.8-6.4 12.8-12.8v-70.4c0-6.4-6.4-12.8-12.8-12.8h-22.4c-6.4 0-12.8 6.4-12.8 12.8v70.4c0 6.4 6.4 12.8 12.8 12.8z\" class=\"\"><\/path><\/svg><\/i> <img loading=\"lazy\" decoding=\"async\" width=\"16\" height=\"16\" alt=\"Loading\" src=\"https:\/\/www.gsccanarias.com\/gsc\/wp-content\/plugins\/page-views-count\/ajax-loader-2x.gif\" border=0 \/><\/p>\n<div class=\"pvc_clear\"><\/div>\n","protected":false},"author":5,"featured_media":12689,"comment_status":"open","ping_status":"open","sticky":false,"template":"","format":"standard","meta":{"footnotes":""},"categories":[49,35],"tags":[],"class_list":["post-12688","post","type-post","status-publish","format-standard","has-post-thumbnail","hentry","category-49","category-noticias"],"a3_pvc":{"activated":true,"total_views":1297,"today_views":0},"yoast_head":"<!-- This site is optimized with the Yoast SEO plugin v27.5 - https:\/\/yoast.com\/product\/yoast-seo-wordpress\/ -->\n<title>Torres anuncia que el Cabildo de Tenerife asume las competencias del incendio al pasar a nivel 1 - GSC<\/title>\n<meta name=\"robots\" content=\"index, follow, max-snippet:-1, max-image-preview:large, max-video-preview:-1\" \/>\n<link rel=\"canonical\" href=\"https:\/\/www.gsccanarias.com\/gsc\/torres-anuncia-que-el-cabildo-de-tenerife-asume-las-competencias-del-incendio-al-pasar-a-nivel-1\/\" \/>\n<meta property=\"og:locale\" content=\"es_ES\" \/>\n<meta property=\"og:type\" content=\"article\" \/>\n<meta property=\"og:title\" content=\"Torres anuncia que el Cabildo de Tenerife asume las competencias del incendio al pasar a nivel 1 - GSC\" \/>\n<meta property=\"og:description\" content=\"La ministra de Ciencia e Innovaci\u00f3n, Diana Morant, que asisti\u00f3 a la reuni\u00f3n t\u00e9cnica de coordinaci\u00f3n, agradeci\u00f3 el civismo de la poblaci\u00f3n El Cabildo abrir\u00e1 partir de ma\u00f1ana los accesos al monte de la isla y solo se mantendr\u00e1n restricciones en la zona pr\u00f3xima al...\" \/>\n<meta property=\"og:url\" content=\"https:\/\/www.gsccanarias.com\/gsc\/torres-anuncia-que-el-cabildo-de-tenerife-asume-las-competencias-del-incendio-al-pasar-a-nivel-1\/\" \/>\n<meta property=\"og:site_name\" content=\"GSC\" \/>\n<meta property=\"article:published_time\" content=\"2022-07-27T23:20:20+00:00\" \/>\n<meta property=\"article:modified_time\" content=\"2022-07-28T08:03:32+00:00\" \/>\n<meta property=\"og:image\" content=\"https:\/\/www.gsccanarias.com\/gsc\/wp-content\/uploads\/2022\/07\/Presidente-de-Canarias-ministra-de-Ciencia-durante-la-rueda-de-prensa.jpeg\" \/>\n\t<meta property=\"og:image:width\" content=\"1600\" \/>\n\t<meta property=\"og:image:height\" content=\"1068\" \/>\n\t<meta property=\"og:image:type\" content=\"image\/jpeg\" \/>\n<meta name=\"author\" content=\"Candelaria Ceballos Quintero\" \/>\n<meta name=\"twitter:card\" content=\"summary_large_image\" \/>\n<meta name=\"twitter:label1\" content=\"Escrito por\" \/>\n\t<meta name=\"twitter:data1\" content=\"Candelaria Ceballos Quintero\" \/>\n\t<meta name=\"twitter:label2\" content=\"Tiempo de lectura\" \/>\n\t<meta name=\"twitter:data2\" content=\"3 minutos\" \/>\n<script type=\"application\/ld+json\" class=\"yoast-schema-graph\">{\"@context\":\"https:\\\/\\\/schema.org\",\"@graph\":[{\"@type\":\"Article\",\"@id\":\"https:\\\/\\\/www.gsccanarias.com\\\/gsc\\\/torres-anuncia-que-el-cabildo-de-tenerife-asume-las-competencias-del-incendio-al-pasar-a-nivel-1\\\/#article\",\"isPartOf\":{\"@id\":\"https:\\\/\\\/www.gsccanarias.com\\\/gsc\\\/torres-anuncia-que-el-cabildo-de-tenerife-asume-las-competencias-del-incendio-al-pasar-a-nivel-1\\\/\"},\"author\":{\"name\":\"Candelaria Ceballos Quintero\",\"@id\":\"https:\\\/\\\/www.gsccanarias.com\\\/gsc\\\/#\\\/schema\\\/person\\\/5b9901f4eee7cadbed4628c907cce21f\"},\"headline\":\"Torres anuncia que el Cabildo de Tenerife asume las competencias del incendio al pasar a nivel 1\",\"datePublished\":\"2022-07-27T23:20:20+00:00\",\"dateModified\":\"2022-07-28T08:03:32+00:00\",\"mainEntityOfPage\":{\"@id\":\"https:\\\/\\\/www.gsccanarias.com\\\/gsc\\\/torres-anuncia-que-el-cabildo-de-tenerife-asume-las-competencias-del-incendio-al-pasar-a-nivel-1\\\/\"},\"wordCount\":675,\"commentCount\":0,\"image\":{\"@id\":\"https:\\\/\\\/www.gsccanarias.com\\\/gsc\\\/torres-anuncia-que-el-cabildo-de-tenerife-asume-las-competencias-del-incendio-al-pasar-a-nivel-1\\\/#primaryimage\"},\"thumbnailUrl\":\"https:\\\/\\\/www.gsccanarias.com\\\/gsc\\\/wp-content\\\/uploads\\\/2022\\\/07\\\/Presidente-de-Canarias-ministra-de-Ciencia-durante-la-rueda-de-prensa.jpeg\",\"articleSection\":[\"112\",\"Noticias\"],\"inLanguage\":\"es\",\"potentialAction\":[{\"@type\":\"CommentAction\",\"name\":\"Comment\",\"target\":[\"https:\\\/\\\/www.gsccanarias.com\\\/gsc\\\/torres-anuncia-que-el-cabildo-de-tenerife-asume-las-competencias-del-incendio-al-pasar-a-nivel-1\\\/#respond\"]}]},{\"@type\":\"WebPage\",\"@id\":\"https:\\\/\\\/www.gsccanarias.com\\\/gsc\\\/torres-anuncia-que-el-cabildo-de-tenerife-asume-las-competencias-del-incendio-al-pasar-a-nivel-1\\\/\",\"url\":\"https:\\\/\\\/www.gsccanarias.com\\\/gsc\\\/torres-anuncia-que-el-cabildo-de-tenerife-asume-las-competencias-del-incendio-al-pasar-a-nivel-1\\\/\",\"name\":\"Torres anuncia que el Cabildo de Tenerife asume las competencias del incendio al pasar a nivel 1 - GSC\",\"isPartOf\":{\"@id\":\"https:\\\/\\\/www.gsccanarias.com\\\/gsc\\\/#website\"},\"primaryImageOfPage\":{\"@id\":\"https:\\\/\\\/www.gsccanarias.com\\\/gsc\\\/torres-anuncia-que-el-cabildo-de-tenerife-asume-las-competencias-del-incendio-al-pasar-a-nivel-1\\\/#primaryimage\"},\"image\":{\"@id\":\"https:\\\/\\\/www.gsccanarias.com\\\/gsc\\\/torres-anuncia-que-el-cabildo-de-tenerife-asume-las-competencias-del-incendio-al-pasar-a-nivel-1\\\/#primaryimage\"},\"thumbnailUrl\":\"https:\\\/\\\/www.gsccanarias.com\\\/gsc\\\/wp-content\\\/uploads\\\/2022\\\/07\\\/Presidente-de-Canarias-ministra-de-Ciencia-durante-la-rueda-de-prensa.jpeg\",\"datePublished\":\"2022-07-27T23:20:20+00:00\",\"dateModified\":\"2022-07-28T08:03:32+00:00\",\"author\":{\"@id\":\"https:\\\/\\\/www.gsccanarias.com\\\/gsc\\\/#\\\/schema\\\/person\\\/5b9901f4eee7cadbed4628c907cce21f\"},\"breadcrumb\":{\"@id\":\"https:\\\/\\\/www.gsccanarias.com\\\/gsc\\\/torres-anuncia-que-el-cabildo-de-tenerife-asume-las-competencias-del-incendio-al-pasar-a-nivel-1\\\/#breadcrumb\"},\"inLanguage\":\"es\",\"potentialAction\":[{\"@type\":\"ReadAction\",\"target\":[\"https:\\\/\\\/www.gsccanarias.com\\\/gsc\\\/torres-anuncia-que-el-cabildo-de-tenerife-asume-las-competencias-del-incendio-al-pasar-a-nivel-1\\\/\"]}]},{\"@type\":\"ImageObject\",\"inLanguage\":\"es\",\"@id\":\"https:\\\/\\\/www.gsccanarias.com\\\/gsc\\\/torres-anuncia-que-el-cabildo-de-tenerife-asume-las-competencias-del-incendio-al-pasar-a-nivel-1\\\/#primaryimage\",\"url\":\"https:\\\/\\\/www.gsccanarias.com\\\/gsc\\\/wp-content\\\/uploads\\\/2022\\\/07\\\/Presidente-de-Canarias-ministra-de-Ciencia-durante-la-rueda-de-prensa.jpeg\",\"contentUrl\":\"https:\\\/\\\/www.gsccanarias.com\\\/gsc\\\/wp-content\\\/uploads\\\/2022\\\/07\\\/Presidente-de-Canarias-ministra-de-Ciencia-durante-la-rueda-de-prensa.jpeg\",\"width\":1600,\"height\":1068},{\"@type\":\"BreadcrumbList\",\"@id\":\"https:\\\/\\\/www.gsccanarias.com\\\/gsc\\\/torres-anuncia-que-el-cabildo-de-tenerife-asume-las-competencias-del-incendio-al-pasar-a-nivel-1\\\/#breadcrumb\",\"itemListElement\":[{\"@type\":\"ListItem\",\"position\":1,\"name\":\"Portada\",\"item\":\"https:\\\/\\\/www.gsccanarias.com\\\/gsc\\\/\"},{\"@type\":\"ListItem\",\"position\":2,\"name\":\"Torres anuncia que el Cabildo de Tenerife asume las competencias del incendio al pasar a nivel 1\"}]},{\"@type\":\"WebSite\",\"@id\":\"https:\\\/\\\/www.gsccanarias.com\\\/gsc\\\/#website\",\"url\":\"https:\\\/\\\/www.gsccanarias.com\\\/gsc\\\/\",\"name\":\"GSC\",\"description\":\"Administramos servicios relacionados con la salud, las emergencias, la seguridad y el transporte sanitario\",\"potentialAction\":[{\"@type\":\"SearchAction\",\"target\":{\"@type\":\"EntryPoint\",\"urlTemplate\":\"https:\\\/\\\/www.gsccanarias.com\\\/gsc\\\/?s={search_term_string}\"},\"query-input\":{\"@type\":\"PropertyValueSpecification\",\"valueRequired\":true,\"valueName\":\"search_term_string\"}}],\"inLanguage\":\"es\"},{\"@type\":\"Person\",\"@id\":\"https:\\\/\\\/www.gsccanarias.com\\\/gsc\\\/#\\\/schema\\\/person\\\/5b9901f4eee7cadbed4628c907cce21f\",\"name\":\"Candelaria Ceballos Quintero\",\"image\":{\"@type\":\"ImageObject\",\"inLanguage\":\"es\",\"@id\":\"https:\\\/\\\/secure.gravatar.com\\\/avatar\\\/4f9946c8a8e26afcca94f05df1786a5365e8e246fff67757b9108a432cd46e0d?s=96&d=mm&r=g\",\"url\":\"https:\\\/\\\/secure.gravatar.com\\\/avatar\\\/4f9946c8a8e26afcca94f05df1786a5365e8e246fff67757b9108a432cd46e0d?s=96&d=mm&r=g\",\"contentUrl\":\"https:\\\/\\\/secure.gravatar.com\\\/avatar\\\/4f9946c8a8e26afcca94f05df1786a5365e8e246fff67757b9108a432cd46e0d?s=96&d=mm&r=g\",\"caption\":\"Candelaria Ceballos Quintero\"},\"url\":\"https:\\\/\\\/www.gsccanarias.com\\\/gsc\\\/author\\\/candelaria\\\/\"}]}<\/script>\n<!-- \/ Yoast SEO plugin. -->","yoast_head_json":{"title":"Torres anuncia que el Cabildo de Tenerife asume las competencias del incendio al pasar a nivel 1 - GSC","robots":{"index":"index","follow":"follow","max-snippet":"max-snippet:-1","max-image-preview":"max-image-preview:large","max-video-preview":"max-video-preview:-1"},"canonical":"https:\/\/www.gsccanarias.com\/gsc\/torres-anuncia-que-el-cabildo-de-tenerife-asume-las-competencias-del-incendio-al-pasar-a-nivel-1\/","og_locale":"es_ES","og_type":"article","og_title":"Torres anuncia que el Cabildo de Tenerife asume las competencias del incendio al pasar a nivel 1 - GSC","og_description":"La ministra de Ciencia e Innovaci\u00f3n, Diana Morant, que asisti\u00f3 a la reuni\u00f3n t\u00e9cnica de coordinaci\u00f3n, agradeci\u00f3 el civismo de la poblaci\u00f3n El Cabildo abrir\u00e1 partir de ma\u00f1ana los accesos al monte de la isla y solo se mantendr\u00e1n restricciones en la zona pr\u00f3xima al...","og_url":"https:\/\/www.gsccanarias.com\/gsc\/torres-anuncia-que-el-cabildo-de-tenerife-asume-las-competencias-del-incendio-al-pasar-a-nivel-1\/","og_site_name":"GSC","article_published_time":"2022-07-27T23:20:20+00:00","article_modified_time":"2022-07-28T08:03:32+00:00","og_image":[{"width":1600,"height":1068,"url":"https:\/\/www.gsccanarias.com\/gsc\/wp-content\/uploads\/2022\/07\/Presidente-de-Canarias-ministra-de-Ciencia-durante-la-rueda-de-prensa.jpeg","type":"image\/jpeg"}],"author":"Candelaria Ceballos Quintero","twitter_card":"summary_large_image","twitter_misc":{"Escrito por":"Candelaria Ceballos Quintero","Tiempo de lectura":"3 minutos"},"schema":{"@context":"https:\/\/schema.org","@graph":[{"@type":"Article","@id":"https:\/\/www.gsccanarias.com\/gsc\/torres-anuncia-que-el-cabildo-de-tenerife-asume-las-competencias-del-incendio-al-pasar-a-nivel-1\/#article","isPartOf":{"@id":"https:\/\/www.gsccanarias.com\/gsc\/torres-anuncia-que-el-cabildo-de-tenerife-asume-las-competencias-del-incendio-al-pasar-a-nivel-1\/"},"author":{"name":"Candelaria Ceballos Quintero","@id":"https:\/\/www.gsccanarias.com\/gsc\/#\/schema\/person\/5b9901f4eee7cadbed4628c907cce21f"},"headline":"Torres anuncia que el Cabildo de Tenerife asume las competencias del incendio al pasar a nivel 1","datePublished":"2022-07-27T23:20:20+00:00","dateModified":"2022-07-28T08:03:32+00:00","mainEntityOfPage":{"@id":"https:\/\/www.gsccanarias.com\/gsc\/torres-anuncia-que-el-cabildo-de-tenerife-asume-las-competencias-del-incendio-al-pasar-a-nivel-1\/"},"wordCount":675,"commentCount":0,"image":{"@id":"https:\/\/www.gsccanarias.com\/gsc\/torres-anuncia-que-el-cabildo-de-tenerife-asume-las-competencias-del-incendio-al-pasar-a-nivel-1\/#primaryimage"},"thumbnailUrl":"https:\/\/www.gsccanarias.com\/gsc\/wp-content\/uploads\/2022\/07\/Presidente-de-Canarias-ministra-de-Ciencia-durante-la-rueda-de-prensa.jpeg","articleSection":["112","Noticias"],"inLanguage":"es","potentialAction":[{"@type":"CommentAction","name":"Comment","target":["https:\/\/www.gsccanarias.com\/gsc\/torres-anuncia-que-el-cabildo-de-tenerife-asume-las-competencias-del-incendio-al-pasar-a-nivel-1\/#respond"]}]},{"@type":"WebPage","@id":"https:\/\/www.gsccanarias.com\/gsc\/torres-anuncia-que-el-cabildo-de-tenerife-asume-las-competencias-del-incendio-al-pasar-a-nivel-1\/","url":"https:\/\/www.gsccanarias.com\/gsc\/torres-anuncia-que-el-cabildo-de-tenerife-asume-las-competencias-del-incendio-al-pasar-a-nivel-1\/","name":"Torres anuncia que el Cabildo de Tenerife asume las competencias del incendio al pasar a nivel 1 - GSC","isPartOf":{"@id":"https:\/\/www.gsccanarias.com\/gsc\/#website"},"primaryImageOfPage":{"@id":"https:\/\/www.gsccanarias.com\/gsc\/torres-anuncia-que-el-cabildo-de-tenerife-asume-las-competencias-del-incendio-al-pasar-a-nivel-1\/#primaryimage"},"image":{"@id":"https:\/\/www.gsccanarias.com\/gsc\/torres-anuncia-que-el-cabildo-de-tenerife-asume-las-competencias-del-incendio-al-pasar-a-nivel-1\/#primaryimage"},"thumbnailUrl":"https:\/\/www.gsccanarias.com\/gsc\/wp-content\/uploads\/2022\/07\/Presidente-de-Canarias-ministra-de-Ciencia-durante-la-rueda-de-prensa.jpeg","datePublished":"2022-07-27T23:20:20+00:00","dateModified":"2022-07-28T08:03:32+00:00","author":{"@id":"https:\/\/www.gsccanarias.com\/gsc\/#\/schema\/person\/5b9901f4eee7cadbed4628c907cce21f"},"breadcrumb":{"@id":"https:\/\/www.gsccanarias.com\/gsc\/torres-anuncia-que-el-cabildo-de-tenerife-asume-las-competencias-del-incendio-al-pasar-a-nivel-1\/#breadcrumb"},"inLanguage":"es","potentialAction":[{"@type":"ReadAction","target":["https:\/\/www.gsccanarias.com\/gsc\/torres-anuncia-que-el-cabildo-de-tenerife-asume-las-competencias-del-incendio-al-pasar-a-nivel-1\/"]}]},{"@type":"ImageObject","inLanguage":"es","@id":"https:\/\/www.gsccanarias.com\/gsc\/torres-anuncia-que-el-cabildo-de-tenerife-asume-las-competencias-del-incendio-al-pasar-a-nivel-1\/#primaryimage","url":"https:\/\/www.gsccanarias.com\/gsc\/wp-content\/uploads\/2022\/07\/Presidente-de-Canarias-ministra-de-Ciencia-durante-la-rueda-de-prensa.jpeg","contentUrl":"https:\/\/www.gsccanarias.com\/gsc\/wp-content\/uploads\/2022\/07\/Presidente-de-Canarias-ministra-de-Ciencia-durante-la-rueda-de-prensa.jpeg","width":1600,"height":1068},{"@type":"BreadcrumbList","@id":"https:\/\/www.gsccanarias.com\/gsc\/torres-anuncia-que-el-cabildo-de-tenerife-asume-las-competencias-del-incendio-al-pasar-a-nivel-1\/#breadcrumb","itemListElement":[{"@type":"ListItem","position":1,"name":"Portada","item":"https:\/\/www.gsccanarias.com\/gsc\/"},{"@type":"ListItem","position":2,"name":"Torres anuncia que el Cabildo de Tenerife asume las competencias del incendio al pasar a nivel 1"}]},{"@type":"WebSite","@id":"https:\/\/www.gsccanarias.com\/gsc\/#website","url":"https:\/\/www.gsccanarias.com\/gsc\/","name":"GSC","description":"Administramos servicios relacionados con la salud, las emergencias, la seguridad y el transporte sanitario","potentialAction":[{"@type":"SearchAction","target":{"@type":"EntryPoint","urlTemplate":"https:\/\/www.gsccanarias.com\/gsc\/?s={search_term_string}"},"query-input":{"@type":"PropertyValueSpecification","valueRequired":true,"valueName":"search_term_string"}}],"inLanguage":"es"},{"@type":"Person","@id":"https:\/\/www.gsccanarias.com\/gsc\/#\/schema\/person\/5b9901f4eee7cadbed4628c907cce21f","name":"Candelaria Ceballos Quintero","image":{"@type":"ImageObject","inLanguage":"es","@id":"https:\/\/secure.gravatar.com\/avatar\/4f9946c8a8e26afcca94f05df1786a5365e8e246fff67757b9108a432cd46e0d?s=96&d=mm&r=g","url":"https:\/\/secure.gravatar.com\/avatar\/4f9946c8a8e26afcca94f05df1786a5365e8e246fff67757b9108a432cd46e0d?s=96&d=mm&r=g","contentUrl":"https:\/\/secure.gravatar.com\/avatar\/4f9946c8a8e26afcca94f05df1786a5365e8e246fff67757b9108a432cd46e0d?s=96&d=mm&r=g","caption":"Candelaria Ceballos Quintero"},"url":"https:\/\/www.gsccanarias.com\/gsc\/author\/candelaria\/"}]}},"publishpress_future_workflow_manual_trigger":{"enabledWorkflows":[]},"_links":{"self":[{"href":"https:\/\/www.gsccanarias.com\/gsc\/wp-json\/wp\/v2\/posts\/12688","targetHints":{"allow":["GET"]}}],"collection":[{"href":"https:\/\/www.gsccanarias.com\/gsc\/wp-json\/wp\/v2\/posts"}],"about":[{"href":"https:\/\/www.gsccanarias.com\/gsc\/wp-json\/wp\/v2\/types\/post"}],"author":[{"embeddable":true,"href":"https:\/\/www.gsccanarias.com\/gsc\/wp-json\/wp\/v2\/users\/5"}],"replies":[{"embeddable":true,"href":"https:\/\/www.gsccanarias.com\/gsc\/wp-json\/wp\/v2\/comments?post=12688"}],"version-history":[{"count":1,"href":"https:\/\/www.gsccanarias.com\/gsc\/wp-json\/wp\/v2\/posts\/12688\/revisions"}],"predecessor-version":[{"id":12690,"href":"https:\/\/www.gsccanarias.com\/gsc\/wp-json\/wp\/v2\/posts\/12688\/revisions\/12690"}],"wp:featuredmedia":[{"embeddable":true,"href":"https:\/\/www.gsccanarias.com\/gsc\/wp-json\/wp\/v2\/media\/12689"}],"wp:attachment":[{"href":"https:\/\/www.gsccanarias.com\/gsc\/wp-json\/wp\/v2\/media?parent=12688"}],"wp:term":[{"taxonomy":"category","embeddable":true,"href":"https:\/\/www.gsccanarias.com\/gsc\/wp-json\/wp\/v2\/categories?post=12688"},{"taxonomy":"post_tag","embeddable":true,"href":"https:\/\/www.gsccanarias.com\/gsc\/wp-json\/wp\/v2\/tags?post=12688"}],"curies":[{"name":"wp","href":"https:\/\/api.w.org\/{rel}","templated":true}]}}