{"id":12681,"date":"2022-07-27T11:24:28","date_gmt":"2022-07-27T11:24:28","guid":{"rendered":"https:\/\/www.gsccanarias.com\/gsc\/?p=12681"},"modified":"2022-07-27T11:26:46","modified_gmt":"2022-07-27T11:26:46","slug":"julio-perez-destaca-que-la-noche-en-la-zona-del-incendio-ha-sido-tranquila-y-que-hoy-es-un-dia-para-consolidar-la-esperanza","status":"publish","type":"post","link":"https:\/\/www.gsccanarias.com\/gsc\/julio-perez-destaca-que-la-noche-en-la-zona-del-incendio-ha-sido-tranquila-y-que-hoy-es-un-dia-para-consolidar-la-esperanza\/","title":{"rendered":"Julio P\u00e9rez destaca que la noche en la zona del incendio ha sido tranquila y que \u201choy es un d\u00eda para consolidar la esperanza\u201d"},"content":{"rendered":"<blockquote><p>Solo se detectan puntos calientes en Tigaiga y las perspectivas son positivas para el control del incendio<\/p>\n<p>De continuar esta situaci\u00f3n favorable a lo largo del d\u00eda, se podr\u00eda iniciar la desescalada de medios y el paso de la direcci\u00f3n al Cabildo de Tenerife<\/p>\n<p>Este mediod\u00eda se valorar\u00e1n las condiciones de seguridad para el realojo de los vecinos de El Madro\u00f1o (Los Realejos) y la apertura de la TF-344<\/p><\/blockquote>\n<p><strong>El consejero de Administraciones P\u00fablicas, Justicia y Seguridad, Julio P\u00e9rez, destac\u00f3 hoy, al t\u00e9rmino de la reuni\u00f3n t\u00e9cnica de coordinaci\u00f3n del INFOCA, que la noche ha sido tranquila y que las perspectivas son positivas para el control del incendio forestal, lo que nos permite decir que \u201choy es un d\u00eda para consolidar la esperanza\u201d.<\/strong><\/p>\n<p>Durante la noche solo se han detectado puntos calientes en la ladera de Tigaiga, que es la zona donde volver\u00e1n a centrarse los medios a\u00e9reos. En el resto del per\u00edmetro no hay puntos activos y se mantiene la vigilancia.<\/p>\n<p>De continuar esta situaci\u00f3n favorable, a lo largo del d\u00eda se podr\u00eda iniciar hoy la desescalada de medios y la retirada de los efectivos de refuerzo del Estado. En este sentido, el consejero adelant\u00f3 que esta tarde se analizar\u00e1 la propuesta t\u00e9cnica para el cambio del incendio a nivel 1, bajo la direcci\u00f3n del Cabildo de Tenerife.<\/p>\n<p>La directora t\u00e9cnica del Plan INFOCA y subdirectora de Protecci\u00f3n Civil, Marta Moreno, explic\u00f3 que las condiciones meteorol\u00f3gicas han mejorado y hoy se espera una bajada de las temperaturas y la vuelta del r\u00e9gimen de alisios.<\/p>\n<p>Moreno a\u00f1adi\u00f3 que este mediod\u00eda se analizar\u00e1 si se dan las condiciones de seguridad necesaria para el realojo de los vecinos de El Madro\u00f1o, en Los Realejos, que es el \u00fanico n\u00facleo que permanece evacuado, as\u00ed como la reapertura de la TF-344.<\/p>\n<p>Por su parte, Pedro Mart\u00ednez, responsable de los equipos de extinci\u00f3n, apunt\u00f3 que anoche se comprob\u00f3 que la parte m\u00e1s alta de la ladera de Tigaiga apenas tiene focos activos pero que, en cambio, la parte que se sit\u00faa encima de la zona evacuada s\u00ed presenta zonas activas. Se trata de monte verde que arde lentamente, pero sigue progresando poco a poco por los desprendimientos de material incandescente.<\/p>\n<p>En este sentido, los t\u00e9cnicos advirtieron que, aunque evolucionamos al control, es probable reproducciones en zona de monte verde a lo largo pr\u00f3ximas semanas.<\/p>\n<p>&nbsp;<\/p>\n<div class=\"pvc_clear\"><\/div>\n<p id=\"pvc_stats_12681\" class=\"pvc_stats all  \" data-element-id=\"12681\" style=\"\"><i class=\"pvc-stats-icon medium\" aria-hidden=\"true\"><svg aria-hidden=\"true\" focusable=\"false\" data-prefix=\"far\" data-icon=\"chart-bar\" role=\"img\" xmlns=\"http:\/\/www.w3.org\/2000\/svg\" viewBox=\"0 0 512 512\" class=\"svg-inline--fa fa-chart-bar fa-w-16 fa-2x\"><path fill=\"currentColor\" d=\"M396.8 352h22.4c6.4 0 12.8-6.4 12.8-12.8V108.8c0-6.4-6.4-12.8-12.8-12.8h-22.4c-6.4 0-12.8 6.4-12.8 12.8v230.4c0 6.4 6.4 12.8 12.8 12.8zm-192 0h22.4c6.4 0 12.8-6.4 12.8-12.8V140.8c0-6.4-6.4-12.8-12.8-12.8h-22.4c-6.4 0-12.8 6.4-12.8 12.8v198.4c0 6.4 6.4 12.8 12.8 12.8zm96 0h22.4c6.4 0 12.8-6.4 12.8-12.8V204.8c0-6.4-6.4-12.8-12.8-12.8h-22.4c-6.4 0-12.8 6.4-12.8 12.8v134.4c0 6.4 6.4 12.8 12.8 12.8zM496 400H48V80c0-8.84-7.16-16-16-16H16C7.16 64 0 71.16 0 80v336c0 17.67 14.33 32 32 32h464c8.84 0 16-7.16 16-16v-16c0-8.84-7.16-16-16-16zm-387.2-48h22.4c6.4 0 12.8-6.4 12.8-12.8v-70.4c0-6.4-6.4-12.8-12.8-12.8h-22.4c-6.4 0-12.8 6.4-12.8 12.8v70.4c0 6.4 6.4 12.8 12.8 12.8z\" class=\"\"><\/path><\/svg><\/i> <\/p>\n<div class=\"pvc_clear\"><\/div>\n<div class=\"print\"><span class=\"page_title\">P\u00e1gina: <span>Julio P\u00e9rez destaca que la noche en la zona del incendio ha sido tranquila y que \u201choy es un d\u00eda para consolidar la esperanza\u201d<\/span><\/span>\n\t\t\t\t\t\t\t\t\t\t\t<span class=\"page_title\">Fecha de impresi\u00f3n: <span>01\/05\/2026 - 00:29:10 UTC<\/span><\/span>\n\t\t\t\t\t\t\t\t\t\t\t<span class=\"stmp_trans_date\">\u00daltima actualizaci\u00f3n: <span>27\/07\/2022 - 11:26:46<\/span><\/span>\n\t\t\t\t\t\t\t\t\t\t\t<span class=\"stmp_trans_date\">Fecha publicaci\u00f3n: <span>27\/07\/2022 - 11:24:28<\/span><\/span>\n\t\t\t\t\t\t\t\t\t\t\t<span class=\"stmp_trans_date\">Fecha creaci\u00f3n: <span>27\/07\/2022 - 11:24:28<\/span><\/span><\/div>\n\t","protected":false},"excerpt":{"rendered":"<p>Solo se detectan puntos calientes en Tigaiga y las perspectivas son positivas para el control del incendio De continuar esta situaci\u00f3n favorable a lo largo del d\u00eda, se podr\u00eda iniciar la desescalada de medios y el paso de la direcci\u00f3n al Cabildo de Tenerife Este&#8230;<\/p>\n<div class=\"pvc_clear\"><\/div>\n<p id=\"pvc_stats_12681\" class=\"pvc_stats all  \" data-element-id=\"12681\" style=\"\"><i class=\"pvc-stats-icon medium\" aria-hidden=\"true\"><svg aria-hidden=\"true\" focusable=\"false\" data-prefix=\"far\" data-icon=\"chart-bar\" role=\"img\" xmlns=\"http:\/\/www.w3.org\/2000\/svg\" viewBox=\"0 0 512 512\" class=\"svg-inline--fa fa-chart-bar fa-w-16 fa-2x\"><path fill=\"currentColor\" d=\"M396.8 352h22.4c6.4 0 12.8-6.4 12.8-12.8V108.8c0-6.4-6.4-12.8-12.8-12.8h-22.4c-6.4 0-12.8 6.4-12.8 12.8v230.4c0 6.4 6.4 12.8 12.8 12.8zm-192 0h22.4c6.4 0 12.8-6.4 12.8-12.8V140.8c0-6.4-6.4-12.8-12.8-12.8h-22.4c-6.4 0-12.8 6.4-12.8 12.8v198.4c0 6.4 6.4 12.8 12.8 12.8zm96 0h22.4c6.4 0 12.8-6.4 12.8-12.8V204.8c0-6.4-6.4-12.8-12.8-12.8h-22.4c-6.4 0-12.8 6.4-12.8 12.8v134.4c0 6.4 6.4 12.8 12.8 12.8zM496 400H48V80c0-8.84-7.16-16-16-16H16C7.16 64 0 71.16 0 80v336c0 17.67 14.33 32 32 32h464c8.84 0 16-7.16 16-16v-16c0-8.84-7.16-16-16-16zm-387.2-48h22.4c6.4 0 12.8-6.4 12.8-12.8v-70.4c0-6.4-6.4-12.8-12.8-12.8h-22.4c-6.4 0-12.8 6.4-12.8 12.8v70.4c0 6.4 6.4 12.8 12.8 12.8z\" class=\"\"><\/path><\/svg><\/i> <img loading=\"lazy\" decoding=\"async\" width=\"16\" height=\"16\" alt=\"Loading\" src=\"https:\/\/www.gsccanarias.com\/gsc\/wp-content\/plugins\/page-views-count\/ajax-loader-2x.gif\" border=0 \/><\/p>\n<div class=\"pvc_clear\"><\/div>\n","protected":false},"author":4,"featured_media":12687,"comment_status":"open","ping_status":"open","sticky":false,"template":"","format":"standard","meta":{"footnotes":""},"categories":[49,35],"tags":[],"class_list":["post-12681","post","type-post","status-publish","format-standard","has-post-thumbnail","hentry","category-49","category-noticias"],"a3_pvc":{"activated":true,"total_views":436,"today_views":0},"yoast_head":"<!-- This site is optimized with the Yoast SEO plugin v27.5 - https:\/\/yoast.com\/product\/yoast-seo-wordpress\/ -->\n<title>Julio P\u00e9rez destaca que la noche en la zona del incendio ha sido tranquila y que \u201choy es un d\u00eda para consolidar la esperanza\u201d - GSC<\/title>\n<meta name=\"robots\" content=\"index, follow, max-snippet:-1, max-image-preview:large, max-video-preview:-1\" \/>\n<link rel=\"canonical\" href=\"https:\/\/www.gsccanarias.com\/gsc\/julio-perez-destaca-que-la-noche-en-la-zona-del-incendio-ha-sido-tranquila-y-que-hoy-es-un-dia-para-consolidar-la-esperanza\/\" \/>\n<meta property=\"og:locale\" content=\"es_ES\" \/>\n<meta property=\"og:type\" content=\"article\" \/>\n<meta property=\"og:title\" content=\"Julio P\u00e9rez destaca que la noche en la zona del incendio ha sido tranquila y que \u201choy es un d\u00eda para consolidar la esperanza\u201d - GSC\" \/>\n<meta property=\"og:description\" content=\"Solo se detectan puntos calientes en Tigaiga y las perspectivas son positivas para el control del incendio De continuar esta situaci\u00f3n favorable a lo largo del d\u00eda, se podr\u00eda iniciar la desescalada de medios y el paso de la direcci\u00f3n al Cabildo de Tenerife Este...\" \/>\n<meta property=\"og:url\" content=\"https:\/\/www.gsccanarias.com\/gsc\/julio-perez-destaca-que-la-noche-en-la-zona-del-incendio-ha-sido-tranquila-y-que-hoy-es-un-dia-para-consolidar-la-esperanza\/\" \/>\n<meta property=\"og:site_name\" content=\"GSC\" \/>\n<meta property=\"article:published_time\" content=\"2022-07-27T11:24:28+00:00\" \/>\n<meta property=\"article:modified_time\" content=\"2022-07-27T11:26:46+00:00\" \/>\n<meta property=\"og:image\" content=\"https:\/\/www.gsccanarias.com\/gsc\/wp-content\/uploads\/2022\/07\/270722-Ladera-de-Tiagaiga-esta-manana.jpeg\" \/>\n\t<meta property=\"og:image:width\" content=\"1024\" \/>\n\t<meta property=\"og:image:height\" content=\"768\" \/>\n\t<meta property=\"og:image:type\" content=\"image\/jpeg\" \/>\n<meta name=\"author\" content=\"Rosa Carmen Lorenzo Triana\" \/>\n<meta name=\"twitter:card\" content=\"summary_large_image\" \/>\n<meta name=\"twitter:label1\" content=\"Escrito por\" \/>\n\t<meta name=\"twitter:data1\" content=\"Rosa Carmen Lorenzo Triana\" \/>\n\t<meta name=\"twitter:label2\" content=\"Tiempo de lectura\" \/>\n\t<meta name=\"twitter:data2\" content=\"2 minutos\" \/>\n<script type=\"application\/ld+json\" class=\"yoast-schema-graph\">{\"@context\":\"https:\\\/\\\/schema.org\",\"@graph\":[{\"@type\":\"Article\",\"@id\":\"https:\\\/\\\/www.gsccanarias.com\\\/gsc\\\/julio-perez-destaca-que-la-noche-en-la-zona-del-incendio-ha-sido-tranquila-y-que-hoy-es-un-dia-para-consolidar-la-esperanza\\\/#article\",\"isPartOf\":{\"@id\":\"https:\\\/\\\/www.gsccanarias.com\\\/gsc\\\/julio-perez-destaca-que-la-noche-en-la-zona-del-incendio-ha-sido-tranquila-y-que-hoy-es-un-dia-para-consolidar-la-esperanza\\\/\"},\"author\":{\"name\":\"Rosa Carmen Lorenzo Triana\",\"@id\":\"https:\\\/\\\/www.gsccanarias.com\\\/gsc\\\/#\\\/schema\\\/person\\\/6344674ae7d554f04a860ccb99b97e7d\"},\"headline\":\"Julio P\u00e9rez destaca que la noche en la zona del incendio ha sido tranquila y que \u201choy es un d\u00eda para consolidar la esperanza\u201d\",\"datePublished\":\"2022-07-27T11:24:28+00:00\",\"dateModified\":\"2022-07-27T11:26:46+00:00\",\"mainEntityOfPage\":{\"@id\":\"https:\\\/\\\/www.gsccanarias.com\\\/gsc\\\/julio-perez-destaca-que-la-noche-en-la-zona-del-incendio-ha-sido-tranquila-y-que-hoy-es-un-dia-para-consolidar-la-esperanza\\\/\"},\"wordCount\":451,\"commentCount\":0,\"image\":{\"@id\":\"https:\\\/\\\/www.gsccanarias.com\\\/gsc\\\/julio-perez-destaca-que-la-noche-en-la-zona-del-incendio-ha-sido-tranquila-y-que-hoy-es-un-dia-para-consolidar-la-esperanza\\\/#primaryimage\"},\"thumbnailUrl\":\"https:\\\/\\\/www.gsccanarias.com\\\/gsc\\\/wp-content\\\/uploads\\\/2022\\\/07\\\/270722-Ladera-de-Tiagaiga-esta-manana.jpeg\",\"articleSection\":[\"112\",\"Noticias\"],\"inLanguage\":\"es\",\"potentialAction\":[{\"@type\":\"CommentAction\",\"name\":\"Comment\",\"target\":[\"https:\\\/\\\/www.gsccanarias.com\\\/gsc\\\/julio-perez-destaca-que-la-noche-en-la-zona-del-incendio-ha-sido-tranquila-y-que-hoy-es-un-dia-para-consolidar-la-esperanza\\\/#respond\"]}]},{\"@type\":\"WebPage\",\"@id\":\"https:\\\/\\\/www.gsccanarias.com\\\/gsc\\\/julio-perez-destaca-que-la-noche-en-la-zona-del-incendio-ha-sido-tranquila-y-que-hoy-es-un-dia-para-consolidar-la-esperanza\\\/\",\"url\":\"https:\\\/\\\/www.gsccanarias.com\\\/gsc\\\/julio-perez-destaca-que-la-noche-en-la-zona-del-incendio-ha-sido-tranquila-y-que-hoy-es-un-dia-para-consolidar-la-esperanza\\\/\",\"name\":\"Julio P\u00e9rez destaca que la noche en la zona del incendio ha sido tranquila y que \u201choy es un d\u00eda para consolidar la esperanza\u201d - GSC\",\"isPartOf\":{\"@id\":\"https:\\\/\\\/www.gsccanarias.com\\\/gsc\\\/#website\"},\"primaryImageOfPage\":{\"@id\":\"https:\\\/\\\/www.gsccanarias.com\\\/gsc\\\/julio-perez-destaca-que-la-noche-en-la-zona-del-incendio-ha-sido-tranquila-y-que-hoy-es-un-dia-para-consolidar-la-esperanza\\\/#primaryimage\"},\"image\":{\"@id\":\"https:\\\/\\\/www.gsccanarias.com\\\/gsc\\\/julio-perez-destaca-que-la-noche-en-la-zona-del-incendio-ha-sido-tranquila-y-que-hoy-es-un-dia-para-consolidar-la-esperanza\\\/#primaryimage\"},\"thumbnailUrl\":\"https:\\\/\\\/www.gsccanarias.com\\\/gsc\\\/wp-content\\\/uploads\\\/2022\\\/07\\\/270722-Ladera-de-Tiagaiga-esta-manana.jpeg\",\"datePublished\":\"2022-07-27T11:24:28+00:00\",\"dateModified\":\"2022-07-27T11:26:46+00:00\",\"author\":{\"@id\":\"https:\\\/\\\/www.gsccanarias.com\\\/gsc\\\/#\\\/schema\\\/person\\\/6344674ae7d554f04a860ccb99b97e7d\"},\"breadcrumb\":{\"@id\":\"https:\\\/\\\/www.gsccanarias.com\\\/gsc\\\/julio-perez-destaca-que-la-noche-en-la-zona-del-incendio-ha-sido-tranquila-y-que-hoy-es-un-dia-para-consolidar-la-esperanza\\\/#breadcrumb\"},\"inLanguage\":\"es\",\"potentialAction\":[{\"@type\":\"ReadAction\",\"target\":[\"https:\\\/\\\/www.gsccanarias.com\\\/gsc\\\/julio-perez-destaca-que-la-noche-en-la-zona-del-incendio-ha-sido-tranquila-y-que-hoy-es-un-dia-para-consolidar-la-esperanza\\\/\"]}]},{\"@type\":\"ImageObject\",\"inLanguage\":\"es\",\"@id\":\"https:\\\/\\\/www.gsccanarias.com\\\/gsc\\\/julio-perez-destaca-que-la-noche-en-la-zona-del-incendio-ha-sido-tranquila-y-que-hoy-es-un-dia-para-consolidar-la-esperanza\\\/#primaryimage\",\"url\":\"https:\\\/\\\/www.gsccanarias.com\\\/gsc\\\/wp-content\\\/uploads\\\/2022\\\/07\\\/270722-Ladera-de-Tiagaiga-esta-manana.jpeg\",\"contentUrl\":\"https:\\\/\\\/www.gsccanarias.com\\\/gsc\\\/wp-content\\\/uploads\\\/2022\\\/07\\\/270722-Ladera-de-Tiagaiga-esta-manana.jpeg\",\"width\":1024,\"height\":768},{\"@type\":\"BreadcrumbList\",\"@id\":\"https:\\\/\\\/www.gsccanarias.com\\\/gsc\\\/julio-perez-destaca-que-la-noche-en-la-zona-del-incendio-ha-sido-tranquila-y-que-hoy-es-un-dia-para-consolidar-la-esperanza\\\/#breadcrumb\",\"itemListElement\":[{\"@type\":\"ListItem\",\"position\":1,\"name\":\"Portada\",\"item\":\"https:\\\/\\\/www.gsccanarias.com\\\/gsc\\\/\"},{\"@type\":\"ListItem\",\"position\":2,\"name\":\"Julio P\u00e9rez destaca que la noche en la zona del incendio ha sido tranquila y que \u201choy es un d\u00eda para consolidar la esperanza\u201d\"}]},{\"@type\":\"WebSite\",\"@id\":\"https:\\\/\\\/www.gsccanarias.com\\\/gsc\\\/#website\",\"url\":\"https:\\\/\\\/www.gsccanarias.com\\\/gsc\\\/\",\"name\":\"GSC\",\"description\":\"Administramos servicios relacionados con la salud, las emergencias, la seguridad y el transporte sanitario\",\"potentialAction\":[{\"@type\":\"SearchAction\",\"target\":{\"@type\":\"EntryPoint\",\"urlTemplate\":\"https:\\\/\\\/www.gsccanarias.com\\\/gsc\\\/?s={search_term_string}\"},\"query-input\":{\"@type\":\"PropertyValueSpecification\",\"valueRequired\":true,\"valueName\":\"search_term_string\"}}],\"inLanguage\":\"es\"},{\"@type\":\"Person\",\"@id\":\"https:\\\/\\\/www.gsccanarias.com\\\/gsc\\\/#\\\/schema\\\/person\\\/6344674ae7d554f04a860ccb99b97e7d\",\"name\":\"Rosa Carmen Lorenzo Triana\",\"image\":{\"@type\":\"ImageObject\",\"inLanguage\":\"es\",\"@id\":\"https:\\\/\\\/secure.gravatar.com\\\/avatar\\\/817029d03413189e37216a598d11d54efd16196c5548b111b1ec9676c4a90739?s=96&d=mm&r=g\",\"url\":\"https:\\\/\\\/secure.gravatar.com\\\/avatar\\\/817029d03413189e37216a598d11d54efd16196c5548b111b1ec9676c4a90739?s=96&d=mm&r=g\",\"contentUrl\":\"https:\\\/\\\/secure.gravatar.com\\\/avatar\\\/817029d03413189e37216a598d11d54efd16196c5548b111b1ec9676c4a90739?s=96&d=mm&r=g\",\"caption\":\"Rosa Carmen Lorenzo Triana\"},\"url\":\"https:\\\/\\\/www.gsccanarias.com\\\/gsc\\\/author\\\/rosa\\\/\"}]}<\/script>\n<!-- \/ Yoast SEO plugin. -->","yoast_head_json":{"title":"Julio P\u00e9rez destaca que la noche en la zona del incendio ha sido tranquila y que \u201choy es un d\u00eda para consolidar la esperanza\u201d - GSC","robots":{"index":"index","follow":"follow","max-snippet":"max-snippet:-1","max-image-preview":"max-image-preview:large","max-video-preview":"max-video-preview:-1"},"canonical":"https:\/\/www.gsccanarias.com\/gsc\/julio-perez-destaca-que-la-noche-en-la-zona-del-incendio-ha-sido-tranquila-y-que-hoy-es-un-dia-para-consolidar-la-esperanza\/","og_locale":"es_ES","og_type":"article","og_title":"Julio P\u00e9rez destaca que la noche en la zona del incendio ha sido tranquila y que \u201choy es un d\u00eda para consolidar la esperanza\u201d - GSC","og_description":"Solo se detectan puntos calientes en Tigaiga y las perspectivas son positivas para el control del incendio De continuar esta situaci\u00f3n favorable a lo largo del d\u00eda, se podr\u00eda iniciar la desescalada de medios y el paso de la direcci\u00f3n al Cabildo de Tenerife Este...","og_url":"https:\/\/www.gsccanarias.com\/gsc\/julio-perez-destaca-que-la-noche-en-la-zona-del-incendio-ha-sido-tranquila-y-que-hoy-es-un-dia-para-consolidar-la-esperanza\/","og_site_name":"GSC","article_published_time":"2022-07-27T11:24:28+00:00","article_modified_time":"2022-07-27T11:26:46+00:00","og_image":[{"width":1024,"height":768,"url":"https:\/\/www.gsccanarias.com\/gsc\/wp-content\/uploads\/2022\/07\/270722-Ladera-de-Tiagaiga-esta-manana.jpeg","type":"image\/jpeg"}],"author":"Rosa Carmen Lorenzo Triana","twitter_card":"summary_large_image","twitter_misc":{"Escrito por":"Rosa Carmen Lorenzo Triana","Tiempo de lectura":"2 minutos"},"schema":{"@context":"https:\/\/schema.org","@graph":[{"@type":"Article","@id":"https:\/\/www.gsccanarias.com\/gsc\/julio-perez-destaca-que-la-noche-en-la-zona-del-incendio-ha-sido-tranquila-y-que-hoy-es-un-dia-para-consolidar-la-esperanza\/#article","isPartOf":{"@id":"https:\/\/www.gsccanarias.com\/gsc\/julio-perez-destaca-que-la-noche-en-la-zona-del-incendio-ha-sido-tranquila-y-que-hoy-es-un-dia-para-consolidar-la-esperanza\/"},"author":{"name":"Rosa Carmen Lorenzo Triana","@id":"https:\/\/www.gsccanarias.com\/gsc\/#\/schema\/person\/6344674ae7d554f04a860ccb99b97e7d"},"headline":"Julio P\u00e9rez destaca que la noche en la zona del incendio ha sido tranquila y que \u201choy es un d\u00eda para consolidar la esperanza\u201d","datePublished":"2022-07-27T11:24:28+00:00","dateModified":"2022-07-27T11:26:46+00:00","mainEntityOfPage":{"@id":"https:\/\/www.gsccanarias.com\/gsc\/julio-perez-destaca-que-la-noche-en-la-zona-del-incendio-ha-sido-tranquila-y-que-hoy-es-un-dia-para-consolidar-la-esperanza\/"},"wordCount":451,"commentCount":0,"image":{"@id":"https:\/\/www.gsccanarias.com\/gsc\/julio-perez-destaca-que-la-noche-en-la-zona-del-incendio-ha-sido-tranquila-y-que-hoy-es-un-dia-para-consolidar-la-esperanza\/#primaryimage"},"thumbnailUrl":"https:\/\/www.gsccanarias.com\/gsc\/wp-content\/uploads\/2022\/07\/270722-Ladera-de-Tiagaiga-esta-manana.jpeg","articleSection":["112","Noticias"],"inLanguage":"es","potentialAction":[{"@type":"CommentAction","name":"Comment","target":["https:\/\/www.gsccanarias.com\/gsc\/julio-perez-destaca-que-la-noche-en-la-zona-del-incendio-ha-sido-tranquila-y-que-hoy-es-un-dia-para-consolidar-la-esperanza\/#respond"]}]},{"@type":"WebPage","@id":"https:\/\/www.gsccanarias.com\/gsc\/julio-perez-destaca-que-la-noche-en-la-zona-del-incendio-ha-sido-tranquila-y-que-hoy-es-un-dia-para-consolidar-la-esperanza\/","url":"https:\/\/www.gsccanarias.com\/gsc\/julio-perez-destaca-que-la-noche-en-la-zona-del-incendio-ha-sido-tranquila-y-que-hoy-es-un-dia-para-consolidar-la-esperanza\/","name":"Julio P\u00e9rez destaca que la noche en la zona del incendio ha sido tranquila y que \u201choy es un d\u00eda para consolidar la esperanza\u201d - GSC","isPartOf":{"@id":"https:\/\/www.gsccanarias.com\/gsc\/#website"},"primaryImageOfPage":{"@id":"https:\/\/www.gsccanarias.com\/gsc\/julio-perez-destaca-que-la-noche-en-la-zona-del-incendio-ha-sido-tranquila-y-que-hoy-es-un-dia-para-consolidar-la-esperanza\/#primaryimage"},"image":{"@id":"https:\/\/www.gsccanarias.com\/gsc\/julio-perez-destaca-que-la-noche-en-la-zona-del-incendio-ha-sido-tranquila-y-que-hoy-es-un-dia-para-consolidar-la-esperanza\/#primaryimage"},"thumbnailUrl":"https:\/\/www.gsccanarias.com\/gsc\/wp-content\/uploads\/2022\/07\/270722-Ladera-de-Tiagaiga-esta-manana.jpeg","datePublished":"2022-07-27T11:24:28+00:00","dateModified":"2022-07-27T11:26:46+00:00","author":{"@id":"https:\/\/www.gsccanarias.com\/gsc\/#\/schema\/person\/6344674ae7d554f04a860ccb99b97e7d"},"breadcrumb":{"@id":"https:\/\/www.gsccanarias.com\/gsc\/julio-perez-destaca-que-la-noche-en-la-zona-del-incendio-ha-sido-tranquila-y-que-hoy-es-un-dia-para-consolidar-la-esperanza\/#breadcrumb"},"inLanguage":"es","potentialAction":[{"@type":"ReadAction","target":["https:\/\/www.gsccanarias.com\/gsc\/julio-perez-destaca-que-la-noche-en-la-zona-del-incendio-ha-sido-tranquila-y-que-hoy-es-un-dia-para-consolidar-la-esperanza\/"]}]},{"@type":"ImageObject","inLanguage":"es","@id":"https:\/\/www.gsccanarias.com\/gsc\/julio-perez-destaca-que-la-noche-en-la-zona-del-incendio-ha-sido-tranquila-y-que-hoy-es-un-dia-para-consolidar-la-esperanza\/#primaryimage","url":"https:\/\/www.gsccanarias.com\/gsc\/wp-content\/uploads\/2022\/07\/270722-Ladera-de-Tiagaiga-esta-manana.jpeg","contentUrl":"https:\/\/www.gsccanarias.com\/gsc\/wp-content\/uploads\/2022\/07\/270722-Ladera-de-Tiagaiga-esta-manana.jpeg","width":1024,"height":768},{"@type":"BreadcrumbList","@id":"https:\/\/www.gsccanarias.com\/gsc\/julio-perez-destaca-que-la-noche-en-la-zona-del-incendio-ha-sido-tranquila-y-que-hoy-es-un-dia-para-consolidar-la-esperanza\/#breadcrumb","itemListElement":[{"@type":"ListItem","position":1,"name":"Portada","item":"https:\/\/www.gsccanarias.com\/gsc\/"},{"@type":"ListItem","position":2,"name":"Julio P\u00e9rez destaca que la noche en la zona del incendio ha sido tranquila y que \u201choy es un d\u00eda para consolidar la esperanza\u201d"}]},{"@type":"WebSite","@id":"https:\/\/www.gsccanarias.com\/gsc\/#website","url":"https:\/\/www.gsccanarias.com\/gsc\/","name":"GSC","description":"Administramos servicios relacionados con la salud, las emergencias, la seguridad y el transporte sanitario","potentialAction":[{"@type":"SearchAction","target":{"@type":"EntryPoint","urlTemplate":"https:\/\/www.gsccanarias.com\/gsc\/?s={search_term_string}"},"query-input":{"@type":"PropertyValueSpecification","valueRequired":true,"valueName":"search_term_string"}}],"inLanguage":"es"},{"@type":"Person","@id":"https:\/\/www.gsccanarias.com\/gsc\/#\/schema\/person\/6344674ae7d554f04a860ccb99b97e7d","name":"Rosa Carmen Lorenzo Triana","image":{"@type":"ImageObject","inLanguage":"es","@id":"https:\/\/secure.gravatar.com\/avatar\/817029d03413189e37216a598d11d54efd16196c5548b111b1ec9676c4a90739?s=96&d=mm&r=g","url":"https:\/\/secure.gravatar.com\/avatar\/817029d03413189e37216a598d11d54efd16196c5548b111b1ec9676c4a90739?s=96&d=mm&r=g","contentUrl":"https:\/\/secure.gravatar.com\/avatar\/817029d03413189e37216a598d11d54efd16196c5548b111b1ec9676c4a90739?s=96&d=mm&r=g","caption":"Rosa Carmen Lorenzo Triana"},"url":"https:\/\/www.gsccanarias.com\/gsc\/author\/rosa\/"}]}},"publishpress_future_workflow_manual_trigger":{"enabledWorkflows":[]},"_links":{"self":[{"href":"https:\/\/www.gsccanarias.com\/gsc\/wp-json\/wp\/v2\/posts\/12681","targetHints":{"allow":["GET"]}}],"collection":[{"href":"https:\/\/www.gsccanarias.com\/gsc\/wp-json\/wp\/v2\/posts"}],"about":[{"href":"https:\/\/www.gsccanarias.com\/gsc\/wp-json\/wp\/v2\/types\/post"}],"author":[{"embeddable":true,"href":"https:\/\/www.gsccanarias.com\/gsc\/wp-json\/wp\/v2\/users\/4"}],"replies":[{"embeddable":true,"href":"https:\/\/www.gsccanarias.com\/gsc\/wp-json\/wp\/v2\/comments?post=12681"}],"version-history":[{"count":1,"href":"https:\/\/www.gsccanarias.com\/gsc\/wp-json\/wp\/v2\/posts\/12681\/revisions"}],"predecessor-version":[{"id":12683,"href":"https:\/\/www.gsccanarias.com\/gsc\/wp-json\/wp\/v2\/posts\/12681\/revisions\/12683"}],"wp:featuredmedia":[{"embeddable":true,"href":"https:\/\/www.gsccanarias.com\/gsc\/wp-json\/wp\/v2\/media\/12687"}],"wp:attachment":[{"href":"https:\/\/www.gsccanarias.com\/gsc\/wp-json\/wp\/v2\/media?parent=12681"}],"wp:term":[{"taxonomy":"category","embeddable":true,"href":"https:\/\/www.gsccanarias.com\/gsc\/wp-json\/wp\/v2\/categories?post=12681"},{"taxonomy":"post_tag","embeddable":true,"href":"https:\/\/www.gsccanarias.com\/gsc\/wp-json\/wp\/v2\/tags?post=12681"}],"curies":[{"name":"wp","href":"https:\/\/api.w.org\/{rel}","templated":true}]}}