{"id":12677,"date":"2022-07-26T23:04:17","date_gmt":"2022-07-26T23:04:17","guid":{"rendered":"https:\/\/www.gsccanarias.com\/gsc\/?p=12677"},"modified":"2022-07-27T10:07:50","modified_gmt":"2022-07-27T10:07:50","slug":"julio-perez-hoy-ha-sido-un-dia-duro-pero-podemos-decir-que-el-incendio-camina-hacia-su-final","status":"publish","type":"post","link":"https:\/\/www.gsccanarias.com\/gsc\/julio-perez-hoy-ha-sido-un-dia-duro-pero-podemos-decir-que-el-incendio-camina-hacia-su-final\/","title":{"rendered":"Julio P\u00e9rez: \u201cHoy ha sido un d\u00eda duro, pero podemos decir que el incendio camina hacia su final\u201d"},"content":{"rendered":"<blockquote><p>Los puntos calientes se concentran en la ladera de Tigaiga, mientras que en el resto del per\u00edmetro no hay flancos activos<\/p>\n<p>Durante la noche se mantendr\u00e1 la vigilancia para evitar reproducciones<\/p>\n<p>Las condiciones meteorol\u00f3gicas mejoran ma\u00f1ana, con un descenso de las temperaturas y un incremento de la humedad relativa<\/p>\n<p>Hasta el d\u00eda de ayer se han descargado m\u00e1s de tres millones y medio de litros de agua y se han repartido casi 3.800 raciones de comida a los operarios<\/p><\/blockquote>\n<p><strong>El consejero de Administraciones P\u00fablicas, Justicia y Seguridad, Julio P\u00e9rez, anunci\u00f3 que a pesar de que hoy ha sido un d\u00eda duro por las condiciones meteorol\u00f3gicas \u201cel incendio empieza a caminar hacia su final\u201d. P\u00e9rez inform\u00f3 que la prioridad de los equipos de extinci\u00f3n durante el d\u00eda ha estado en Tigaiga, que es el \u00fanico flanco que presenta puntos calientes, mientras que el resto del per\u00edmetro no tiene actividad, lo que permite decir que el incendio sigue estable y que avanza hacia la situaci\u00f3n de control.<\/strong><\/p>\n<p>Esta situaci\u00f3n de mejor\u00eda -explic\u00f3 Julio P\u00e9rez- lleva a que se est\u00e9 barajando \u201cuna reducci\u00f3n progresiva de los medios y una bajada de nivel en los pr\u00f3ximos d\u00edas, para que el Cabildo vuelva a asumir la direcci\u00f3n de la extinci\u00f3n\u201d.<\/p>\n<p>P\u00e9rez hizo estas declaraciones tras finalizar la reuni\u00f3n t\u00e9cnica de coordinaci\u00f3n a la que asisti\u00f3 el secretario de Estado de Medio Ambiente del Ministerio de Transici\u00f3n Ecol\u00f3gica y Reto Demogr\u00e1fico, Hugo Mor\u00e1n y el director del Parque Nacional del Teide, Miguel Durb\u00e1n, adem\u00e1s de los representantes del Cabildo de Tenerife, alcaldes y servicios integrantes del operativo INFOCA.<\/p>\n<p>El secretario de Estado de Medio Ambiente resalt\u00f3 el esfuerzo de medios para atender a todos los incendios activos en el pa\u00eds durante los \u00faltimos d\u00edas y la capacidad de respuesta gracias a la coordinaci\u00f3n y colaboraci\u00f3n de las distintas administraciones.<\/p>\n<p>La direcci\u00f3n del Plan INFOCA decidi\u00f3 hoy mantener la orden de desalojo para los vecinos de El Madro\u00f1o, Los Realejos, unas 40 personas, por precauci\u00f3n debido a su proximidad a La ladera de Tigaiga, hasta nueva valoraci\u00f3n t\u00e9cnica.<\/p>\n<p>En cuanto a la afectaci\u00f3n del incendio al Parque Nacional de El Teide, Julio P\u00e9rez indic\u00f3 que se han visto afectadas unas 226 hect\u00e1reas, de las que 213 son de pinar y 13 de retamas. Adem\u00e1s -a\u00f1adi\u00f3- \u201cpuede que se hayan perdido algunos cedros de mucha antig\u00fcedad que hab\u00eda en esa zona\u201d.<\/p>\n<p>El dispositivo que trabajar\u00e1 durante esta noche est\u00e1 compuesto por 70 combatientes que est\u00e1n vigilantes para que no haya reactivaciones, adem\u00e1s de unas 50 personas de cuerpos de seguridad, coordinaci\u00f3n y log\u00edstica. Ma\u00f1ana, estar\u00e1n sobre el terreno 115 efectivos en tareas de extinci\u00f3n. Durante los seis d\u00edas que han transcurrido desde el inicio del incendio Cruz Roja ha repartido casi 3.800 raciones de comida entre los miembros del operativo.<\/p>\n<p>La directora t\u00e9cnica del Plan INFOCA y subdirectora de Protecci\u00f3n Civil, Marta Moreno, inform\u00f3 que durante el d\u00eda se han realizado tres asistencias por accidentes a miembros de los equipos de extinci\u00f3n, que no guardaban ninguna relaci\u00f3n con el fuego ni fueron consecuencia del incendio, que fueron trasladados a centros sanitarios, aunque ninguno revest\u00eda gravedad.<\/p>\n<p>Ma\u00f1ana se mantendr\u00e1n los 10 medios a\u00e9reos de extinci\u00f3n, adem\u00e1s de helic\u00f3ptero de coordinaci\u00f3n de la Guardia Civil. Moreno a\u00f1adi\u00f3 que, hasta ayer, se hab\u00edan realizado descargas de m\u00e1s de 3,5 millones de litros de agua.<\/p>\n<p>Por su parte, Pedro Mart\u00ednez, responsable de los equipos de extinci\u00f3n, asegur\u00f3 que, si bien la situaci\u00f3n del incendio ha mejorado, sigue preocupando la ladera de Tigaiga en la que a\u00fan se aprecian muchos puntos de humo que han sido reducidos por la acci\u00f3n de los medios a\u00e9reos. El problema -explic\u00f3- es que \u201cno podemos cerrarla con medios terrestres y sigue teniendo el riesgo de puedan caer elementos rodantes que provoquen carreras\u201d.<\/p>\n<p>En cuanto a la zona que afecta al Parque Nacional de El Teide, Pedro Mart\u00ednez explic\u00f3 que no se ha producido pr\u00e1cticamente ninguna actividad, salvo en alg\u00fan un punto aislado.<\/p>\n<p>\u201cSi la mejor\u00eda se confirma -a\u00f1adi\u00f3- ma\u00f1ana por la noche tendremos una visi\u00f3n diferente ante la llegada de las masas h\u00famedas de los pr\u00f3ximos d\u00edas\u201d.<\/p>\n<p>Por su parte la consejera de Medio Ambiente y Seguridad del Cabildo de Tenerife, Isabel Garc\u00eda record\u00f3 que sigue vigente la prohibici\u00f3n de realizar actividades en el monte de toda la isla y pidi\u00f3 colaboraci\u00f3n ciudadana.<\/p>\n<p>&nbsp;<\/p>\n<div class=\"pvc_clear\"><\/div>\n<p id=\"pvc_stats_12677\" class=\"pvc_stats all  \" data-element-id=\"12677\" style=\"\"><i class=\"pvc-stats-icon medium\" aria-hidden=\"true\"><svg aria-hidden=\"true\" focusable=\"false\" data-prefix=\"far\" data-icon=\"chart-bar\" role=\"img\" xmlns=\"http:\/\/www.w3.org\/2000\/svg\" viewBox=\"0 0 512 512\" class=\"svg-inline--fa fa-chart-bar fa-w-16 fa-2x\"><path fill=\"currentColor\" d=\"M396.8 352h22.4c6.4 0 12.8-6.4 12.8-12.8V108.8c0-6.4-6.4-12.8-12.8-12.8h-22.4c-6.4 0-12.8 6.4-12.8 12.8v230.4c0 6.4 6.4 12.8 12.8 12.8zm-192 0h22.4c6.4 0 12.8-6.4 12.8-12.8V140.8c0-6.4-6.4-12.8-12.8-12.8h-22.4c-6.4 0-12.8 6.4-12.8 12.8v198.4c0 6.4 6.4 12.8 12.8 12.8zm96 0h22.4c6.4 0 12.8-6.4 12.8-12.8V204.8c0-6.4-6.4-12.8-12.8-12.8h-22.4c-6.4 0-12.8 6.4-12.8 12.8v134.4c0 6.4 6.4 12.8 12.8 12.8zM496 400H48V80c0-8.84-7.16-16-16-16H16C7.16 64 0 71.16 0 80v336c0 17.67 14.33 32 32 32h464c8.84 0 16-7.16 16-16v-16c0-8.84-7.16-16-16-16zm-387.2-48h22.4c6.4 0 12.8-6.4 12.8-12.8v-70.4c0-6.4-6.4-12.8-12.8-12.8h-22.4c-6.4 0-12.8 6.4-12.8 12.8v70.4c0 6.4 6.4 12.8 12.8 12.8z\" class=\"\"><\/path><\/svg><\/i> <\/p>\n<div class=\"pvc_clear\"><\/div>\n<div class=\"print\"><span class=\"page_title\">P\u00e1gina: <span>Julio P\u00e9rez: \u201cHoy ha sido un d\u00eda duro, pero podemos decir que el incendio camina hacia su final\u201d<\/span><\/span>\n\t\t\t\t\t\t\t\t\t\t\t<span class=\"page_title\">Fecha de impresi\u00f3n: <span>30\/04\/2026 - 20:28:12 UTC<\/span><\/span>\n\t\t\t\t\t\t\t\t\t\t\t<span class=\"stmp_trans_date\">\u00daltima actualizaci\u00f3n: <span>27\/07\/2022 - 10:07:50<\/span><\/span>\n\t\t\t\t\t\t\t\t\t\t\t<span class=\"stmp_trans_date\">Fecha publicaci\u00f3n: <span>26\/07\/2022 - 23:04:17<\/span><\/span>\n\t\t\t\t\t\t\t\t\t\t\t<span class=\"stmp_trans_date\">Fecha creaci\u00f3n: <span>26\/07\/2022 - 23:04:17<\/span><\/span><\/div>\n\t","protected":false},"excerpt":{"rendered":"<p>Los puntos calientes se concentran en la ladera de Tigaiga, mientras que en el resto del per\u00edmetro no hay flancos activos Durante la noche se mantendr\u00e1 la vigilancia para evitar reproducciones Las condiciones meteorol\u00f3gicas mejoran ma\u00f1ana, con un descenso de las temperaturas y un incremento&#8230;<\/p>\n<div class=\"pvc_clear\"><\/div>\n<p id=\"pvc_stats_12677\" class=\"pvc_stats all  \" data-element-id=\"12677\" style=\"\"><i class=\"pvc-stats-icon medium\" aria-hidden=\"true\"><svg aria-hidden=\"true\" focusable=\"false\" data-prefix=\"far\" data-icon=\"chart-bar\" role=\"img\" xmlns=\"http:\/\/www.w3.org\/2000\/svg\" viewBox=\"0 0 512 512\" class=\"svg-inline--fa fa-chart-bar fa-w-16 fa-2x\"><path fill=\"currentColor\" d=\"M396.8 352h22.4c6.4 0 12.8-6.4 12.8-12.8V108.8c0-6.4-6.4-12.8-12.8-12.8h-22.4c-6.4 0-12.8 6.4-12.8 12.8v230.4c0 6.4 6.4 12.8 12.8 12.8zm-192 0h22.4c6.4 0 12.8-6.4 12.8-12.8V140.8c0-6.4-6.4-12.8-12.8-12.8h-22.4c-6.4 0-12.8 6.4-12.8 12.8v198.4c0 6.4 6.4 12.8 12.8 12.8zm96 0h22.4c6.4 0 12.8-6.4 12.8-12.8V204.8c0-6.4-6.4-12.8-12.8-12.8h-22.4c-6.4 0-12.8 6.4-12.8 12.8v134.4c0 6.4 6.4 12.8 12.8 12.8zM496 400H48V80c0-8.84-7.16-16-16-16H16C7.16 64 0 71.16 0 80v336c0 17.67 14.33 32 32 32h464c8.84 0 16-7.16 16-16v-16c0-8.84-7.16-16-16-16zm-387.2-48h22.4c6.4 0 12.8-6.4 12.8-12.8v-70.4c0-6.4-6.4-12.8-12.8-12.8h-22.4c-6.4 0-12.8 6.4-12.8 12.8v70.4c0 6.4 6.4 12.8 12.8 12.8z\" class=\"\"><\/path><\/svg><\/i> <img loading=\"lazy\" decoding=\"async\" width=\"16\" height=\"16\" alt=\"Loading\" src=\"https:\/\/www.gsccanarias.com\/gsc\/wp-content\/plugins\/page-views-count\/ajax-loader-2x.gif\" border=0 \/><\/p>\n<div class=\"pvc_clear\"><\/div>\n","protected":false},"author":5,"featured_media":12678,"comment_status":"open","ping_status":"open","sticky":false,"template":"","format":"standard","meta":{"footnotes":""},"categories":[49,35],"tags":[],"class_list":["post-12677","post","type-post","status-publish","format-standard","has-post-thumbnail","hentry","category-49","category-noticias"],"a3_pvc":{"activated":true,"total_views":263,"today_views":1},"yoast_head":"<!-- This site is optimized with the Yoast SEO plugin v27.5 - https:\/\/yoast.com\/product\/yoast-seo-wordpress\/ -->\n<title>Julio P\u00e9rez: \u201cHoy ha sido un d\u00eda duro, pero podemos decir que el incendio camina hacia su final\u201d - GSC<\/title>\n<meta name=\"robots\" content=\"index, follow, max-snippet:-1, max-image-preview:large, max-video-preview:-1\" \/>\n<link rel=\"canonical\" href=\"https:\/\/www.gsccanarias.com\/gsc\/julio-perez-hoy-ha-sido-un-dia-duro-pero-podemos-decir-que-el-incendio-camina-hacia-su-final\/\" \/>\n<meta property=\"og:locale\" content=\"es_ES\" \/>\n<meta property=\"og:type\" content=\"article\" \/>\n<meta property=\"og:title\" content=\"Julio P\u00e9rez: \u201cHoy ha sido un d\u00eda duro, pero podemos decir que el incendio camina hacia su final\u201d - GSC\" \/>\n<meta property=\"og:description\" content=\"Los puntos calientes se concentran en la ladera de Tigaiga, mientras que en el resto del per\u00edmetro no hay flancos activos Durante la noche se mantendr\u00e1 la vigilancia para evitar reproducciones Las condiciones meteorol\u00f3gicas mejoran ma\u00f1ana, con un descenso de las temperaturas y un incremento...\" \/>\n<meta property=\"og:url\" content=\"https:\/\/www.gsccanarias.com\/gsc\/julio-perez-hoy-ha-sido-un-dia-duro-pero-podemos-decir-que-el-incendio-camina-hacia-su-final\/\" \/>\n<meta property=\"og:site_name\" content=\"GSC\" \/>\n<meta property=\"article:published_time\" content=\"2022-07-26T23:04:17+00:00\" \/>\n<meta property=\"article:modified_time\" content=\"2022-07-27T10:07:50+00:00\" \/>\n<meta property=\"og:image\" content=\"https:\/\/www.gsccanarias.com\/gsc\/wp-content\/uploads\/2022\/07\/Para-el-portal.jpeg\" \/>\n\t<meta property=\"og:image:width\" content=\"1024\" \/>\n\t<meta property=\"og:image:height\" content=\"684\" \/>\n\t<meta property=\"og:image:type\" content=\"image\/jpeg\" \/>\n<meta name=\"author\" content=\"Candelaria Ceballos Quintero\" \/>\n<meta name=\"twitter:card\" content=\"summary_large_image\" \/>\n<meta name=\"twitter:label1\" content=\"Escrito por\" \/>\n\t<meta name=\"twitter:data1\" content=\"Candelaria Ceballos Quintero\" \/>\n\t<meta name=\"twitter:label2\" content=\"Tiempo de lectura\" \/>\n\t<meta name=\"twitter:data2\" content=\"4 minutos\" \/>\n<script type=\"application\/ld+json\" class=\"yoast-schema-graph\">{\"@context\":\"https:\\\/\\\/schema.org\",\"@graph\":[{\"@type\":\"Article\",\"@id\":\"https:\\\/\\\/www.gsccanarias.com\\\/gsc\\\/julio-perez-hoy-ha-sido-un-dia-duro-pero-podemos-decir-que-el-incendio-camina-hacia-su-final\\\/#article\",\"isPartOf\":{\"@id\":\"https:\\\/\\\/www.gsccanarias.com\\\/gsc\\\/julio-perez-hoy-ha-sido-un-dia-duro-pero-podemos-decir-que-el-incendio-camina-hacia-su-final\\\/\"},\"author\":{\"name\":\"Candelaria Ceballos Quintero\",\"@id\":\"https:\\\/\\\/www.gsccanarias.com\\\/gsc\\\/#\\\/schema\\\/person\\\/5b9901f4eee7cadbed4628c907cce21f\"},\"headline\":\"Julio P\u00e9rez: \u201cHoy ha sido un d\u00eda duro, pero podemos decir que el incendio camina hacia su final\u201d\",\"datePublished\":\"2022-07-26T23:04:17+00:00\",\"dateModified\":\"2022-07-27T10:07:50+00:00\",\"mainEntityOfPage\":{\"@id\":\"https:\\\/\\\/www.gsccanarias.com\\\/gsc\\\/julio-perez-hoy-ha-sido-un-dia-duro-pero-podemos-decir-que-el-incendio-camina-hacia-su-final\\\/\"},\"wordCount\":820,\"commentCount\":0,\"image\":{\"@id\":\"https:\\\/\\\/www.gsccanarias.com\\\/gsc\\\/julio-perez-hoy-ha-sido-un-dia-duro-pero-podemos-decir-que-el-incendio-camina-hacia-su-final\\\/#primaryimage\"},\"thumbnailUrl\":\"https:\\\/\\\/www.gsccanarias.com\\\/gsc\\\/wp-content\\\/uploads\\\/2022\\\/07\\\/Para-el-portal.jpeg\",\"articleSection\":[\"112\",\"Noticias\"],\"inLanguage\":\"es\",\"potentialAction\":[{\"@type\":\"CommentAction\",\"name\":\"Comment\",\"target\":[\"https:\\\/\\\/www.gsccanarias.com\\\/gsc\\\/julio-perez-hoy-ha-sido-un-dia-duro-pero-podemos-decir-que-el-incendio-camina-hacia-su-final\\\/#respond\"]}]},{\"@type\":\"WebPage\",\"@id\":\"https:\\\/\\\/www.gsccanarias.com\\\/gsc\\\/julio-perez-hoy-ha-sido-un-dia-duro-pero-podemos-decir-que-el-incendio-camina-hacia-su-final\\\/\",\"url\":\"https:\\\/\\\/www.gsccanarias.com\\\/gsc\\\/julio-perez-hoy-ha-sido-un-dia-duro-pero-podemos-decir-que-el-incendio-camina-hacia-su-final\\\/\",\"name\":\"Julio P\u00e9rez: \u201cHoy ha sido un d\u00eda duro, pero podemos decir que el incendio camina hacia su final\u201d - GSC\",\"isPartOf\":{\"@id\":\"https:\\\/\\\/www.gsccanarias.com\\\/gsc\\\/#website\"},\"primaryImageOfPage\":{\"@id\":\"https:\\\/\\\/www.gsccanarias.com\\\/gsc\\\/julio-perez-hoy-ha-sido-un-dia-duro-pero-podemos-decir-que-el-incendio-camina-hacia-su-final\\\/#primaryimage\"},\"image\":{\"@id\":\"https:\\\/\\\/www.gsccanarias.com\\\/gsc\\\/julio-perez-hoy-ha-sido-un-dia-duro-pero-podemos-decir-que-el-incendio-camina-hacia-su-final\\\/#primaryimage\"},\"thumbnailUrl\":\"https:\\\/\\\/www.gsccanarias.com\\\/gsc\\\/wp-content\\\/uploads\\\/2022\\\/07\\\/Para-el-portal.jpeg\",\"datePublished\":\"2022-07-26T23:04:17+00:00\",\"dateModified\":\"2022-07-27T10:07:50+00:00\",\"author\":{\"@id\":\"https:\\\/\\\/www.gsccanarias.com\\\/gsc\\\/#\\\/schema\\\/person\\\/5b9901f4eee7cadbed4628c907cce21f\"},\"breadcrumb\":{\"@id\":\"https:\\\/\\\/www.gsccanarias.com\\\/gsc\\\/julio-perez-hoy-ha-sido-un-dia-duro-pero-podemos-decir-que-el-incendio-camina-hacia-su-final\\\/#breadcrumb\"},\"inLanguage\":\"es\",\"potentialAction\":[{\"@type\":\"ReadAction\",\"target\":[\"https:\\\/\\\/www.gsccanarias.com\\\/gsc\\\/julio-perez-hoy-ha-sido-un-dia-duro-pero-podemos-decir-que-el-incendio-camina-hacia-su-final\\\/\"]}]},{\"@type\":\"ImageObject\",\"inLanguage\":\"es\",\"@id\":\"https:\\\/\\\/www.gsccanarias.com\\\/gsc\\\/julio-perez-hoy-ha-sido-un-dia-duro-pero-podemos-decir-que-el-incendio-camina-hacia-su-final\\\/#primaryimage\",\"url\":\"https:\\\/\\\/www.gsccanarias.com\\\/gsc\\\/wp-content\\\/uploads\\\/2022\\\/07\\\/Para-el-portal.jpeg\",\"contentUrl\":\"https:\\\/\\\/www.gsccanarias.com\\\/gsc\\\/wp-content\\\/uploads\\\/2022\\\/07\\\/Para-el-portal.jpeg\",\"width\":1024,\"height\":684},{\"@type\":\"BreadcrumbList\",\"@id\":\"https:\\\/\\\/www.gsccanarias.com\\\/gsc\\\/julio-perez-hoy-ha-sido-un-dia-duro-pero-podemos-decir-que-el-incendio-camina-hacia-su-final\\\/#breadcrumb\",\"itemListElement\":[{\"@type\":\"ListItem\",\"position\":1,\"name\":\"Portada\",\"item\":\"https:\\\/\\\/www.gsccanarias.com\\\/gsc\\\/\"},{\"@type\":\"ListItem\",\"position\":2,\"name\":\"Julio P\u00e9rez: \u201cHoy ha sido un d\u00eda duro, pero podemos decir que el incendio camina hacia su final\u201d\"}]},{\"@type\":\"WebSite\",\"@id\":\"https:\\\/\\\/www.gsccanarias.com\\\/gsc\\\/#website\",\"url\":\"https:\\\/\\\/www.gsccanarias.com\\\/gsc\\\/\",\"name\":\"GSC\",\"description\":\"Administramos servicios relacionados con la salud, las emergencias, la seguridad y el transporte sanitario\",\"potentialAction\":[{\"@type\":\"SearchAction\",\"target\":{\"@type\":\"EntryPoint\",\"urlTemplate\":\"https:\\\/\\\/www.gsccanarias.com\\\/gsc\\\/?s={search_term_string}\"},\"query-input\":{\"@type\":\"PropertyValueSpecification\",\"valueRequired\":true,\"valueName\":\"search_term_string\"}}],\"inLanguage\":\"es\"},{\"@type\":\"Person\",\"@id\":\"https:\\\/\\\/www.gsccanarias.com\\\/gsc\\\/#\\\/schema\\\/person\\\/5b9901f4eee7cadbed4628c907cce21f\",\"name\":\"Candelaria Ceballos Quintero\",\"image\":{\"@type\":\"ImageObject\",\"inLanguage\":\"es\",\"@id\":\"https:\\\/\\\/secure.gravatar.com\\\/avatar\\\/4f9946c8a8e26afcca94f05df1786a5365e8e246fff67757b9108a432cd46e0d?s=96&d=mm&r=g\",\"url\":\"https:\\\/\\\/secure.gravatar.com\\\/avatar\\\/4f9946c8a8e26afcca94f05df1786a5365e8e246fff67757b9108a432cd46e0d?s=96&d=mm&r=g\",\"contentUrl\":\"https:\\\/\\\/secure.gravatar.com\\\/avatar\\\/4f9946c8a8e26afcca94f05df1786a5365e8e246fff67757b9108a432cd46e0d?s=96&d=mm&r=g\",\"caption\":\"Candelaria Ceballos Quintero\"},\"url\":\"https:\\\/\\\/www.gsccanarias.com\\\/gsc\\\/author\\\/candelaria\\\/\"}]}<\/script>\n<!-- \/ Yoast SEO plugin. -->","yoast_head_json":{"title":"Julio P\u00e9rez: \u201cHoy ha sido un d\u00eda duro, pero podemos decir que el incendio camina hacia su final\u201d - GSC","robots":{"index":"index","follow":"follow","max-snippet":"max-snippet:-1","max-image-preview":"max-image-preview:large","max-video-preview":"max-video-preview:-1"},"canonical":"https:\/\/www.gsccanarias.com\/gsc\/julio-perez-hoy-ha-sido-un-dia-duro-pero-podemos-decir-que-el-incendio-camina-hacia-su-final\/","og_locale":"es_ES","og_type":"article","og_title":"Julio P\u00e9rez: \u201cHoy ha sido un d\u00eda duro, pero podemos decir que el incendio camina hacia su final\u201d - GSC","og_description":"Los puntos calientes se concentran en la ladera de Tigaiga, mientras que en el resto del per\u00edmetro no hay flancos activos Durante la noche se mantendr\u00e1 la vigilancia para evitar reproducciones Las condiciones meteorol\u00f3gicas mejoran ma\u00f1ana, con un descenso de las temperaturas y un incremento...","og_url":"https:\/\/www.gsccanarias.com\/gsc\/julio-perez-hoy-ha-sido-un-dia-duro-pero-podemos-decir-que-el-incendio-camina-hacia-su-final\/","og_site_name":"GSC","article_published_time":"2022-07-26T23:04:17+00:00","article_modified_time":"2022-07-27T10:07:50+00:00","og_image":[{"width":1024,"height":684,"url":"https:\/\/www.gsccanarias.com\/gsc\/wp-content\/uploads\/2022\/07\/Para-el-portal.jpeg","type":"image\/jpeg"}],"author":"Candelaria Ceballos Quintero","twitter_card":"summary_large_image","twitter_misc":{"Escrito por":"Candelaria Ceballos Quintero","Tiempo de lectura":"4 minutos"},"schema":{"@context":"https:\/\/schema.org","@graph":[{"@type":"Article","@id":"https:\/\/www.gsccanarias.com\/gsc\/julio-perez-hoy-ha-sido-un-dia-duro-pero-podemos-decir-que-el-incendio-camina-hacia-su-final\/#article","isPartOf":{"@id":"https:\/\/www.gsccanarias.com\/gsc\/julio-perez-hoy-ha-sido-un-dia-duro-pero-podemos-decir-que-el-incendio-camina-hacia-su-final\/"},"author":{"name":"Candelaria Ceballos Quintero","@id":"https:\/\/www.gsccanarias.com\/gsc\/#\/schema\/person\/5b9901f4eee7cadbed4628c907cce21f"},"headline":"Julio P\u00e9rez: \u201cHoy ha sido un d\u00eda duro, pero podemos decir que el incendio camina hacia su final\u201d","datePublished":"2022-07-26T23:04:17+00:00","dateModified":"2022-07-27T10:07:50+00:00","mainEntityOfPage":{"@id":"https:\/\/www.gsccanarias.com\/gsc\/julio-perez-hoy-ha-sido-un-dia-duro-pero-podemos-decir-que-el-incendio-camina-hacia-su-final\/"},"wordCount":820,"commentCount":0,"image":{"@id":"https:\/\/www.gsccanarias.com\/gsc\/julio-perez-hoy-ha-sido-un-dia-duro-pero-podemos-decir-que-el-incendio-camina-hacia-su-final\/#primaryimage"},"thumbnailUrl":"https:\/\/www.gsccanarias.com\/gsc\/wp-content\/uploads\/2022\/07\/Para-el-portal.jpeg","articleSection":["112","Noticias"],"inLanguage":"es","potentialAction":[{"@type":"CommentAction","name":"Comment","target":["https:\/\/www.gsccanarias.com\/gsc\/julio-perez-hoy-ha-sido-un-dia-duro-pero-podemos-decir-que-el-incendio-camina-hacia-su-final\/#respond"]}]},{"@type":"WebPage","@id":"https:\/\/www.gsccanarias.com\/gsc\/julio-perez-hoy-ha-sido-un-dia-duro-pero-podemos-decir-que-el-incendio-camina-hacia-su-final\/","url":"https:\/\/www.gsccanarias.com\/gsc\/julio-perez-hoy-ha-sido-un-dia-duro-pero-podemos-decir-que-el-incendio-camina-hacia-su-final\/","name":"Julio P\u00e9rez: \u201cHoy ha sido un d\u00eda duro, pero podemos decir que el incendio camina hacia su final\u201d - GSC","isPartOf":{"@id":"https:\/\/www.gsccanarias.com\/gsc\/#website"},"primaryImageOfPage":{"@id":"https:\/\/www.gsccanarias.com\/gsc\/julio-perez-hoy-ha-sido-un-dia-duro-pero-podemos-decir-que-el-incendio-camina-hacia-su-final\/#primaryimage"},"image":{"@id":"https:\/\/www.gsccanarias.com\/gsc\/julio-perez-hoy-ha-sido-un-dia-duro-pero-podemos-decir-que-el-incendio-camina-hacia-su-final\/#primaryimage"},"thumbnailUrl":"https:\/\/www.gsccanarias.com\/gsc\/wp-content\/uploads\/2022\/07\/Para-el-portal.jpeg","datePublished":"2022-07-26T23:04:17+00:00","dateModified":"2022-07-27T10:07:50+00:00","author":{"@id":"https:\/\/www.gsccanarias.com\/gsc\/#\/schema\/person\/5b9901f4eee7cadbed4628c907cce21f"},"breadcrumb":{"@id":"https:\/\/www.gsccanarias.com\/gsc\/julio-perez-hoy-ha-sido-un-dia-duro-pero-podemos-decir-que-el-incendio-camina-hacia-su-final\/#breadcrumb"},"inLanguage":"es","potentialAction":[{"@type":"ReadAction","target":["https:\/\/www.gsccanarias.com\/gsc\/julio-perez-hoy-ha-sido-un-dia-duro-pero-podemos-decir-que-el-incendio-camina-hacia-su-final\/"]}]},{"@type":"ImageObject","inLanguage":"es","@id":"https:\/\/www.gsccanarias.com\/gsc\/julio-perez-hoy-ha-sido-un-dia-duro-pero-podemos-decir-que-el-incendio-camina-hacia-su-final\/#primaryimage","url":"https:\/\/www.gsccanarias.com\/gsc\/wp-content\/uploads\/2022\/07\/Para-el-portal.jpeg","contentUrl":"https:\/\/www.gsccanarias.com\/gsc\/wp-content\/uploads\/2022\/07\/Para-el-portal.jpeg","width":1024,"height":684},{"@type":"BreadcrumbList","@id":"https:\/\/www.gsccanarias.com\/gsc\/julio-perez-hoy-ha-sido-un-dia-duro-pero-podemos-decir-que-el-incendio-camina-hacia-su-final\/#breadcrumb","itemListElement":[{"@type":"ListItem","position":1,"name":"Portada","item":"https:\/\/www.gsccanarias.com\/gsc\/"},{"@type":"ListItem","position":2,"name":"Julio P\u00e9rez: \u201cHoy ha sido un d\u00eda duro, pero podemos decir que el incendio camina hacia su final\u201d"}]},{"@type":"WebSite","@id":"https:\/\/www.gsccanarias.com\/gsc\/#website","url":"https:\/\/www.gsccanarias.com\/gsc\/","name":"GSC","description":"Administramos servicios relacionados con la salud, las emergencias, la seguridad y el transporte sanitario","potentialAction":[{"@type":"SearchAction","target":{"@type":"EntryPoint","urlTemplate":"https:\/\/www.gsccanarias.com\/gsc\/?s={search_term_string}"},"query-input":{"@type":"PropertyValueSpecification","valueRequired":true,"valueName":"search_term_string"}}],"inLanguage":"es"},{"@type":"Person","@id":"https:\/\/www.gsccanarias.com\/gsc\/#\/schema\/person\/5b9901f4eee7cadbed4628c907cce21f","name":"Candelaria Ceballos Quintero","image":{"@type":"ImageObject","inLanguage":"es","@id":"https:\/\/secure.gravatar.com\/avatar\/4f9946c8a8e26afcca94f05df1786a5365e8e246fff67757b9108a432cd46e0d?s=96&d=mm&r=g","url":"https:\/\/secure.gravatar.com\/avatar\/4f9946c8a8e26afcca94f05df1786a5365e8e246fff67757b9108a432cd46e0d?s=96&d=mm&r=g","contentUrl":"https:\/\/secure.gravatar.com\/avatar\/4f9946c8a8e26afcca94f05df1786a5365e8e246fff67757b9108a432cd46e0d?s=96&d=mm&r=g","caption":"Candelaria Ceballos Quintero"},"url":"https:\/\/www.gsccanarias.com\/gsc\/author\/candelaria\/"}]}},"publishpress_future_workflow_manual_trigger":{"enabledWorkflows":[]},"_links":{"self":[{"href":"https:\/\/www.gsccanarias.com\/gsc\/wp-json\/wp\/v2\/posts\/12677","targetHints":{"allow":["GET"]}}],"collection":[{"href":"https:\/\/www.gsccanarias.com\/gsc\/wp-json\/wp\/v2\/posts"}],"about":[{"href":"https:\/\/www.gsccanarias.com\/gsc\/wp-json\/wp\/v2\/types\/post"}],"author":[{"embeddable":true,"href":"https:\/\/www.gsccanarias.com\/gsc\/wp-json\/wp\/v2\/users\/5"}],"replies":[{"embeddable":true,"href":"https:\/\/www.gsccanarias.com\/gsc\/wp-json\/wp\/v2\/comments?post=12677"}],"version-history":[{"count":1,"href":"https:\/\/www.gsccanarias.com\/gsc\/wp-json\/wp\/v2\/posts\/12677\/revisions"}],"predecessor-version":[{"id":12679,"href":"https:\/\/www.gsccanarias.com\/gsc\/wp-json\/wp\/v2\/posts\/12677\/revisions\/12679"}],"wp:featuredmedia":[{"embeddable":true,"href":"https:\/\/www.gsccanarias.com\/gsc\/wp-json\/wp\/v2\/media\/12678"}],"wp:attachment":[{"href":"https:\/\/www.gsccanarias.com\/gsc\/wp-json\/wp\/v2\/media?parent=12677"}],"wp:term":[{"taxonomy":"category","embeddable":true,"href":"https:\/\/www.gsccanarias.com\/gsc\/wp-json\/wp\/v2\/categories?post=12677"},{"taxonomy":"post_tag","embeddable":true,"href":"https:\/\/www.gsccanarias.com\/gsc\/wp-json\/wp\/v2\/tags?post=12677"}],"curies":[{"name":"wp","href":"https:\/\/api.w.org\/{rel}","templated":true}]}}