{"id":12650,"date":"2022-07-24T21:45:08","date_gmt":"2022-07-24T21:45:08","guid":{"rendered":"https:\/\/www.gsccanarias.com\/gsc\/?p=12650"},"modified":"2022-07-24T21:45:20","modified_gmt":"2022-07-24T21:45:20","slug":"el-flanco-de-la-ladera-de-tigaiga-principal-preocupacion-pese-a-los-avances-logrados-hoy-en-la-contencion-del-fuego","status":"publish","type":"post","link":"https:\/\/www.gsccanarias.com\/gsc\/el-flanco-de-la-ladera-de-tigaiga-principal-preocupacion-pese-a-los-avances-logrados-hoy-en-la-contencion-del-fuego\/","title":{"rendered":"El flanco de la ladera de Tigaiga, principal preocupaci\u00f3n, pese a los avances logrados hoy en la contenci\u00f3n del fuego"},"content":{"rendered":"<blockquote><p>Las evacuaciones se mantienen por precauci\u00f3n hasta nueva valoraci\u00f3n<\/p>\n<p>Los accesos a la zona forestal siguen restringidos, ante la previsi\u00f3n de altas temperaturas y baja humedad relativa<\/p>\n<p>Hoy han intervenido 13 medios a\u00e9reos, con la operatividad de los dos hidroaviones, que han descargado m\u00e1s de un mill\u00f3n de litros de agua<\/p>\n<p>Se ha habilitado un espacio para atender los animales que han sido evacuados con asistencia veterinaria<\/p><\/blockquote>\n<p><strong>El consejero de Administraciones P\u00fablicas, Justicia y Seguridad, Julio P\u00e9rez, destac\u00f3 en la rueda de prensa celebrada esta tarde para informar de la evoluci\u00f3n del incendio forestal declarado en Tenerife que el d\u00eda hoy ha sido mejor que ayer, aunque sigue preocupando la ladera de Tigaiga. \u201cLos avances conseguidos durante esta jornada permiten pensar que ma\u00f1ana se producir\u00e1 un avance m\u00e1s significativo, aunque por ahora no se pueden eliminar las medidas de protecci\u00f3n civil que hemos tomado respecto a la evacuaci\u00f3n de personas, cortes de carreteras y la prohibici\u00f3n de acceso a zonas forestales\u201d, apunt\u00f3.<\/strong><\/p>\n<p>La superficie afectada alcanza ya las 2.700 hect\u00e1reas, 500 m\u00e1s que esta ma\u00f1ana, y el per\u00edmetro supera los 27 kil\u00f3metros.<\/p>\n<p>Julio P\u00e9rez explic\u00f3 que la zona del incendio que da al mar, hacia las zonas pobladas, est\u00e1 tranquila y no es previsible que se aviven las llamas en esa \u00e1rea. El foco del incendio que va hacia el Teide est\u00e1 activo, pero llega cansado y no tiene mucho material que quemar. En el lado que da hacia Icod de los Vinos se ha conseguido anclar gracias a los trabajos de extinci\u00f3n que se han realizado en esa zona.<\/p>\n<p>El lado que m\u00e1s preocupa es la ladera de Tigaiga donde, debido a su orograf\u00eda, es complicado trabajar por tierra y aire. Adem\u00e1s, la ca\u00edda brusca de agua puede producir un impacto contraproducente, ya que se pueden caer pedazos de incendios a cotas inferiores.<\/p>\n<p>Por su parte, el presidente del Cabildo de Tenerife, Pedro Mart\u00edn, destac\u00f3 que el incendio ha llegado a un momento de cierta contenci\u00f3n. pero depender\u00e1 de c\u00f3mo evolucione en las pr\u00f3ximas horas y de que no haya sorpresas durante la noche.<\/p>\n<p>Ante la situaci\u00f3n meteorol\u00f3gica y la previsi\u00f3n de que las altas temperaturas continuar\u00e1n hasta el martes, desde el Cabildo de Tenerife se mantiene la prohibici\u00f3n de acceso a las zonas forestales y la limitaci\u00f3n de realizar actividades en el monte. Se volver\u00e1 a valorar la situaci\u00f3n a partir del martes, seg\u00fan los avances en la contenci\u00f3n del incendio y la nueva previsi\u00f3n meteorol\u00f3gica.<\/p>\n<p>Durante el d\u00eda de hoy han trabajado los 13 medios a\u00e9reos y en total estas aeronaves han descargado m\u00e1s de un mill\u00f3n de litros de agua. Por tierra han actuado 170 combatientes, a los que hay que sumar el dispositivo en tareas de seguridad y log\u00edstica hasta sumar 250 personas.<\/p>\n<p>Ma\u00f1ana empezar\u00e1n a desactivarse algunos medios como la EIRIF de La Gomera y el equipo Presa del Cabildo de Gran Canaria que regresan a sus bases ante el incremento de las temperaturas que se van a producir en los pr\u00f3ximos d\u00edas.<\/p>\n<p>La directora t\u00e9cnica del INFOCA, Monserrat Rom\u00e1n, se\u00f1al\u00f3 que el Gobierno, junto con los ayuntamientos, ha habilitado un espacio para atender a los animales evacuados, asistido por veterinarios en el que se han recogido 37 perros, 8 gatos, 114 cabras, 11 mulas y 8 caballos, que han sido distribuidos en distintos albergues.<\/p>\n<p>Por su parte, el director de extinci\u00f3n, Pedro Mart\u00ednez Costa, indic\u00f3 que la actividad de hoy se ha centrado en dos puntos principales: en la zona alta del flanco oeste, donde se ha logrado anclar el fuego y reducir su intensidad y en la zona de Tigaiga.<\/p>\n<p>Insisti\u00f3 en que esta \u00faltima zona es la que m\u00e1s preocupa ya que se trata de un \u00e1rea de dif\u00edcil orograf\u00eda en la que quedan puntos calientes en toda la ladera, muchos de ellos inaccesibles. \u201cHemos logrado encerrar el incendio en esa zona, pero puede traspasar la l\u00ednea por la acci\u00f3n del viento o si alg\u00fan elemento se cae. Adem\u00e1s, parte de esta zona est\u00e1 sin quemar y todav\u00eda se puede producir alguna carrera puntual del fuego\u201d a\u00f1adi\u00f3.<\/p>\n<p>Ma\u00f1ana ser\u00e1 un d\u00eda determinante para llegar a esos puntos y aislarlos para evitar que sigua evolucionando de cara a los pr\u00f3ximos d\u00edas.<\/p>\n<p><strong>NOTA: <\/strong><\/p>\n<p>Descarga de material audiovisual y audio en el siguiente enlace:<\/p>\n<p><a href=\"https:\/\/acfipress.com\/tv\/2022-07-24\/incendio-realejos-reunion-tecnica-vespertina-sobre-la-extincion-del-incendio-forestal-en-el-norte-de-tenerife-recursos\">https:\/\/acfipress.com\/tv\/2022-07-24\/incendio-realejos-reunion-tecnica-vespertina-sobre-la-extincion-del-incendio-forestal-en-el-norte-de-tenerife-recursos<\/a><\/p>\n<div class=\"pvc_clear\"><\/div>\n<p id=\"pvc_stats_12650\" class=\"pvc_stats all  \" data-element-id=\"12650\" style=\"\"><i class=\"pvc-stats-icon medium\" aria-hidden=\"true\"><svg aria-hidden=\"true\" focusable=\"false\" data-prefix=\"far\" data-icon=\"chart-bar\" role=\"img\" xmlns=\"http:\/\/www.w3.org\/2000\/svg\" viewBox=\"0 0 512 512\" class=\"svg-inline--fa fa-chart-bar fa-w-16 fa-2x\"><path fill=\"currentColor\" d=\"M396.8 352h22.4c6.4 0 12.8-6.4 12.8-12.8V108.8c0-6.4-6.4-12.8-12.8-12.8h-22.4c-6.4 0-12.8 6.4-12.8 12.8v230.4c0 6.4 6.4 12.8 12.8 12.8zm-192 0h22.4c6.4 0 12.8-6.4 12.8-12.8V140.8c0-6.4-6.4-12.8-12.8-12.8h-22.4c-6.4 0-12.8 6.4-12.8 12.8v198.4c0 6.4 6.4 12.8 12.8 12.8zm96 0h22.4c6.4 0 12.8-6.4 12.8-12.8V204.8c0-6.4-6.4-12.8-12.8-12.8h-22.4c-6.4 0-12.8 6.4-12.8 12.8v134.4c0 6.4 6.4 12.8 12.8 12.8zM496 400H48V80c0-8.84-7.16-16-16-16H16C7.16 64 0 71.16 0 80v336c0 17.67 14.33 32 32 32h464c8.84 0 16-7.16 16-16v-16c0-8.84-7.16-16-16-16zm-387.2-48h22.4c6.4 0 12.8-6.4 12.8-12.8v-70.4c0-6.4-6.4-12.8-12.8-12.8h-22.4c-6.4 0-12.8 6.4-12.8 12.8v70.4c0 6.4 6.4 12.8 12.8 12.8z\" class=\"\"><\/path><\/svg><\/i> <\/p>\n<div class=\"pvc_clear\"><\/div>\n<div class=\"print\"><span class=\"page_title\">P\u00e1gina: <span>El flanco de la ladera de Tigaiga, principal preocupaci\u00f3n, pese a los avances logrados hoy en la contenci\u00f3n del fuego<\/span><\/span>\n\t\t\t\t\t\t\t\t\t\t\t<span class=\"page_title\">Fecha de impresi\u00f3n: <span>02\/05\/2026 - 08:04:06 UTC<\/span><\/span>\n\t\t\t\t\t\t\t\t\t\t\t<span class=\"stmp_trans_date\">\u00daltima actualizaci\u00f3n: <span>24\/07\/2022 - 21:45:20<\/span><\/span>\n\t\t\t\t\t\t\t\t\t\t\t<span class=\"stmp_trans_date\">Fecha publicaci\u00f3n: <span>24\/07\/2022 - 21:45:08<\/span><\/span>\n\t\t\t\t\t\t\t\t\t\t\t<span class=\"stmp_trans_date\">Fecha creaci\u00f3n: <span>24\/07\/2022 - 21:45:08<\/span><\/span><\/div>\n\t","protected":false},"excerpt":{"rendered":"<p>Las evacuaciones se mantienen por precauci\u00f3n hasta nueva valoraci\u00f3n Los accesos a la zona forestal siguen restringidos, ante la previsi\u00f3n de altas temperaturas y baja humedad relativa Hoy han intervenido 13 medios a\u00e9reos, con la operatividad de los dos hidroaviones, que han descargado m\u00e1s de&#8230;<\/p>\n<div class=\"pvc_clear\"><\/div>\n<p id=\"pvc_stats_12650\" class=\"pvc_stats all  \" data-element-id=\"12650\" style=\"\"><i class=\"pvc-stats-icon medium\" aria-hidden=\"true\"><svg aria-hidden=\"true\" focusable=\"false\" data-prefix=\"far\" data-icon=\"chart-bar\" role=\"img\" xmlns=\"http:\/\/www.w3.org\/2000\/svg\" viewBox=\"0 0 512 512\" class=\"svg-inline--fa fa-chart-bar fa-w-16 fa-2x\"><path fill=\"currentColor\" d=\"M396.8 352h22.4c6.4 0 12.8-6.4 12.8-12.8V108.8c0-6.4-6.4-12.8-12.8-12.8h-22.4c-6.4 0-12.8 6.4-12.8 12.8v230.4c0 6.4 6.4 12.8 12.8 12.8zm-192 0h22.4c6.4 0 12.8-6.4 12.8-12.8V140.8c0-6.4-6.4-12.8-12.8-12.8h-22.4c-6.4 0-12.8 6.4-12.8 12.8v198.4c0 6.4 6.4 12.8 12.8 12.8zm96 0h22.4c6.4 0 12.8-6.4 12.8-12.8V204.8c0-6.4-6.4-12.8-12.8-12.8h-22.4c-6.4 0-12.8 6.4-12.8 12.8v134.4c0 6.4 6.4 12.8 12.8 12.8zM496 400H48V80c0-8.84-7.16-16-16-16H16C7.16 64 0 71.16 0 80v336c0 17.67 14.33 32 32 32h464c8.84 0 16-7.16 16-16v-16c0-8.84-7.16-16-16-16zm-387.2-48h22.4c6.4 0 12.8-6.4 12.8-12.8v-70.4c0-6.4-6.4-12.8-12.8-12.8h-22.4c-6.4 0-12.8 6.4-12.8 12.8v70.4c0 6.4 6.4 12.8 12.8 12.8z\" class=\"\"><\/path><\/svg><\/i> <img loading=\"lazy\" decoding=\"async\" width=\"16\" height=\"16\" alt=\"Loading\" src=\"https:\/\/www.gsccanarias.com\/gsc\/wp-content\/plugins\/page-views-count\/ajax-loader-2x.gif\" border=0 \/><\/p>\n<div class=\"pvc_clear\"><\/div>\n","protected":false},"author":4,"featured_media":12651,"comment_status":"open","ping_status":"open","sticky":false,"template":"","format":"standard","meta":{"footnotes":""},"categories":[49,35],"tags":[],"class_list":["post-12650","post","type-post","status-publish","format-standard","has-post-thumbnail","hentry","category-49","category-noticias"],"a3_pvc":{"activated":true,"total_views":321,"today_views":0},"yoast_head":"<!-- This site is optimized with the Yoast SEO plugin v27.5 - https:\/\/yoast.com\/product\/yoast-seo-wordpress\/ -->\n<title>El flanco de la ladera de Tigaiga, principal preocupaci\u00f3n, pese a los avances logrados hoy en la contenci\u00f3n del fuego - GSC<\/title>\n<meta name=\"robots\" content=\"index, follow, max-snippet:-1, max-image-preview:large, max-video-preview:-1\" \/>\n<link rel=\"canonical\" href=\"https:\/\/www.gsccanarias.com\/gsc\/el-flanco-de-la-ladera-de-tigaiga-principal-preocupacion-pese-a-los-avances-logrados-hoy-en-la-contencion-del-fuego\/\" \/>\n<meta property=\"og:locale\" content=\"es_ES\" \/>\n<meta property=\"og:type\" content=\"article\" \/>\n<meta property=\"og:title\" content=\"El flanco de la ladera de Tigaiga, principal preocupaci\u00f3n, pese a los avances logrados hoy en la contenci\u00f3n del fuego - GSC\" \/>\n<meta property=\"og:description\" content=\"Las evacuaciones se mantienen por precauci\u00f3n hasta nueva valoraci\u00f3n Los accesos a la zona forestal siguen restringidos, ante la previsi\u00f3n de altas temperaturas y baja humedad relativa Hoy han intervenido 13 medios a\u00e9reos, con la operatividad de los dos hidroaviones, que han descargado m\u00e1s de...\" \/>\n<meta property=\"og:url\" content=\"https:\/\/www.gsccanarias.com\/gsc\/el-flanco-de-la-ladera-de-tigaiga-principal-preocupacion-pese-a-los-avances-logrados-hoy-en-la-contencion-del-fuego\/\" \/>\n<meta property=\"og:site_name\" content=\"GSC\" \/>\n<meta property=\"article:published_time\" content=\"2022-07-24T21:45:08+00:00\" \/>\n<meta property=\"article:modified_time\" content=\"2022-07-24T21:45:20+00:00\" \/>\n<meta property=\"og:image\" content=\"https:\/\/www.gsccanarias.com\/gsc\/wp-content\/uploads\/2022\/07\/Ladera-de-Tigaiga.jpeg\" \/>\n\t<meta property=\"og:image:width\" content=\"1920\" \/>\n\t<meta property=\"og:image:height\" content=\"1080\" \/>\n\t<meta property=\"og:image:type\" content=\"image\/jpeg\" \/>\n<meta name=\"author\" content=\"Rosa Carmen Lorenzo Triana\" \/>\n<meta name=\"twitter:card\" content=\"summary_large_image\" \/>\n<meta name=\"twitter:label1\" content=\"Escrito por\" \/>\n\t<meta name=\"twitter:data1\" content=\"Rosa Carmen Lorenzo Triana\" \/>\n\t<meta name=\"twitter:label2\" content=\"Tiempo de lectura\" \/>\n\t<meta name=\"twitter:data2\" content=\"4 minutos\" \/>\n<script type=\"application\/ld+json\" class=\"yoast-schema-graph\">{\"@context\":\"https:\\\/\\\/schema.org\",\"@graph\":[{\"@type\":\"Article\",\"@id\":\"https:\\\/\\\/www.gsccanarias.com\\\/gsc\\\/el-flanco-de-la-ladera-de-tigaiga-principal-preocupacion-pese-a-los-avances-logrados-hoy-en-la-contencion-del-fuego\\\/#article\",\"isPartOf\":{\"@id\":\"https:\\\/\\\/www.gsccanarias.com\\\/gsc\\\/el-flanco-de-la-ladera-de-tigaiga-principal-preocupacion-pese-a-los-avances-logrados-hoy-en-la-contencion-del-fuego\\\/\"},\"author\":{\"name\":\"Rosa Carmen Lorenzo Triana\",\"@id\":\"https:\\\/\\\/www.gsccanarias.com\\\/gsc\\\/#\\\/schema\\\/person\\\/6344674ae7d554f04a860ccb99b97e7d\"},\"headline\":\"El flanco de la ladera de Tigaiga, principal preocupaci\u00f3n, pese a los avances logrados hoy en la contenci\u00f3n del fuego\",\"datePublished\":\"2022-07-24T21:45:08+00:00\",\"dateModified\":\"2022-07-24T21:45:20+00:00\",\"mainEntityOfPage\":{\"@id\":\"https:\\\/\\\/www.gsccanarias.com\\\/gsc\\\/el-flanco-de-la-ladera-de-tigaiga-principal-preocupacion-pese-a-los-avances-logrados-hoy-en-la-contencion-del-fuego\\\/\"},\"wordCount\":795,\"commentCount\":0,\"image\":{\"@id\":\"https:\\\/\\\/www.gsccanarias.com\\\/gsc\\\/el-flanco-de-la-ladera-de-tigaiga-principal-preocupacion-pese-a-los-avances-logrados-hoy-en-la-contencion-del-fuego\\\/#primaryimage\"},\"thumbnailUrl\":\"https:\\\/\\\/www.gsccanarias.com\\\/gsc\\\/wp-content\\\/uploads\\\/2022\\\/07\\\/Ladera-de-Tigaiga.jpeg\",\"articleSection\":[\"112\",\"Noticias\"],\"inLanguage\":\"es\",\"potentialAction\":[{\"@type\":\"CommentAction\",\"name\":\"Comment\",\"target\":[\"https:\\\/\\\/www.gsccanarias.com\\\/gsc\\\/el-flanco-de-la-ladera-de-tigaiga-principal-preocupacion-pese-a-los-avances-logrados-hoy-en-la-contencion-del-fuego\\\/#respond\"]}]},{\"@type\":\"WebPage\",\"@id\":\"https:\\\/\\\/www.gsccanarias.com\\\/gsc\\\/el-flanco-de-la-ladera-de-tigaiga-principal-preocupacion-pese-a-los-avances-logrados-hoy-en-la-contencion-del-fuego\\\/\",\"url\":\"https:\\\/\\\/www.gsccanarias.com\\\/gsc\\\/el-flanco-de-la-ladera-de-tigaiga-principal-preocupacion-pese-a-los-avances-logrados-hoy-en-la-contencion-del-fuego\\\/\",\"name\":\"El flanco de la ladera de Tigaiga, principal preocupaci\u00f3n, pese a los avances logrados hoy en la contenci\u00f3n del fuego - GSC\",\"isPartOf\":{\"@id\":\"https:\\\/\\\/www.gsccanarias.com\\\/gsc\\\/#website\"},\"primaryImageOfPage\":{\"@id\":\"https:\\\/\\\/www.gsccanarias.com\\\/gsc\\\/el-flanco-de-la-ladera-de-tigaiga-principal-preocupacion-pese-a-los-avances-logrados-hoy-en-la-contencion-del-fuego\\\/#primaryimage\"},\"image\":{\"@id\":\"https:\\\/\\\/www.gsccanarias.com\\\/gsc\\\/el-flanco-de-la-ladera-de-tigaiga-principal-preocupacion-pese-a-los-avances-logrados-hoy-en-la-contencion-del-fuego\\\/#primaryimage\"},\"thumbnailUrl\":\"https:\\\/\\\/www.gsccanarias.com\\\/gsc\\\/wp-content\\\/uploads\\\/2022\\\/07\\\/Ladera-de-Tigaiga.jpeg\",\"datePublished\":\"2022-07-24T21:45:08+00:00\",\"dateModified\":\"2022-07-24T21:45:20+00:00\",\"author\":{\"@id\":\"https:\\\/\\\/www.gsccanarias.com\\\/gsc\\\/#\\\/schema\\\/person\\\/6344674ae7d554f04a860ccb99b97e7d\"},\"breadcrumb\":{\"@id\":\"https:\\\/\\\/www.gsccanarias.com\\\/gsc\\\/el-flanco-de-la-ladera-de-tigaiga-principal-preocupacion-pese-a-los-avances-logrados-hoy-en-la-contencion-del-fuego\\\/#breadcrumb\"},\"inLanguage\":\"es\",\"potentialAction\":[{\"@type\":\"ReadAction\",\"target\":[\"https:\\\/\\\/www.gsccanarias.com\\\/gsc\\\/el-flanco-de-la-ladera-de-tigaiga-principal-preocupacion-pese-a-los-avances-logrados-hoy-en-la-contencion-del-fuego\\\/\"]}]},{\"@type\":\"ImageObject\",\"inLanguage\":\"es\",\"@id\":\"https:\\\/\\\/www.gsccanarias.com\\\/gsc\\\/el-flanco-de-la-ladera-de-tigaiga-principal-preocupacion-pese-a-los-avances-logrados-hoy-en-la-contencion-del-fuego\\\/#primaryimage\",\"url\":\"https:\\\/\\\/www.gsccanarias.com\\\/gsc\\\/wp-content\\\/uploads\\\/2022\\\/07\\\/Ladera-de-Tigaiga.jpeg\",\"contentUrl\":\"https:\\\/\\\/www.gsccanarias.com\\\/gsc\\\/wp-content\\\/uploads\\\/2022\\\/07\\\/Ladera-de-Tigaiga.jpeg\",\"width\":1920,\"height\":1080},{\"@type\":\"BreadcrumbList\",\"@id\":\"https:\\\/\\\/www.gsccanarias.com\\\/gsc\\\/el-flanco-de-la-ladera-de-tigaiga-principal-preocupacion-pese-a-los-avances-logrados-hoy-en-la-contencion-del-fuego\\\/#breadcrumb\",\"itemListElement\":[{\"@type\":\"ListItem\",\"position\":1,\"name\":\"Portada\",\"item\":\"https:\\\/\\\/www.gsccanarias.com\\\/gsc\\\/\"},{\"@type\":\"ListItem\",\"position\":2,\"name\":\"El flanco de la ladera de Tigaiga, principal preocupaci\u00f3n, pese a los avances logrados hoy en la contenci\u00f3n del fuego\"}]},{\"@type\":\"WebSite\",\"@id\":\"https:\\\/\\\/www.gsccanarias.com\\\/gsc\\\/#website\",\"url\":\"https:\\\/\\\/www.gsccanarias.com\\\/gsc\\\/\",\"name\":\"GSC\",\"description\":\"Administramos servicios relacionados con la salud, las emergencias, la seguridad y el transporte sanitario\",\"potentialAction\":[{\"@type\":\"SearchAction\",\"target\":{\"@type\":\"EntryPoint\",\"urlTemplate\":\"https:\\\/\\\/www.gsccanarias.com\\\/gsc\\\/?s={search_term_string}\"},\"query-input\":{\"@type\":\"PropertyValueSpecification\",\"valueRequired\":true,\"valueName\":\"search_term_string\"}}],\"inLanguage\":\"es\"},{\"@type\":\"Person\",\"@id\":\"https:\\\/\\\/www.gsccanarias.com\\\/gsc\\\/#\\\/schema\\\/person\\\/6344674ae7d554f04a860ccb99b97e7d\",\"name\":\"Rosa Carmen Lorenzo Triana\",\"image\":{\"@type\":\"ImageObject\",\"inLanguage\":\"es\",\"@id\":\"https:\\\/\\\/secure.gravatar.com\\\/avatar\\\/817029d03413189e37216a598d11d54efd16196c5548b111b1ec9676c4a90739?s=96&d=mm&r=g\",\"url\":\"https:\\\/\\\/secure.gravatar.com\\\/avatar\\\/817029d03413189e37216a598d11d54efd16196c5548b111b1ec9676c4a90739?s=96&d=mm&r=g\",\"contentUrl\":\"https:\\\/\\\/secure.gravatar.com\\\/avatar\\\/817029d03413189e37216a598d11d54efd16196c5548b111b1ec9676c4a90739?s=96&d=mm&r=g\",\"caption\":\"Rosa Carmen Lorenzo Triana\"},\"url\":\"https:\\\/\\\/www.gsccanarias.com\\\/gsc\\\/author\\\/rosa\\\/\"}]}<\/script>\n<!-- \/ Yoast SEO plugin. -->","yoast_head_json":{"title":"El flanco de la ladera de Tigaiga, principal preocupaci\u00f3n, pese a los avances logrados hoy en la contenci\u00f3n del fuego - GSC","robots":{"index":"index","follow":"follow","max-snippet":"max-snippet:-1","max-image-preview":"max-image-preview:large","max-video-preview":"max-video-preview:-1"},"canonical":"https:\/\/www.gsccanarias.com\/gsc\/el-flanco-de-la-ladera-de-tigaiga-principal-preocupacion-pese-a-los-avances-logrados-hoy-en-la-contencion-del-fuego\/","og_locale":"es_ES","og_type":"article","og_title":"El flanco de la ladera de Tigaiga, principal preocupaci\u00f3n, pese a los avances logrados hoy en la contenci\u00f3n del fuego - GSC","og_description":"Las evacuaciones se mantienen por precauci\u00f3n hasta nueva valoraci\u00f3n Los accesos a la zona forestal siguen restringidos, ante la previsi\u00f3n de altas temperaturas y baja humedad relativa Hoy han intervenido 13 medios a\u00e9reos, con la operatividad de los dos hidroaviones, que han descargado m\u00e1s de...","og_url":"https:\/\/www.gsccanarias.com\/gsc\/el-flanco-de-la-ladera-de-tigaiga-principal-preocupacion-pese-a-los-avances-logrados-hoy-en-la-contencion-del-fuego\/","og_site_name":"GSC","article_published_time":"2022-07-24T21:45:08+00:00","article_modified_time":"2022-07-24T21:45:20+00:00","og_image":[{"width":1920,"height":1080,"url":"https:\/\/www.gsccanarias.com\/gsc\/wp-content\/uploads\/2022\/07\/Ladera-de-Tigaiga.jpeg","type":"image\/jpeg"}],"author":"Rosa Carmen Lorenzo Triana","twitter_card":"summary_large_image","twitter_misc":{"Escrito por":"Rosa Carmen Lorenzo Triana","Tiempo de lectura":"4 minutos"},"schema":{"@context":"https:\/\/schema.org","@graph":[{"@type":"Article","@id":"https:\/\/www.gsccanarias.com\/gsc\/el-flanco-de-la-ladera-de-tigaiga-principal-preocupacion-pese-a-los-avances-logrados-hoy-en-la-contencion-del-fuego\/#article","isPartOf":{"@id":"https:\/\/www.gsccanarias.com\/gsc\/el-flanco-de-la-ladera-de-tigaiga-principal-preocupacion-pese-a-los-avances-logrados-hoy-en-la-contencion-del-fuego\/"},"author":{"name":"Rosa Carmen Lorenzo Triana","@id":"https:\/\/www.gsccanarias.com\/gsc\/#\/schema\/person\/6344674ae7d554f04a860ccb99b97e7d"},"headline":"El flanco de la ladera de Tigaiga, principal preocupaci\u00f3n, pese a los avances logrados hoy en la contenci\u00f3n del fuego","datePublished":"2022-07-24T21:45:08+00:00","dateModified":"2022-07-24T21:45:20+00:00","mainEntityOfPage":{"@id":"https:\/\/www.gsccanarias.com\/gsc\/el-flanco-de-la-ladera-de-tigaiga-principal-preocupacion-pese-a-los-avances-logrados-hoy-en-la-contencion-del-fuego\/"},"wordCount":795,"commentCount":0,"image":{"@id":"https:\/\/www.gsccanarias.com\/gsc\/el-flanco-de-la-ladera-de-tigaiga-principal-preocupacion-pese-a-los-avances-logrados-hoy-en-la-contencion-del-fuego\/#primaryimage"},"thumbnailUrl":"https:\/\/www.gsccanarias.com\/gsc\/wp-content\/uploads\/2022\/07\/Ladera-de-Tigaiga.jpeg","articleSection":["112","Noticias"],"inLanguage":"es","potentialAction":[{"@type":"CommentAction","name":"Comment","target":["https:\/\/www.gsccanarias.com\/gsc\/el-flanco-de-la-ladera-de-tigaiga-principal-preocupacion-pese-a-los-avances-logrados-hoy-en-la-contencion-del-fuego\/#respond"]}]},{"@type":"WebPage","@id":"https:\/\/www.gsccanarias.com\/gsc\/el-flanco-de-la-ladera-de-tigaiga-principal-preocupacion-pese-a-los-avances-logrados-hoy-en-la-contencion-del-fuego\/","url":"https:\/\/www.gsccanarias.com\/gsc\/el-flanco-de-la-ladera-de-tigaiga-principal-preocupacion-pese-a-los-avances-logrados-hoy-en-la-contencion-del-fuego\/","name":"El flanco de la ladera de Tigaiga, principal preocupaci\u00f3n, pese a los avances logrados hoy en la contenci\u00f3n del fuego - GSC","isPartOf":{"@id":"https:\/\/www.gsccanarias.com\/gsc\/#website"},"primaryImageOfPage":{"@id":"https:\/\/www.gsccanarias.com\/gsc\/el-flanco-de-la-ladera-de-tigaiga-principal-preocupacion-pese-a-los-avances-logrados-hoy-en-la-contencion-del-fuego\/#primaryimage"},"image":{"@id":"https:\/\/www.gsccanarias.com\/gsc\/el-flanco-de-la-ladera-de-tigaiga-principal-preocupacion-pese-a-los-avances-logrados-hoy-en-la-contencion-del-fuego\/#primaryimage"},"thumbnailUrl":"https:\/\/www.gsccanarias.com\/gsc\/wp-content\/uploads\/2022\/07\/Ladera-de-Tigaiga.jpeg","datePublished":"2022-07-24T21:45:08+00:00","dateModified":"2022-07-24T21:45:20+00:00","author":{"@id":"https:\/\/www.gsccanarias.com\/gsc\/#\/schema\/person\/6344674ae7d554f04a860ccb99b97e7d"},"breadcrumb":{"@id":"https:\/\/www.gsccanarias.com\/gsc\/el-flanco-de-la-ladera-de-tigaiga-principal-preocupacion-pese-a-los-avances-logrados-hoy-en-la-contencion-del-fuego\/#breadcrumb"},"inLanguage":"es","potentialAction":[{"@type":"ReadAction","target":["https:\/\/www.gsccanarias.com\/gsc\/el-flanco-de-la-ladera-de-tigaiga-principal-preocupacion-pese-a-los-avances-logrados-hoy-en-la-contencion-del-fuego\/"]}]},{"@type":"ImageObject","inLanguage":"es","@id":"https:\/\/www.gsccanarias.com\/gsc\/el-flanco-de-la-ladera-de-tigaiga-principal-preocupacion-pese-a-los-avances-logrados-hoy-en-la-contencion-del-fuego\/#primaryimage","url":"https:\/\/www.gsccanarias.com\/gsc\/wp-content\/uploads\/2022\/07\/Ladera-de-Tigaiga.jpeg","contentUrl":"https:\/\/www.gsccanarias.com\/gsc\/wp-content\/uploads\/2022\/07\/Ladera-de-Tigaiga.jpeg","width":1920,"height":1080},{"@type":"BreadcrumbList","@id":"https:\/\/www.gsccanarias.com\/gsc\/el-flanco-de-la-ladera-de-tigaiga-principal-preocupacion-pese-a-los-avances-logrados-hoy-en-la-contencion-del-fuego\/#breadcrumb","itemListElement":[{"@type":"ListItem","position":1,"name":"Portada","item":"https:\/\/www.gsccanarias.com\/gsc\/"},{"@type":"ListItem","position":2,"name":"El flanco de la ladera de Tigaiga, principal preocupaci\u00f3n, pese a los avances logrados hoy en la contenci\u00f3n del fuego"}]},{"@type":"WebSite","@id":"https:\/\/www.gsccanarias.com\/gsc\/#website","url":"https:\/\/www.gsccanarias.com\/gsc\/","name":"GSC","description":"Administramos servicios relacionados con la salud, las emergencias, la seguridad y el transporte sanitario","potentialAction":[{"@type":"SearchAction","target":{"@type":"EntryPoint","urlTemplate":"https:\/\/www.gsccanarias.com\/gsc\/?s={search_term_string}"},"query-input":{"@type":"PropertyValueSpecification","valueRequired":true,"valueName":"search_term_string"}}],"inLanguage":"es"},{"@type":"Person","@id":"https:\/\/www.gsccanarias.com\/gsc\/#\/schema\/person\/6344674ae7d554f04a860ccb99b97e7d","name":"Rosa Carmen Lorenzo Triana","image":{"@type":"ImageObject","inLanguage":"es","@id":"https:\/\/secure.gravatar.com\/avatar\/817029d03413189e37216a598d11d54efd16196c5548b111b1ec9676c4a90739?s=96&d=mm&r=g","url":"https:\/\/secure.gravatar.com\/avatar\/817029d03413189e37216a598d11d54efd16196c5548b111b1ec9676c4a90739?s=96&d=mm&r=g","contentUrl":"https:\/\/secure.gravatar.com\/avatar\/817029d03413189e37216a598d11d54efd16196c5548b111b1ec9676c4a90739?s=96&d=mm&r=g","caption":"Rosa Carmen Lorenzo Triana"},"url":"https:\/\/www.gsccanarias.com\/gsc\/author\/rosa\/"}]}},"publishpress_future_workflow_manual_trigger":{"enabledWorkflows":[]},"_links":{"self":[{"href":"https:\/\/www.gsccanarias.com\/gsc\/wp-json\/wp\/v2\/posts\/12650","targetHints":{"allow":["GET"]}}],"collection":[{"href":"https:\/\/www.gsccanarias.com\/gsc\/wp-json\/wp\/v2\/posts"}],"about":[{"href":"https:\/\/www.gsccanarias.com\/gsc\/wp-json\/wp\/v2\/types\/post"}],"author":[{"embeddable":true,"href":"https:\/\/www.gsccanarias.com\/gsc\/wp-json\/wp\/v2\/users\/4"}],"replies":[{"embeddable":true,"href":"https:\/\/www.gsccanarias.com\/gsc\/wp-json\/wp\/v2\/comments?post=12650"}],"version-history":[{"count":1,"href":"https:\/\/www.gsccanarias.com\/gsc\/wp-json\/wp\/v2\/posts\/12650\/revisions"}],"predecessor-version":[{"id":12652,"href":"https:\/\/www.gsccanarias.com\/gsc\/wp-json\/wp\/v2\/posts\/12650\/revisions\/12652"}],"wp:featuredmedia":[{"embeddable":true,"href":"https:\/\/www.gsccanarias.com\/gsc\/wp-json\/wp\/v2\/media\/12651"}],"wp:attachment":[{"href":"https:\/\/www.gsccanarias.com\/gsc\/wp-json\/wp\/v2\/media?parent=12650"}],"wp:term":[{"taxonomy":"category","embeddable":true,"href":"https:\/\/www.gsccanarias.com\/gsc\/wp-json\/wp\/v2\/categories?post=12650"},{"taxonomy":"post_tag","embeddable":true,"href":"https:\/\/www.gsccanarias.com\/gsc\/wp-json\/wp\/v2\/tags?post=12650"}],"curies":[{"name":"wp","href":"https:\/\/api.w.org\/{rel}","templated":true}]}}