{"id":12630,"date":"2022-07-22T21:55:21","date_gmt":"2022-07-22T21:55:21","guid":{"rendered":"https:\/\/www.gsccanarias.com\/gsc\/?p=12630"},"modified":"2022-07-23T11:30:55","modified_gmt":"2022-07-23T11:30:55","slug":"la-extension-del-incendio-aumenta-pero-continua-lejos-de-los-nucleos-de-poblacion","status":"publish","type":"post","link":"https:\/\/www.gsccanarias.com\/gsc\/la-extension-del-incendio-aumenta-pero-continua-lejos-de-los-nucleos-de-poblacion\/","title":{"rendered":"La extensi\u00f3n del incendio aumenta, pero contin\u00faa lejos de los n\u00facleos de poblaci\u00f3n"},"content":{"rendered":"<blockquote><p>El consejero de Administraciones P\u00fablicas, Justicia y Seguridad subray\u00f3 que est\u00e1 prohibido el acceso y cualquier actividad en los montes de Tenerife<\/p>\n<p>Durante la noche trabajar\u00e1 por tierra un operativo formado por m\u00e1s de 150 efectivos de extinci\u00f3n<\/p>\n<p>Tenerife contar\u00e1 ma\u00f1ana con un hidroavi\u00f3n procedente de M\u00e1laga y con un helic\u00f3ptero m\u00e1s del Cabildo de Gran Canaria<\/p><\/blockquote>\n<p><strong>El consejero de Administraciones P\u00fablicas, Justicia y Seguridad, Julio P\u00e9rez, destac\u00f3 en la rueda de prensa realizada esta tarde para informar de la evoluci\u00f3n del incendio forestal declarado en Tenerife que la extensi\u00f3n del incendio forestal ha aumentado, pero que contin\u00faa alejado de los n\u00facleos de poblaci\u00f3n y sin afectaci\u00f3n a viviendas.<\/strong><\/p>\n<p>Julio P\u00e9rez subray\u00f3 que el Cabildo de Tenerife ha prohibido el acceso a los montes de la isla, suspendido todas las actividades y cerrado las \u00e1reas recreativas y de acampada.<\/p>\n<p>Durante la noche un operativo terrestre formado por m\u00e1s de 150 profesionales, similar al que intervino durante el d\u00eda, continuar\u00e1 trabajando en las tareas de extinci\u00f3n de este incendio, apoyados por los servicios policiales, sanitarios, log\u00edstica y Protecci\u00f3n Civil.<\/p>\n<p>Como novedad, el consejero anunci\u00f3 que ma\u00f1ana la intervenci\u00f3n a\u00e9rea contar\u00e1 con dos medios m\u00e1s, un hidroavi\u00f3n del Ministerio, procedente de M\u00e1laga, y un helic\u00f3ptero del Cabildo de Gran Canaria, lo que supone la intervenci\u00f3n de una docena de aeronaves, incluida la que realiza labores de coordinaci\u00f3n.<\/p>\n<p>Por tierra tambi\u00e9n aumentar\u00e1 el n\u00famero de efectivos desplegados con 18 efectivos del Cabildo de Gran Canaria y siete veh\u00edculos.<\/p>\n<p>La superficie afectada ronda las 800 hect\u00e1reas y abarca tres municipios: Los Realejos, La Guancha y San Juan de la Rambla, cuya masa forestal es la que ha sufrido el mayor da\u00f1o. Por el momento no se han realizado nuevas evacuaciones de Protecci\u00f3n Civil.<\/p>\n<p>Por su parte, el presidente del Cabildo, Pedro Mart\u00edn, afirm\u00f3 que adem\u00e1s de evitar que el fuego llegara a los n\u00facleos poblacionales, se ha conseguido que no alcance el municipio de Icod de los Vinos. Adem\u00e1s, Mart\u00edn se\u00f1al\u00f3 que esta noche los vientos pueden ser favorables para las tareas de extinci\u00f3n, ya que pueden hacer rolar el incendio hacia zonas ya quemadas.<\/p>\n<p>Sobre la evoluci\u00f3n del incendio durante la jornada de este viernes, la jefa de servicio de Protecci\u00f3n Civil, Montserrat Rom\u00e1n, explic\u00f3 que esta ma\u00f1ana las llamas realizaron unas carreras ascendentes a gran velocidad por el barranco de San Juan, entre Los Realejos y San Juan de La Rambla. Adem\u00e1s, durante el d\u00eda el flanco izquierdo se comport\u00f3 como cabeza del incendio provocando que entrada, por la zona de La Fortaleza, en el Parque Nacional del Teide y fue evolucionando en direcci\u00f3n al Valle de La Orotava, pero qued\u00f3 parado en este avance a la altura del campamento Emilio Fern\u00e1ndez Mu\u00f1oz.<\/p>\n<p>Ma\u00f1ana se proceder\u00e1 al refuerzo de las comunicaciones con la instalaci\u00f3n de una estaci\u00f3n de ampliaci\u00f3n de cobertura de la Red de Emergencias y Seguridad de Canarias (RESCAN).<\/p>\n<p>Est\u00e1 previsto que las condiciones meteorol\u00f3gicas mejoren esta noche, con una bajada de las temperaturas y un aumento de la humedad relativa, favoreciendo la eficacia de las tareas de extinci\u00f3n.<\/p>\n<div class=\"pvc_clear\"><\/div>\n<p id=\"pvc_stats_12630\" class=\"pvc_stats all  \" data-element-id=\"12630\" style=\"\"><i class=\"pvc-stats-icon medium\" aria-hidden=\"true\"><svg aria-hidden=\"true\" focusable=\"false\" data-prefix=\"far\" data-icon=\"chart-bar\" role=\"img\" xmlns=\"http:\/\/www.w3.org\/2000\/svg\" viewBox=\"0 0 512 512\" class=\"svg-inline--fa fa-chart-bar fa-w-16 fa-2x\"><path fill=\"currentColor\" d=\"M396.8 352h22.4c6.4 0 12.8-6.4 12.8-12.8V108.8c0-6.4-6.4-12.8-12.8-12.8h-22.4c-6.4 0-12.8 6.4-12.8 12.8v230.4c0 6.4 6.4 12.8 12.8 12.8zm-192 0h22.4c6.4 0 12.8-6.4 12.8-12.8V140.8c0-6.4-6.4-12.8-12.8-12.8h-22.4c-6.4 0-12.8 6.4-12.8 12.8v198.4c0 6.4 6.4 12.8 12.8 12.8zm96 0h22.4c6.4 0 12.8-6.4 12.8-12.8V204.8c0-6.4-6.4-12.8-12.8-12.8h-22.4c-6.4 0-12.8 6.4-12.8 12.8v134.4c0 6.4 6.4 12.8 12.8 12.8zM496 400H48V80c0-8.84-7.16-16-16-16H16C7.16 64 0 71.16 0 80v336c0 17.67 14.33 32 32 32h464c8.84 0 16-7.16 16-16v-16c0-8.84-7.16-16-16-16zm-387.2-48h22.4c6.4 0 12.8-6.4 12.8-12.8v-70.4c0-6.4-6.4-12.8-12.8-12.8h-22.4c-6.4 0-12.8 6.4-12.8 12.8v70.4c0 6.4 6.4 12.8 12.8 12.8z\" class=\"\"><\/path><\/svg><\/i> <\/p>\n<div class=\"pvc_clear\"><\/div>\n<div class=\"print\"><span class=\"page_title\">P\u00e1gina: <span>La extensi\u00f3n del incendio aumenta, pero contin\u00faa lejos de los n\u00facleos de poblaci\u00f3n<\/span><\/span>\n\t\t\t\t\t\t\t\t\t\t\t<span class=\"page_title\">Fecha de impresi\u00f3n: <span>29\/04\/2026 - 20:22:00 UTC<\/span><\/span>\n\t\t\t\t\t\t\t\t\t\t\t<span class=\"stmp_trans_date\">\u00daltima actualizaci\u00f3n: <span>23\/07\/2022 - 11:30:55<\/span><\/span>\n\t\t\t\t\t\t\t\t\t\t\t<span class=\"stmp_trans_date\">Fecha publicaci\u00f3n: <span>22\/07\/2022 - 21:55:21<\/span><\/span>\n\t\t\t\t\t\t\t\t\t\t\t<span class=\"stmp_trans_date\">Fecha creaci\u00f3n: <span>22\/07\/2022 - 21:55:21<\/span><\/span><\/div>\n\t","protected":false},"excerpt":{"rendered":"<p>El consejero de Administraciones P\u00fablicas, Justicia y Seguridad subray\u00f3 que est\u00e1 prohibido el acceso y cualquier actividad en los montes de Tenerife Durante la noche trabajar\u00e1 por tierra un operativo formado por m\u00e1s de 150 efectivos de extinci\u00f3n Tenerife contar\u00e1 ma\u00f1ana con un hidroavi\u00f3n procedente&#8230;<\/p>\n<div class=\"pvc_clear\"><\/div>\n<p id=\"pvc_stats_12630\" class=\"pvc_stats all  \" data-element-id=\"12630\" style=\"\"><i class=\"pvc-stats-icon medium\" aria-hidden=\"true\"><svg aria-hidden=\"true\" focusable=\"false\" data-prefix=\"far\" data-icon=\"chart-bar\" role=\"img\" xmlns=\"http:\/\/www.w3.org\/2000\/svg\" viewBox=\"0 0 512 512\" class=\"svg-inline--fa fa-chart-bar fa-w-16 fa-2x\"><path fill=\"currentColor\" d=\"M396.8 352h22.4c6.4 0 12.8-6.4 12.8-12.8V108.8c0-6.4-6.4-12.8-12.8-12.8h-22.4c-6.4 0-12.8 6.4-12.8 12.8v230.4c0 6.4 6.4 12.8 12.8 12.8zm-192 0h22.4c6.4 0 12.8-6.4 12.8-12.8V140.8c0-6.4-6.4-12.8-12.8-12.8h-22.4c-6.4 0-12.8 6.4-12.8 12.8v198.4c0 6.4 6.4 12.8 12.8 12.8zm96 0h22.4c6.4 0 12.8-6.4 12.8-12.8V204.8c0-6.4-6.4-12.8-12.8-12.8h-22.4c-6.4 0-12.8 6.4-12.8 12.8v134.4c0 6.4 6.4 12.8 12.8 12.8zM496 400H48V80c0-8.84-7.16-16-16-16H16C7.16 64 0 71.16 0 80v336c0 17.67 14.33 32 32 32h464c8.84 0 16-7.16 16-16v-16c0-8.84-7.16-16-16-16zm-387.2-48h22.4c6.4 0 12.8-6.4 12.8-12.8v-70.4c0-6.4-6.4-12.8-12.8-12.8h-22.4c-6.4 0-12.8 6.4-12.8 12.8v70.4c0 6.4 6.4 12.8 12.8 12.8z\" class=\"\"><\/path><\/svg><\/i> <img loading=\"lazy\" decoding=\"async\" width=\"16\" height=\"16\" alt=\"Loading\" src=\"https:\/\/www.gsccanarias.com\/gsc\/wp-content\/plugins\/page-views-count\/ajax-loader-2x.gif\" border=0 \/><\/p>\n<div class=\"pvc_clear\"><\/div>\n","protected":false},"author":4,"featured_media":12632,"comment_status":"open","ping_status":"open","sticky":false,"template":"","format":"standard","meta":{"footnotes":""},"categories":[49,35],"tags":[],"class_list":["post-12630","post","type-post","status-publish","format-standard","has-post-thumbnail","hentry","category-49","category-noticias"],"a3_pvc":{"activated":true,"total_views":155,"today_views":0},"yoast_head":"<!-- This site is optimized with the Yoast SEO plugin v27.5 - https:\/\/yoast.com\/product\/yoast-seo-wordpress\/ -->\n<title>La extensi\u00f3n del incendio aumenta, pero contin\u00faa lejos de los n\u00facleos de poblaci\u00f3n - GSC<\/title>\n<meta name=\"robots\" content=\"index, follow, max-snippet:-1, max-image-preview:large, max-video-preview:-1\" \/>\n<link rel=\"canonical\" href=\"https:\/\/www.gsccanarias.com\/gsc\/la-extension-del-incendio-aumenta-pero-continua-lejos-de-los-nucleos-de-poblacion\/\" \/>\n<meta property=\"og:locale\" content=\"es_ES\" \/>\n<meta property=\"og:type\" content=\"article\" \/>\n<meta property=\"og:title\" content=\"La extensi\u00f3n del incendio aumenta, pero contin\u00faa lejos de los n\u00facleos de poblaci\u00f3n - GSC\" \/>\n<meta property=\"og:description\" content=\"El consejero de Administraciones P\u00fablicas, Justicia y Seguridad subray\u00f3 que est\u00e1 prohibido el acceso y cualquier actividad en los montes de Tenerife Durante la noche trabajar\u00e1 por tierra un operativo formado por m\u00e1s de 150 efectivos de extinci\u00f3n Tenerife contar\u00e1 ma\u00f1ana con un hidroavi\u00f3n procedente...\" \/>\n<meta property=\"og:url\" content=\"https:\/\/www.gsccanarias.com\/gsc\/la-extension-del-incendio-aumenta-pero-continua-lejos-de-los-nucleos-de-poblacion\/\" \/>\n<meta property=\"og:site_name\" content=\"GSC\" \/>\n<meta property=\"article:published_time\" content=\"2022-07-22T21:55:21+00:00\" \/>\n<meta property=\"article:modified_time\" content=\"2022-07-23T11:30:55+00:00\" \/>\n<meta property=\"og:image\" content=\"https:\/\/www.gsccanarias.com\/gsc\/wp-content\/uploads\/2022\/07\/270722-Reunion-seguimiento-1.jpeg\" \/>\n\t<meta property=\"og:image:width\" content=\"1600\" \/>\n\t<meta property=\"og:image:height\" content=\"1068\" \/>\n\t<meta property=\"og:image:type\" content=\"image\/jpeg\" \/>\n<meta name=\"author\" content=\"Rosa Carmen Lorenzo Triana\" \/>\n<meta name=\"twitter:card\" content=\"summary_large_image\" \/>\n<meta name=\"twitter:label1\" content=\"Escrito por\" \/>\n\t<meta name=\"twitter:data1\" content=\"Rosa Carmen Lorenzo Triana\" \/>\n\t<meta name=\"twitter:label2\" content=\"Tiempo de lectura\" \/>\n\t<meta name=\"twitter:data2\" content=\"3 minutos\" \/>\n<script type=\"application\/ld+json\" class=\"yoast-schema-graph\">{\"@context\":\"https:\\\/\\\/schema.org\",\"@graph\":[{\"@type\":\"Article\",\"@id\":\"https:\\\/\\\/www.gsccanarias.com\\\/gsc\\\/la-extension-del-incendio-aumenta-pero-continua-lejos-de-los-nucleos-de-poblacion\\\/#article\",\"isPartOf\":{\"@id\":\"https:\\\/\\\/www.gsccanarias.com\\\/gsc\\\/la-extension-del-incendio-aumenta-pero-continua-lejos-de-los-nucleos-de-poblacion\\\/\"},\"author\":{\"name\":\"Rosa Carmen Lorenzo Triana\",\"@id\":\"https:\\\/\\\/www.gsccanarias.com\\\/gsc\\\/#\\\/schema\\\/person\\\/6344674ae7d554f04a860ccb99b97e7d\"},\"headline\":\"La extensi\u00f3n del incendio aumenta, pero contin\u00faa lejos de los n\u00facleos de poblaci\u00f3n\",\"datePublished\":\"2022-07-22T21:55:21+00:00\",\"dateModified\":\"2022-07-23T11:30:55+00:00\",\"mainEntityOfPage\":{\"@id\":\"https:\\\/\\\/www.gsccanarias.com\\\/gsc\\\/la-extension-del-incendio-aumenta-pero-continua-lejos-de-los-nucleos-de-poblacion\\\/\"},\"wordCount\":581,\"commentCount\":0,\"image\":{\"@id\":\"https:\\\/\\\/www.gsccanarias.com\\\/gsc\\\/la-extension-del-incendio-aumenta-pero-continua-lejos-de-los-nucleos-de-poblacion\\\/#primaryimage\"},\"thumbnailUrl\":\"https:\\\/\\\/www.gsccanarias.com\\\/gsc\\\/wp-content\\\/uploads\\\/2022\\\/07\\\/270722-Reunion-seguimiento-1.jpeg\",\"articleSection\":[\"112\",\"Noticias\"],\"inLanguage\":\"es\",\"potentialAction\":[{\"@type\":\"CommentAction\",\"name\":\"Comment\",\"target\":[\"https:\\\/\\\/www.gsccanarias.com\\\/gsc\\\/la-extension-del-incendio-aumenta-pero-continua-lejos-de-los-nucleos-de-poblacion\\\/#respond\"]}]},{\"@type\":\"WebPage\",\"@id\":\"https:\\\/\\\/www.gsccanarias.com\\\/gsc\\\/la-extension-del-incendio-aumenta-pero-continua-lejos-de-los-nucleos-de-poblacion\\\/\",\"url\":\"https:\\\/\\\/www.gsccanarias.com\\\/gsc\\\/la-extension-del-incendio-aumenta-pero-continua-lejos-de-los-nucleos-de-poblacion\\\/\",\"name\":\"La extensi\u00f3n del incendio aumenta, pero contin\u00faa lejos de los n\u00facleos de poblaci\u00f3n - GSC\",\"isPartOf\":{\"@id\":\"https:\\\/\\\/www.gsccanarias.com\\\/gsc\\\/#website\"},\"primaryImageOfPage\":{\"@id\":\"https:\\\/\\\/www.gsccanarias.com\\\/gsc\\\/la-extension-del-incendio-aumenta-pero-continua-lejos-de-los-nucleos-de-poblacion\\\/#primaryimage\"},\"image\":{\"@id\":\"https:\\\/\\\/www.gsccanarias.com\\\/gsc\\\/la-extension-del-incendio-aumenta-pero-continua-lejos-de-los-nucleos-de-poblacion\\\/#primaryimage\"},\"thumbnailUrl\":\"https:\\\/\\\/www.gsccanarias.com\\\/gsc\\\/wp-content\\\/uploads\\\/2022\\\/07\\\/270722-Reunion-seguimiento-1.jpeg\",\"datePublished\":\"2022-07-22T21:55:21+00:00\",\"dateModified\":\"2022-07-23T11:30:55+00:00\",\"author\":{\"@id\":\"https:\\\/\\\/www.gsccanarias.com\\\/gsc\\\/#\\\/schema\\\/person\\\/6344674ae7d554f04a860ccb99b97e7d\"},\"breadcrumb\":{\"@id\":\"https:\\\/\\\/www.gsccanarias.com\\\/gsc\\\/la-extension-del-incendio-aumenta-pero-continua-lejos-de-los-nucleos-de-poblacion\\\/#breadcrumb\"},\"inLanguage\":\"es\",\"potentialAction\":[{\"@type\":\"ReadAction\",\"target\":[\"https:\\\/\\\/www.gsccanarias.com\\\/gsc\\\/la-extension-del-incendio-aumenta-pero-continua-lejos-de-los-nucleos-de-poblacion\\\/\"]}]},{\"@type\":\"ImageObject\",\"inLanguage\":\"es\",\"@id\":\"https:\\\/\\\/www.gsccanarias.com\\\/gsc\\\/la-extension-del-incendio-aumenta-pero-continua-lejos-de-los-nucleos-de-poblacion\\\/#primaryimage\",\"url\":\"https:\\\/\\\/www.gsccanarias.com\\\/gsc\\\/wp-content\\\/uploads\\\/2022\\\/07\\\/270722-Reunion-seguimiento-1.jpeg\",\"contentUrl\":\"https:\\\/\\\/www.gsccanarias.com\\\/gsc\\\/wp-content\\\/uploads\\\/2022\\\/07\\\/270722-Reunion-seguimiento-1.jpeg\",\"width\":1600,\"height\":1068},{\"@type\":\"BreadcrumbList\",\"@id\":\"https:\\\/\\\/www.gsccanarias.com\\\/gsc\\\/la-extension-del-incendio-aumenta-pero-continua-lejos-de-los-nucleos-de-poblacion\\\/#breadcrumb\",\"itemListElement\":[{\"@type\":\"ListItem\",\"position\":1,\"name\":\"Portada\",\"item\":\"https:\\\/\\\/www.gsccanarias.com\\\/gsc\\\/\"},{\"@type\":\"ListItem\",\"position\":2,\"name\":\"La extensi\u00f3n del incendio aumenta, pero contin\u00faa lejos de los n\u00facleos de poblaci\u00f3n\"}]},{\"@type\":\"WebSite\",\"@id\":\"https:\\\/\\\/www.gsccanarias.com\\\/gsc\\\/#website\",\"url\":\"https:\\\/\\\/www.gsccanarias.com\\\/gsc\\\/\",\"name\":\"GSC\",\"description\":\"Administramos servicios relacionados con la salud, las emergencias, la seguridad y el transporte sanitario\",\"potentialAction\":[{\"@type\":\"SearchAction\",\"target\":{\"@type\":\"EntryPoint\",\"urlTemplate\":\"https:\\\/\\\/www.gsccanarias.com\\\/gsc\\\/?s={search_term_string}\"},\"query-input\":{\"@type\":\"PropertyValueSpecification\",\"valueRequired\":true,\"valueName\":\"search_term_string\"}}],\"inLanguage\":\"es\"},{\"@type\":\"Person\",\"@id\":\"https:\\\/\\\/www.gsccanarias.com\\\/gsc\\\/#\\\/schema\\\/person\\\/6344674ae7d554f04a860ccb99b97e7d\",\"name\":\"Rosa Carmen Lorenzo Triana\",\"image\":{\"@type\":\"ImageObject\",\"inLanguage\":\"es\",\"@id\":\"https:\\\/\\\/secure.gravatar.com\\\/avatar\\\/817029d03413189e37216a598d11d54efd16196c5548b111b1ec9676c4a90739?s=96&d=mm&r=g\",\"url\":\"https:\\\/\\\/secure.gravatar.com\\\/avatar\\\/817029d03413189e37216a598d11d54efd16196c5548b111b1ec9676c4a90739?s=96&d=mm&r=g\",\"contentUrl\":\"https:\\\/\\\/secure.gravatar.com\\\/avatar\\\/817029d03413189e37216a598d11d54efd16196c5548b111b1ec9676c4a90739?s=96&d=mm&r=g\",\"caption\":\"Rosa Carmen Lorenzo Triana\"},\"url\":\"https:\\\/\\\/www.gsccanarias.com\\\/gsc\\\/author\\\/rosa\\\/\"}]}<\/script>\n<!-- \/ Yoast SEO plugin. -->","yoast_head_json":{"title":"La extensi\u00f3n del incendio aumenta, pero contin\u00faa lejos de los n\u00facleos de poblaci\u00f3n - GSC","robots":{"index":"index","follow":"follow","max-snippet":"max-snippet:-1","max-image-preview":"max-image-preview:large","max-video-preview":"max-video-preview:-1"},"canonical":"https:\/\/www.gsccanarias.com\/gsc\/la-extension-del-incendio-aumenta-pero-continua-lejos-de-los-nucleos-de-poblacion\/","og_locale":"es_ES","og_type":"article","og_title":"La extensi\u00f3n del incendio aumenta, pero contin\u00faa lejos de los n\u00facleos de poblaci\u00f3n - GSC","og_description":"El consejero de Administraciones P\u00fablicas, Justicia y Seguridad subray\u00f3 que est\u00e1 prohibido el acceso y cualquier actividad en los montes de Tenerife Durante la noche trabajar\u00e1 por tierra un operativo formado por m\u00e1s de 150 efectivos de extinci\u00f3n Tenerife contar\u00e1 ma\u00f1ana con un hidroavi\u00f3n procedente...","og_url":"https:\/\/www.gsccanarias.com\/gsc\/la-extension-del-incendio-aumenta-pero-continua-lejos-de-los-nucleos-de-poblacion\/","og_site_name":"GSC","article_published_time":"2022-07-22T21:55:21+00:00","article_modified_time":"2022-07-23T11:30:55+00:00","og_image":[{"width":1600,"height":1068,"url":"https:\/\/www.gsccanarias.com\/gsc\/wp-content\/uploads\/2022\/07\/270722-Reunion-seguimiento-1.jpeg","type":"image\/jpeg"}],"author":"Rosa Carmen Lorenzo Triana","twitter_card":"summary_large_image","twitter_misc":{"Escrito por":"Rosa Carmen Lorenzo Triana","Tiempo de lectura":"3 minutos"},"schema":{"@context":"https:\/\/schema.org","@graph":[{"@type":"Article","@id":"https:\/\/www.gsccanarias.com\/gsc\/la-extension-del-incendio-aumenta-pero-continua-lejos-de-los-nucleos-de-poblacion\/#article","isPartOf":{"@id":"https:\/\/www.gsccanarias.com\/gsc\/la-extension-del-incendio-aumenta-pero-continua-lejos-de-los-nucleos-de-poblacion\/"},"author":{"name":"Rosa Carmen Lorenzo Triana","@id":"https:\/\/www.gsccanarias.com\/gsc\/#\/schema\/person\/6344674ae7d554f04a860ccb99b97e7d"},"headline":"La extensi\u00f3n del incendio aumenta, pero contin\u00faa lejos de los n\u00facleos de poblaci\u00f3n","datePublished":"2022-07-22T21:55:21+00:00","dateModified":"2022-07-23T11:30:55+00:00","mainEntityOfPage":{"@id":"https:\/\/www.gsccanarias.com\/gsc\/la-extension-del-incendio-aumenta-pero-continua-lejos-de-los-nucleos-de-poblacion\/"},"wordCount":581,"commentCount":0,"image":{"@id":"https:\/\/www.gsccanarias.com\/gsc\/la-extension-del-incendio-aumenta-pero-continua-lejos-de-los-nucleos-de-poblacion\/#primaryimage"},"thumbnailUrl":"https:\/\/www.gsccanarias.com\/gsc\/wp-content\/uploads\/2022\/07\/270722-Reunion-seguimiento-1.jpeg","articleSection":["112","Noticias"],"inLanguage":"es","potentialAction":[{"@type":"CommentAction","name":"Comment","target":["https:\/\/www.gsccanarias.com\/gsc\/la-extension-del-incendio-aumenta-pero-continua-lejos-de-los-nucleos-de-poblacion\/#respond"]}]},{"@type":"WebPage","@id":"https:\/\/www.gsccanarias.com\/gsc\/la-extension-del-incendio-aumenta-pero-continua-lejos-de-los-nucleos-de-poblacion\/","url":"https:\/\/www.gsccanarias.com\/gsc\/la-extension-del-incendio-aumenta-pero-continua-lejos-de-los-nucleos-de-poblacion\/","name":"La extensi\u00f3n del incendio aumenta, pero contin\u00faa lejos de los n\u00facleos de poblaci\u00f3n - GSC","isPartOf":{"@id":"https:\/\/www.gsccanarias.com\/gsc\/#website"},"primaryImageOfPage":{"@id":"https:\/\/www.gsccanarias.com\/gsc\/la-extension-del-incendio-aumenta-pero-continua-lejos-de-los-nucleos-de-poblacion\/#primaryimage"},"image":{"@id":"https:\/\/www.gsccanarias.com\/gsc\/la-extension-del-incendio-aumenta-pero-continua-lejos-de-los-nucleos-de-poblacion\/#primaryimage"},"thumbnailUrl":"https:\/\/www.gsccanarias.com\/gsc\/wp-content\/uploads\/2022\/07\/270722-Reunion-seguimiento-1.jpeg","datePublished":"2022-07-22T21:55:21+00:00","dateModified":"2022-07-23T11:30:55+00:00","author":{"@id":"https:\/\/www.gsccanarias.com\/gsc\/#\/schema\/person\/6344674ae7d554f04a860ccb99b97e7d"},"breadcrumb":{"@id":"https:\/\/www.gsccanarias.com\/gsc\/la-extension-del-incendio-aumenta-pero-continua-lejos-de-los-nucleos-de-poblacion\/#breadcrumb"},"inLanguage":"es","potentialAction":[{"@type":"ReadAction","target":["https:\/\/www.gsccanarias.com\/gsc\/la-extension-del-incendio-aumenta-pero-continua-lejos-de-los-nucleos-de-poblacion\/"]}]},{"@type":"ImageObject","inLanguage":"es","@id":"https:\/\/www.gsccanarias.com\/gsc\/la-extension-del-incendio-aumenta-pero-continua-lejos-de-los-nucleos-de-poblacion\/#primaryimage","url":"https:\/\/www.gsccanarias.com\/gsc\/wp-content\/uploads\/2022\/07\/270722-Reunion-seguimiento-1.jpeg","contentUrl":"https:\/\/www.gsccanarias.com\/gsc\/wp-content\/uploads\/2022\/07\/270722-Reunion-seguimiento-1.jpeg","width":1600,"height":1068},{"@type":"BreadcrumbList","@id":"https:\/\/www.gsccanarias.com\/gsc\/la-extension-del-incendio-aumenta-pero-continua-lejos-de-los-nucleos-de-poblacion\/#breadcrumb","itemListElement":[{"@type":"ListItem","position":1,"name":"Portada","item":"https:\/\/www.gsccanarias.com\/gsc\/"},{"@type":"ListItem","position":2,"name":"La extensi\u00f3n del incendio aumenta, pero contin\u00faa lejos de los n\u00facleos de poblaci\u00f3n"}]},{"@type":"WebSite","@id":"https:\/\/www.gsccanarias.com\/gsc\/#website","url":"https:\/\/www.gsccanarias.com\/gsc\/","name":"GSC","description":"Administramos servicios relacionados con la salud, las emergencias, la seguridad y el transporte sanitario","potentialAction":[{"@type":"SearchAction","target":{"@type":"EntryPoint","urlTemplate":"https:\/\/www.gsccanarias.com\/gsc\/?s={search_term_string}"},"query-input":{"@type":"PropertyValueSpecification","valueRequired":true,"valueName":"search_term_string"}}],"inLanguage":"es"},{"@type":"Person","@id":"https:\/\/www.gsccanarias.com\/gsc\/#\/schema\/person\/6344674ae7d554f04a860ccb99b97e7d","name":"Rosa Carmen Lorenzo Triana","image":{"@type":"ImageObject","inLanguage":"es","@id":"https:\/\/secure.gravatar.com\/avatar\/817029d03413189e37216a598d11d54efd16196c5548b111b1ec9676c4a90739?s=96&d=mm&r=g","url":"https:\/\/secure.gravatar.com\/avatar\/817029d03413189e37216a598d11d54efd16196c5548b111b1ec9676c4a90739?s=96&d=mm&r=g","contentUrl":"https:\/\/secure.gravatar.com\/avatar\/817029d03413189e37216a598d11d54efd16196c5548b111b1ec9676c4a90739?s=96&d=mm&r=g","caption":"Rosa Carmen Lorenzo Triana"},"url":"https:\/\/www.gsccanarias.com\/gsc\/author\/rosa\/"}]}},"publishpress_future_workflow_manual_trigger":{"enabledWorkflows":[]},"_links":{"self":[{"href":"https:\/\/www.gsccanarias.com\/gsc\/wp-json\/wp\/v2\/posts\/12630","targetHints":{"allow":["GET"]}}],"collection":[{"href":"https:\/\/www.gsccanarias.com\/gsc\/wp-json\/wp\/v2\/posts"}],"about":[{"href":"https:\/\/www.gsccanarias.com\/gsc\/wp-json\/wp\/v2\/types\/post"}],"author":[{"embeddable":true,"href":"https:\/\/www.gsccanarias.com\/gsc\/wp-json\/wp\/v2\/users\/4"}],"replies":[{"embeddable":true,"href":"https:\/\/www.gsccanarias.com\/gsc\/wp-json\/wp\/v2\/comments?post=12630"}],"version-history":[{"count":2,"href":"https:\/\/www.gsccanarias.com\/gsc\/wp-json\/wp\/v2\/posts\/12630\/revisions"}],"predecessor-version":[{"id":12640,"href":"https:\/\/www.gsccanarias.com\/gsc\/wp-json\/wp\/v2\/posts\/12630\/revisions\/12640"}],"wp:featuredmedia":[{"embeddable":true,"href":"https:\/\/www.gsccanarias.com\/gsc\/wp-json\/wp\/v2\/media\/12632"}],"wp:attachment":[{"href":"https:\/\/www.gsccanarias.com\/gsc\/wp-json\/wp\/v2\/media?parent=12630"}],"wp:term":[{"taxonomy":"category","embeddable":true,"href":"https:\/\/www.gsccanarias.com\/gsc\/wp-json\/wp\/v2\/categories?post=12630"},{"taxonomy":"post_tag","embeddable":true,"href":"https:\/\/www.gsccanarias.com\/gsc\/wp-json\/wp\/v2\/tags?post=12630"}],"curies":[{"name":"wp","href":"https:\/\/api.w.org\/{rel}","templated":true}]}}