{"id":12618,"date":"2022-07-21T18:13:04","date_gmt":"2022-07-21T18:13:04","guid":{"rendered":"https:\/\/www.gsccanarias.com\/gsc\/?p=12618"},"modified":"2022-07-21T18:13:09","modified_gmt":"2022-07-21T18:13:09","slug":"mas-de-200-efectivos-participan-en-el-dispositivo-de-extincion-del-incendio-forestal-en-tenerife","status":"publish","type":"post","link":"https:\/\/www.gsccanarias.com\/gsc\/mas-de-200-efectivos-participan-en-el-dispositivo-de-extincion-del-incendio-forestal-en-tenerife\/","title":{"rendered":"M\u00e1s de 200 efectivos participan en el dispositivo de extinci\u00f3n del incendio forestal en Tenerife"},"content":{"rendered":"<blockquote><p><strong>Diez medios a\u00e9reos realizan descargas en el per\u00edmetro de 5 km en Los Realejos y San Juan de La Rambla y se estima en 110 las hect\u00e1reas afectadas <\/strong><\/p>\n<p><strong>El fuego se encuentra en zona alejada de n\u00facleos de poblaci\u00f3n y no est\u00e1n previstas evacuaciones de viviendas<\/strong><\/p><\/blockquote>\n<p><strong>M\u00e1s de 200 efectivos forman parte del dispositivo de extinci\u00f3n del incendio declarado esta ma\u00f1ana en la zona de Los Campeches, en los t\u00e9rminos municipales de Los Realejos y San Juan de la Rambla, en Tenerife que a las cinco de la tarde se estimaba que afectaba a 110 hect\u00e1reas de monte bajo y pinar, con un per\u00edmetro de 5 kil\u00f3metros.<\/strong><\/p>\n<p>El consejero de Administraciones P\u00fablicas, Justicia y Seguridad y portavoz del Gobierno, Julio P\u00e9rez, se\u00f1al\u00f3 que a pesar de no tener una gran magnitud hay elementos que obligan a prestarle la m\u00e1xima atenci\u00f3n y a extremar las precauciones. \u201cCon las altas temperaturas, la baja humedad relativa y el viento no se prev\u00e9 que el fuego pueda estabilizarse en las pr\u00f3ximas horas, por lo que los efectivos seguir\u00e1n trabajando toda la noche\u201d.<\/p>\n<p>La jefa de servicio de Protecci\u00f3n Civil, Monserrat Rom\u00e1n, se\u00f1al\u00f3 que el incendio avanza por su frente principal en direcci\u00f3n oeste, pero no se descarta un cambio en la direcci\u00f3n del viento durante la noche que pudiera empujar el fuego hacia el flanco derecho, por lo que se reforzar\u00e1 esa zona para contener una posible propagaci\u00f3n.<\/p>\n<p>El consejero inform\u00f3 que no hay viviendas afectadas, pero que de forma preventiva se han desalojado los caser\u00edos pr\u00f3ximos a la carretera TF-344, en concreto 13 viviendas y unas 31 personas, que se han trasladado a casas de familiares. Adem\u00e1s, se han evacuado las zonas recreativas y de acampadas m\u00e1s pr\u00f3ximas y el Cabildo de Tenerife limitar\u00e1 actividades en zona de monte desde Santa \u00darsula hasta Icod de Los Vinos.<\/p>\n<p>Durante la tarde est\u00e1n actuando un total de diez medios a\u00e9reos: dos del Cabildo, tres del Gobierno de Canarias y cuatro medios a\u00e9reos del Ministerio (MITECO), adem\u00e1s del helic\u00f3ptero de la Guardia Civil en funciones de coordinador a\u00e9rea con la Direcci\u00f3n General del Gobierno de Canarias.<\/p>\n<p>En las tareas de extinci\u00f3n por tierra participan efectivos de lucha contra incendios del Cabildo de Tenerife; Consorcio de Bomberos; equipos EIRIF del Gobierno de Canarias con base en La Gomera; las brigadas BRIF del Ministerio de Transici\u00f3n Ecol\u00f3gica y Reto Demogr\u00e1fico (MITECO); Unidad Militar de Emergencias (UME); agentes de seguridad de la Polic\u00eda Local, Cuerpos y Fuerzas de Seguridad del Estado (Guardia Civil y Polic\u00eda Nacional) y Cuerpo General de la Polic\u00eda Canaria; as\u00ed como medios de Protecci\u00f3n Civil, Servicio de Urgencias Canario y Cruz Roja Espa\u00f1ola.<\/p>\n<p>El incendio forestal que se inici\u00f3 en el d\u00eda de hoy a las 10:19 horas en la zona de Los Campeches, en el municipio de Los Realejos, en Tenerife, ha pasado a las 14 horas a Nivel 2 a petici\u00f3n del Cabildo de Tenerife, asumiendo la direcci\u00f3n de la emergencia el Gobierno de Canarias, en aplicaci\u00f3n del Plan Especial de Protecci\u00f3n Civil y Atenci\u00f3n de Emergencias por Incendios Forestales en la Comunidad Aut\u00f3noma de Canarias (INFOCA).<\/p>\n<p><strong>\u00a0<\/strong><\/p>\n<div class=\"pvc_clear\"><\/div>\n<p id=\"pvc_stats_12618\" class=\"pvc_stats all  \" data-element-id=\"12618\" style=\"\"><i class=\"pvc-stats-icon medium\" aria-hidden=\"true\"><svg aria-hidden=\"true\" focusable=\"false\" data-prefix=\"far\" data-icon=\"chart-bar\" role=\"img\" xmlns=\"http:\/\/www.w3.org\/2000\/svg\" viewBox=\"0 0 512 512\" class=\"svg-inline--fa fa-chart-bar fa-w-16 fa-2x\"><path fill=\"currentColor\" d=\"M396.8 352h22.4c6.4 0 12.8-6.4 12.8-12.8V108.8c0-6.4-6.4-12.8-12.8-12.8h-22.4c-6.4 0-12.8 6.4-12.8 12.8v230.4c0 6.4 6.4 12.8 12.8 12.8zm-192 0h22.4c6.4 0 12.8-6.4 12.8-12.8V140.8c0-6.4-6.4-12.8-12.8-12.8h-22.4c-6.4 0-12.8 6.4-12.8 12.8v198.4c0 6.4 6.4 12.8 12.8 12.8zm96 0h22.4c6.4 0 12.8-6.4 12.8-12.8V204.8c0-6.4-6.4-12.8-12.8-12.8h-22.4c-6.4 0-12.8 6.4-12.8 12.8v134.4c0 6.4 6.4 12.8 12.8 12.8zM496 400H48V80c0-8.84-7.16-16-16-16H16C7.16 64 0 71.16 0 80v336c0 17.67 14.33 32 32 32h464c8.84 0 16-7.16 16-16v-16c0-8.84-7.16-16-16-16zm-387.2-48h22.4c6.4 0 12.8-6.4 12.8-12.8v-70.4c0-6.4-6.4-12.8-12.8-12.8h-22.4c-6.4 0-12.8 6.4-12.8 12.8v70.4c0 6.4 6.4 12.8 12.8 12.8z\" class=\"\"><\/path><\/svg><\/i> <\/p>\n<div class=\"pvc_clear\"><\/div>\n<div class=\"print\"><span class=\"page_title\">P\u00e1gina: <span>M\u00e1s de 200 efectivos participan en el dispositivo de extinci\u00f3n del incendio forestal en Tenerife<\/span><\/span>\n\t\t\t\t\t\t\t\t\t\t\t<span class=\"page_title\">Fecha de impresi\u00f3n: <span>02\/05\/2026 - 06:52:50 UTC<\/span><\/span>\n\t\t\t\t\t\t\t\t\t\t\t<span class=\"stmp_trans_date\">\u00daltima actualizaci\u00f3n: <span>21\/07\/2022 - 18:13:09<\/span><\/span>\n\t\t\t\t\t\t\t\t\t\t\t<span class=\"stmp_trans_date\">Fecha publicaci\u00f3n: <span>21\/07\/2022 - 18:13:04<\/span><\/span>\n\t\t\t\t\t\t\t\t\t\t\t<span class=\"stmp_trans_date\">Fecha creaci\u00f3n: <span>21\/07\/2022 - 18:13:04<\/span><\/span><\/div>\n\t","protected":false},"excerpt":{"rendered":"<p>Diez medios a\u00e9reos realizan descargas en el per\u00edmetro de 5 km en Los Realejos y San Juan de La Rambla y se estima en 110 las hect\u00e1reas afectadas El fuego se encuentra en zona alejada de n\u00facleos de poblaci\u00f3n y no est\u00e1n previstas evacuaciones de&#8230;<\/p>\n<div class=\"pvc_clear\"><\/div>\n<p id=\"pvc_stats_12618\" class=\"pvc_stats all  \" data-element-id=\"12618\" style=\"\"><i class=\"pvc-stats-icon medium\" aria-hidden=\"true\"><svg aria-hidden=\"true\" focusable=\"false\" data-prefix=\"far\" data-icon=\"chart-bar\" role=\"img\" xmlns=\"http:\/\/www.w3.org\/2000\/svg\" viewBox=\"0 0 512 512\" class=\"svg-inline--fa fa-chart-bar fa-w-16 fa-2x\"><path fill=\"currentColor\" d=\"M396.8 352h22.4c6.4 0 12.8-6.4 12.8-12.8V108.8c0-6.4-6.4-12.8-12.8-12.8h-22.4c-6.4 0-12.8 6.4-12.8 12.8v230.4c0 6.4 6.4 12.8 12.8 12.8zm-192 0h22.4c6.4 0 12.8-6.4 12.8-12.8V140.8c0-6.4-6.4-12.8-12.8-12.8h-22.4c-6.4 0-12.8 6.4-12.8 12.8v198.4c0 6.4 6.4 12.8 12.8 12.8zm96 0h22.4c6.4 0 12.8-6.4 12.8-12.8V204.8c0-6.4-6.4-12.8-12.8-12.8h-22.4c-6.4 0-12.8 6.4-12.8 12.8v134.4c0 6.4 6.4 12.8 12.8 12.8zM496 400H48V80c0-8.84-7.16-16-16-16H16C7.16 64 0 71.16 0 80v336c0 17.67 14.33 32 32 32h464c8.84 0 16-7.16 16-16v-16c0-8.84-7.16-16-16-16zm-387.2-48h22.4c6.4 0 12.8-6.4 12.8-12.8v-70.4c0-6.4-6.4-12.8-12.8-12.8h-22.4c-6.4 0-12.8 6.4-12.8 12.8v70.4c0 6.4 6.4 12.8 12.8 12.8z\" class=\"\"><\/path><\/svg><\/i> <img loading=\"lazy\" decoding=\"async\" width=\"16\" height=\"16\" alt=\"Loading\" src=\"https:\/\/www.gsccanarias.com\/gsc\/wp-content\/plugins\/page-views-count\/ajax-loader-2x.gif\" border=0 \/><\/p>\n<div class=\"pvc_clear\"><\/div>\n","protected":false},"author":4,"featured_media":12619,"comment_status":"open","ping_status":"open","sticky":false,"template":"","format":"standard","meta":{"footnotes":""},"categories":[49,35],"tags":[],"class_list":["post-12618","post","type-post","status-publish","format-standard","has-post-thumbnail","hentry","category-49","category-noticias"],"a3_pvc":{"activated":true,"total_views":179,"today_views":0},"yoast_head":"<!-- This site is optimized with the Yoast SEO plugin v27.5 - https:\/\/yoast.com\/product\/yoast-seo-wordpress\/ -->\n<title>M\u00e1s de 200 efectivos participan en el dispositivo de extinci\u00f3n del incendio forestal en Tenerife - GSC<\/title>\n<meta name=\"robots\" content=\"index, follow, max-snippet:-1, max-image-preview:large, max-video-preview:-1\" \/>\n<link rel=\"canonical\" href=\"https:\/\/www.gsccanarias.com\/gsc\/mas-de-200-efectivos-participan-en-el-dispositivo-de-extincion-del-incendio-forestal-en-tenerife\/\" \/>\n<meta property=\"og:locale\" content=\"es_ES\" \/>\n<meta property=\"og:type\" content=\"article\" \/>\n<meta property=\"og:title\" content=\"M\u00e1s de 200 efectivos participan en el dispositivo de extinci\u00f3n del incendio forestal en Tenerife - GSC\" \/>\n<meta property=\"og:description\" content=\"Diez medios a\u00e9reos realizan descargas en el per\u00edmetro de 5 km en Los Realejos y San Juan de La Rambla y se estima en 110 las hect\u00e1reas afectadas El fuego se encuentra en zona alejada de n\u00facleos de poblaci\u00f3n y no est\u00e1n previstas evacuaciones de...\" \/>\n<meta property=\"og:url\" content=\"https:\/\/www.gsccanarias.com\/gsc\/mas-de-200-efectivos-participan-en-el-dispositivo-de-extincion-del-incendio-forestal-en-tenerife\/\" \/>\n<meta property=\"og:site_name\" content=\"GSC\" \/>\n<meta property=\"article:published_time\" content=\"2022-07-21T18:13:04+00:00\" \/>\n<meta property=\"article:modified_time\" content=\"2022-07-21T18:13:09+00:00\" \/>\n<meta property=\"og:image\" content=\"https:\/\/www.gsccanarias.com\/gsc\/wp-content\/uploads\/2022\/07\/210722-Intervencion-consejero-Julio-Perez-en-rueda-de-prensa.jpeg\" \/>\n\t<meta property=\"og:image:width\" content=\"1024\" \/>\n\t<meta property=\"og:image:height\" content=\"682\" \/>\n\t<meta property=\"og:image:type\" content=\"image\/jpeg\" \/>\n<meta name=\"author\" content=\"Rosa Carmen Lorenzo Triana\" \/>\n<meta name=\"twitter:card\" content=\"summary_large_image\" \/>\n<meta name=\"twitter:label1\" content=\"Escrito por\" \/>\n\t<meta name=\"twitter:data1\" content=\"Rosa Carmen Lorenzo Triana\" \/>\n\t<meta name=\"twitter:label2\" content=\"Tiempo de lectura\" \/>\n\t<meta name=\"twitter:data2\" content=\"3 minutos\" \/>\n<script type=\"application\/ld+json\" class=\"yoast-schema-graph\">{\"@context\":\"https:\\\/\\\/schema.org\",\"@graph\":[{\"@type\":\"Article\",\"@id\":\"https:\\\/\\\/www.gsccanarias.com\\\/gsc\\\/mas-de-200-efectivos-participan-en-el-dispositivo-de-extincion-del-incendio-forestal-en-tenerife\\\/#article\",\"isPartOf\":{\"@id\":\"https:\\\/\\\/www.gsccanarias.com\\\/gsc\\\/mas-de-200-efectivos-participan-en-el-dispositivo-de-extincion-del-incendio-forestal-en-tenerife\\\/\"},\"author\":{\"name\":\"Rosa Carmen Lorenzo Triana\",\"@id\":\"https:\\\/\\\/www.gsccanarias.com\\\/gsc\\\/#\\\/schema\\\/person\\\/6344674ae7d554f04a860ccb99b97e7d\"},\"headline\":\"M\u00e1s de 200 efectivos participan en el dispositivo de extinci\u00f3n del incendio forestal en Tenerife\",\"datePublished\":\"2022-07-21T18:13:04+00:00\",\"dateModified\":\"2022-07-21T18:13:09+00:00\",\"mainEntityOfPage\":{\"@id\":\"https:\\\/\\\/www.gsccanarias.com\\\/gsc\\\/mas-de-200-efectivos-participan-en-el-dispositivo-de-extincion-del-incendio-forestal-en-tenerife\\\/\"},\"wordCount\":574,\"commentCount\":0,\"image\":{\"@id\":\"https:\\\/\\\/www.gsccanarias.com\\\/gsc\\\/mas-de-200-efectivos-participan-en-el-dispositivo-de-extincion-del-incendio-forestal-en-tenerife\\\/#primaryimage\"},\"thumbnailUrl\":\"https:\\\/\\\/www.gsccanarias.com\\\/gsc\\\/wp-content\\\/uploads\\\/2022\\\/07\\\/210722-Intervencion-consejero-Julio-Perez-en-rueda-de-prensa.jpeg\",\"articleSection\":[\"112\",\"Noticias\"],\"inLanguage\":\"es\",\"potentialAction\":[{\"@type\":\"CommentAction\",\"name\":\"Comment\",\"target\":[\"https:\\\/\\\/www.gsccanarias.com\\\/gsc\\\/mas-de-200-efectivos-participan-en-el-dispositivo-de-extincion-del-incendio-forestal-en-tenerife\\\/#respond\"]}]},{\"@type\":\"WebPage\",\"@id\":\"https:\\\/\\\/www.gsccanarias.com\\\/gsc\\\/mas-de-200-efectivos-participan-en-el-dispositivo-de-extincion-del-incendio-forestal-en-tenerife\\\/\",\"url\":\"https:\\\/\\\/www.gsccanarias.com\\\/gsc\\\/mas-de-200-efectivos-participan-en-el-dispositivo-de-extincion-del-incendio-forestal-en-tenerife\\\/\",\"name\":\"M\u00e1s de 200 efectivos participan en el dispositivo de extinci\u00f3n del incendio forestal en Tenerife - GSC\",\"isPartOf\":{\"@id\":\"https:\\\/\\\/www.gsccanarias.com\\\/gsc\\\/#website\"},\"primaryImageOfPage\":{\"@id\":\"https:\\\/\\\/www.gsccanarias.com\\\/gsc\\\/mas-de-200-efectivos-participan-en-el-dispositivo-de-extincion-del-incendio-forestal-en-tenerife\\\/#primaryimage\"},\"image\":{\"@id\":\"https:\\\/\\\/www.gsccanarias.com\\\/gsc\\\/mas-de-200-efectivos-participan-en-el-dispositivo-de-extincion-del-incendio-forestal-en-tenerife\\\/#primaryimage\"},\"thumbnailUrl\":\"https:\\\/\\\/www.gsccanarias.com\\\/gsc\\\/wp-content\\\/uploads\\\/2022\\\/07\\\/210722-Intervencion-consejero-Julio-Perez-en-rueda-de-prensa.jpeg\",\"datePublished\":\"2022-07-21T18:13:04+00:00\",\"dateModified\":\"2022-07-21T18:13:09+00:00\",\"author\":{\"@id\":\"https:\\\/\\\/www.gsccanarias.com\\\/gsc\\\/#\\\/schema\\\/person\\\/6344674ae7d554f04a860ccb99b97e7d\"},\"breadcrumb\":{\"@id\":\"https:\\\/\\\/www.gsccanarias.com\\\/gsc\\\/mas-de-200-efectivos-participan-en-el-dispositivo-de-extincion-del-incendio-forestal-en-tenerife\\\/#breadcrumb\"},\"inLanguage\":\"es\",\"potentialAction\":[{\"@type\":\"ReadAction\",\"target\":[\"https:\\\/\\\/www.gsccanarias.com\\\/gsc\\\/mas-de-200-efectivos-participan-en-el-dispositivo-de-extincion-del-incendio-forestal-en-tenerife\\\/\"]}]},{\"@type\":\"ImageObject\",\"inLanguage\":\"es\",\"@id\":\"https:\\\/\\\/www.gsccanarias.com\\\/gsc\\\/mas-de-200-efectivos-participan-en-el-dispositivo-de-extincion-del-incendio-forestal-en-tenerife\\\/#primaryimage\",\"url\":\"https:\\\/\\\/www.gsccanarias.com\\\/gsc\\\/wp-content\\\/uploads\\\/2022\\\/07\\\/210722-Intervencion-consejero-Julio-Perez-en-rueda-de-prensa.jpeg\",\"contentUrl\":\"https:\\\/\\\/www.gsccanarias.com\\\/gsc\\\/wp-content\\\/uploads\\\/2022\\\/07\\\/210722-Intervencion-consejero-Julio-Perez-en-rueda-de-prensa.jpeg\",\"width\":1024,\"height\":682},{\"@type\":\"BreadcrumbList\",\"@id\":\"https:\\\/\\\/www.gsccanarias.com\\\/gsc\\\/mas-de-200-efectivos-participan-en-el-dispositivo-de-extincion-del-incendio-forestal-en-tenerife\\\/#breadcrumb\",\"itemListElement\":[{\"@type\":\"ListItem\",\"position\":1,\"name\":\"Portada\",\"item\":\"https:\\\/\\\/www.gsccanarias.com\\\/gsc\\\/\"},{\"@type\":\"ListItem\",\"position\":2,\"name\":\"M\u00e1s de 200 efectivos participan en el dispositivo de extinci\u00f3n del incendio forestal en Tenerife\"}]},{\"@type\":\"WebSite\",\"@id\":\"https:\\\/\\\/www.gsccanarias.com\\\/gsc\\\/#website\",\"url\":\"https:\\\/\\\/www.gsccanarias.com\\\/gsc\\\/\",\"name\":\"GSC\",\"description\":\"Administramos servicios relacionados con la salud, las emergencias, la seguridad y el transporte sanitario\",\"potentialAction\":[{\"@type\":\"SearchAction\",\"target\":{\"@type\":\"EntryPoint\",\"urlTemplate\":\"https:\\\/\\\/www.gsccanarias.com\\\/gsc\\\/?s={search_term_string}\"},\"query-input\":{\"@type\":\"PropertyValueSpecification\",\"valueRequired\":true,\"valueName\":\"search_term_string\"}}],\"inLanguage\":\"es\"},{\"@type\":\"Person\",\"@id\":\"https:\\\/\\\/www.gsccanarias.com\\\/gsc\\\/#\\\/schema\\\/person\\\/6344674ae7d554f04a860ccb99b97e7d\",\"name\":\"Rosa Carmen Lorenzo Triana\",\"image\":{\"@type\":\"ImageObject\",\"inLanguage\":\"es\",\"@id\":\"https:\\\/\\\/secure.gravatar.com\\\/avatar\\\/817029d03413189e37216a598d11d54efd16196c5548b111b1ec9676c4a90739?s=96&d=mm&r=g\",\"url\":\"https:\\\/\\\/secure.gravatar.com\\\/avatar\\\/817029d03413189e37216a598d11d54efd16196c5548b111b1ec9676c4a90739?s=96&d=mm&r=g\",\"contentUrl\":\"https:\\\/\\\/secure.gravatar.com\\\/avatar\\\/817029d03413189e37216a598d11d54efd16196c5548b111b1ec9676c4a90739?s=96&d=mm&r=g\",\"caption\":\"Rosa Carmen Lorenzo Triana\"},\"url\":\"https:\\\/\\\/www.gsccanarias.com\\\/gsc\\\/author\\\/rosa\\\/\"}]}<\/script>\n<!-- \/ Yoast SEO plugin. -->","yoast_head_json":{"title":"M\u00e1s de 200 efectivos participan en el dispositivo de extinci\u00f3n del incendio forestal en Tenerife - GSC","robots":{"index":"index","follow":"follow","max-snippet":"max-snippet:-1","max-image-preview":"max-image-preview:large","max-video-preview":"max-video-preview:-1"},"canonical":"https:\/\/www.gsccanarias.com\/gsc\/mas-de-200-efectivos-participan-en-el-dispositivo-de-extincion-del-incendio-forestal-en-tenerife\/","og_locale":"es_ES","og_type":"article","og_title":"M\u00e1s de 200 efectivos participan en el dispositivo de extinci\u00f3n del incendio forestal en Tenerife - GSC","og_description":"Diez medios a\u00e9reos realizan descargas en el per\u00edmetro de 5 km en Los Realejos y San Juan de La Rambla y se estima en 110 las hect\u00e1reas afectadas El fuego se encuentra en zona alejada de n\u00facleos de poblaci\u00f3n y no est\u00e1n previstas evacuaciones de...","og_url":"https:\/\/www.gsccanarias.com\/gsc\/mas-de-200-efectivos-participan-en-el-dispositivo-de-extincion-del-incendio-forestal-en-tenerife\/","og_site_name":"GSC","article_published_time":"2022-07-21T18:13:04+00:00","article_modified_time":"2022-07-21T18:13:09+00:00","og_image":[{"width":1024,"height":682,"url":"https:\/\/www.gsccanarias.com\/gsc\/wp-content\/uploads\/2022\/07\/210722-Intervencion-consejero-Julio-Perez-en-rueda-de-prensa.jpeg","type":"image\/jpeg"}],"author":"Rosa Carmen Lorenzo Triana","twitter_card":"summary_large_image","twitter_misc":{"Escrito por":"Rosa Carmen Lorenzo Triana","Tiempo de lectura":"3 minutos"},"schema":{"@context":"https:\/\/schema.org","@graph":[{"@type":"Article","@id":"https:\/\/www.gsccanarias.com\/gsc\/mas-de-200-efectivos-participan-en-el-dispositivo-de-extincion-del-incendio-forestal-en-tenerife\/#article","isPartOf":{"@id":"https:\/\/www.gsccanarias.com\/gsc\/mas-de-200-efectivos-participan-en-el-dispositivo-de-extincion-del-incendio-forestal-en-tenerife\/"},"author":{"name":"Rosa Carmen Lorenzo Triana","@id":"https:\/\/www.gsccanarias.com\/gsc\/#\/schema\/person\/6344674ae7d554f04a860ccb99b97e7d"},"headline":"M\u00e1s de 200 efectivos participan en el dispositivo de extinci\u00f3n del incendio forestal en Tenerife","datePublished":"2022-07-21T18:13:04+00:00","dateModified":"2022-07-21T18:13:09+00:00","mainEntityOfPage":{"@id":"https:\/\/www.gsccanarias.com\/gsc\/mas-de-200-efectivos-participan-en-el-dispositivo-de-extincion-del-incendio-forestal-en-tenerife\/"},"wordCount":574,"commentCount":0,"image":{"@id":"https:\/\/www.gsccanarias.com\/gsc\/mas-de-200-efectivos-participan-en-el-dispositivo-de-extincion-del-incendio-forestal-en-tenerife\/#primaryimage"},"thumbnailUrl":"https:\/\/www.gsccanarias.com\/gsc\/wp-content\/uploads\/2022\/07\/210722-Intervencion-consejero-Julio-Perez-en-rueda-de-prensa.jpeg","articleSection":["112","Noticias"],"inLanguage":"es","potentialAction":[{"@type":"CommentAction","name":"Comment","target":["https:\/\/www.gsccanarias.com\/gsc\/mas-de-200-efectivos-participan-en-el-dispositivo-de-extincion-del-incendio-forestal-en-tenerife\/#respond"]}]},{"@type":"WebPage","@id":"https:\/\/www.gsccanarias.com\/gsc\/mas-de-200-efectivos-participan-en-el-dispositivo-de-extincion-del-incendio-forestal-en-tenerife\/","url":"https:\/\/www.gsccanarias.com\/gsc\/mas-de-200-efectivos-participan-en-el-dispositivo-de-extincion-del-incendio-forestal-en-tenerife\/","name":"M\u00e1s de 200 efectivos participan en el dispositivo de extinci\u00f3n del incendio forestal en Tenerife - GSC","isPartOf":{"@id":"https:\/\/www.gsccanarias.com\/gsc\/#website"},"primaryImageOfPage":{"@id":"https:\/\/www.gsccanarias.com\/gsc\/mas-de-200-efectivos-participan-en-el-dispositivo-de-extincion-del-incendio-forestal-en-tenerife\/#primaryimage"},"image":{"@id":"https:\/\/www.gsccanarias.com\/gsc\/mas-de-200-efectivos-participan-en-el-dispositivo-de-extincion-del-incendio-forestal-en-tenerife\/#primaryimage"},"thumbnailUrl":"https:\/\/www.gsccanarias.com\/gsc\/wp-content\/uploads\/2022\/07\/210722-Intervencion-consejero-Julio-Perez-en-rueda-de-prensa.jpeg","datePublished":"2022-07-21T18:13:04+00:00","dateModified":"2022-07-21T18:13:09+00:00","author":{"@id":"https:\/\/www.gsccanarias.com\/gsc\/#\/schema\/person\/6344674ae7d554f04a860ccb99b97e7d"},"breadcrumb":{"@id":"https:\/\/www.gsccanarias.com\/gsc\/mas-de-200-efectivos-participan-en-el-dispositivo-de-extincion-del-incendio-forestal-en-tenerife\/#breadcrumb"},"inLanguage":"es","potentialAction":[{"@type":"ReadAction","target":["https:\/\/www.gsccanarias.com\/gsc\/mas-de-200-efectivos-participan-en-el-dispositivo-de-extincion-del-incendio-forestal-en-tenerife\/"]}]},{"@type":"ImageObject","inLanguage":"es","@id":"https:\/\/www.gsccanarias.com\/gsc\/mas-de-200-efectivos-participan-en-el-dispositivo-de-extincion-del-incendio-forestal-en-tenerife\/#primaryimage","url":"https:\/\/www.gsccanarias.com\/gsc\/wp-content\/uploads\/2022\/07\/210722-Intervencion-consejero-Julio-Perez-en-rueda-de-prensa.jpeg","contentUrl":"https:\/\/www.gsccanarias.com\/gsc\/wp-content\/uploads\/2022\/07\/210722-Intervencion-consejero-Julio-Perez-en-rueda-de-prensa.jpeg","width":1024,"height":682},{"@type":"BreadcrumbList","@id":"https:\/\/www.gsccanarias.com\/gsc\/mas-de-200-efectivos-participan-en-el-dispositivo-de-extincion-del-incendio-forestal-en-tenerife\/#breadcrumb","itemListElement":[{"@type":"ListItem","position":1,"name":"Portada","item":"https:\/\/www.gsccanarias.com\/gsc\/"},{"@type":"ListItem","position":2,"name":"M\u00e1s de 200 efectivos participan en el dispositivo de extinci\u00f3n del incendio forestal en Tenerife"}]},{"@type":"WebSite","@id":"https:\/\/www.gsccanarias.com\/gsc\/#website","url":"https:\/\/www.gsccanarias.com\/gsc\/","name":"GSC","description":"Administramos servicios relacionados con la salud, las emergencias, la seguridad y el transporte sanitario","potentialAction":[{"@type":"SearchAction","target":{"@type":"EntryPoint","urlTemplate":"https:\/\/www.gsccanarias.com\/gsc\/?s={search_term_string}"},"query-input":{"@type":"PropertyValueSpecification","valueRequired":true,"valueName":"search_term_string"}}],"inLanguage":"es"},{"@type":"Person","@id":"https:\/\/www.gsccanarias.com\/gsc\/#\/schema\/person\/6344674ae7d554f04a860ccb99b97e7d","name":"Rosa Carmen Lorenzo Triana","image":{"@type":"ImageObject","inLanguage":"es","@id":"https:\/\/secure.gravatar.com\/avatar\/817029d03413189e37216a598d11d54efd16196c5548b111b1ec9676c4a90739?s=96&d=mm&r=g","url":"https:\/\/secure.gravatar.com\/avatar\/817029d03413189e37216a598d11d54efd16196c5548b111b1ec9676c4a90739?s=96&d=mm&r=g","contentUrl":"https:\/\/secure.gravatar.com\/avatar\/817029d03413189e37216a598d11d54efd16196c5548b111b1ec9676c4a90739?s=96&d=mm&r=g","caption":"Rosa Carmen Lorenzo Triana"},"url":"https:\/\/www.gsccanarias.com\/gsc\/author\/rosa\/"}]}},"publishpress_future_workflow_manual_trigger":{"enabledWorkflows":[]},"_links":{"self":[{"href":"https:\/\/www.gsccanarias.com\/gsc\/wp-json\/wp\/v2\/posts\/12618","targetHints":{"allow":["GET"]}}],"collection":[{"href":"https:\/\/www.gsccanarias.com\/gsc\/wp-json\/wp\/v2\/posts"}],"about":[{"href":"https:\/\/www.gsccanarias.com\/gsc\/wp-json\/wp\/v2\/types\/post"}],"author":[{"embeddable":true,"href":"https:\/\/www.gsccanarias.com\/gsc\/wp-json\/wp\/v2\/users\/4"}],"replies":[{"embeddable":true,"href":"https:\/\/www.gsccanarias.com\/gsc\/wp-json\/wp\/v2\/comments?post=12618"}],"version-history":[{"count":1,"href":"https:\/\/www.gsccanarias.com\/gsc\/wp-json\/wp\/v2\/posts\/12618\/revisions"}],"predecessor-version":[{"id":12620,"href":"https:\/\/www.gsccanarias.com\/gsc\/wp-json\/wp\/v2\/posts\/12618\/revisions\/12620"}],"wp:featuredmedia":[{"embeddable":true,"href":"https:\/\/www.gsccanarias.com\/gsc\/wp-json\/wp\/v2\/media\/12619"}],"wp:attachment":[{"href":"https:\/\/www.gsccanarias.com\/gsc\/wp-json\/wp\/v2\/media?parent=12618"}],"wp:term":[{"taxonomy":"category","embeddable":true,"href":"https:\/\/www.gsccanarias.com\/gsc\/wp-json\/wp\/v2\/categories?post=12618"},{"taxonomy":"post_tag","embeddable":true,"href":"https:\/\/www.gsccanarias.com\/gsc\/wp-json\/wp\/v2\/tags?post=12618"}],"curies":[{"name":"wp","href":"https:\/\/api.w.org\/{rel}","templated":true}]}}