{"id":12614,"date":"2022-07-21T13:40:30","date_gmt":"2022-07-21T13:40:30","guid":{"rendered":"https:\/\/www.gsccanarias.com\/gsc\/?p=12614"},"modified":"2022-07-21T13:41:22","modified_gmt":"2022-07-21T13:41:22","slug":"el-gobierno-de-canarias-declara-el-nivel-2-del-infoca-y-asume-la-direccion-del-incendio-forestal-declarado-en-tenerife-2","status":"publish","type":"post","link":"https:\/\/www.gsccanarias.com\/gsc\/el-gobierno-de-canarias-declara-el-nivel-2-del-infoca-y-asume-la-direccion-del-incendio-forestal-declarado-en-tenerife-2\/","title":{"rendered":"El Gobierno de Canarias declara el nivel 2 del INFOCA y asume la direcci\u00f3n del incendio forestal declarado en Tenerife"},"content":{"rendered":"<blockquote><p>El \u00e1mbito territorial de la emergencia comprende los municipios de Los Realejos y San Juan de La Rambla<\/p>\n<p>La UME se incorpora al dispositivo de extinci\u00f3n, donde participan ya ocho medios a\u00e9reos junto a los efectivos terrestres de las distintas administraciones<\/p>\n<p>Se han desalojado de manera preventivas zonas de acampadas y \u00e1reas recreativas pr\u00f3ximas<\/p><\/blockquote>\n<p><strong>El incendio forestal que se inici\u00f3 en el d\u00eda de hoy a las 10:19 horas en la zona de Los Campeches, en el municipio de Los Realejos, en Tenerife, ha pasado a las 14 horas a Nivel 2 a petici\u00f3n del Cabildo de Tenerife, asumiendo la direcci\u00f3n de la emergencia el Gobierno de Canarias, en aplicaci\u00f3n del Plan Especial de Protecci\u00f3n Civil y Atenci\u00f3n de Emergencias por Incendios Forestales en la Comunidad Aut\u00f3noma de Canarias (INFOCA).<\/strong><\/p>\n<p>El \u00e1mbito territorial de la emergencia, en el momento de la declaraci\u00f3n, comprende los t\u00e9rminos municipales de Los Realejos y San Juan de La Rambla. Como medida preventiva, se ha procedido a evacuar la zona de acampada Fuente de Pedro, el Campamento Barranco de la Arena, as\u00ed como las \u00e1reas recreativas El Lagar y La Tahona.<\/p>\n<p>Hasta el momento intervienen ocho medios a\u00e9reos: tres helic\u00f3pteros del Grupo de Emergencias y Salvamento del Gobierno de Canarias (GES), otros dos del Cabildo de Tenerife, un helic\u00f3ptero Kamov y un Air tractor (avi\u00f3n de carga en tierra) del Ministerio de Transici\u00f3n Ecol\u00f3gica y Reto Demogr\u00e1fico (MITECO), adem\u00e1s de un helic\u00f3ptero de la Guardia Civil en funciones de coordinaci\u00f3n a\u00e9rea. Por tierra participan efectivos de lucha contra incendios del Cabildo de Tenerife, del Consorcio de Bomberos y los equipos EIRIF del Gobierno de Canarias con base en La Gomera y BRIF del MITECO; recursos de seguridad tanto de Polic\u00eda Local, como de los cuerpos y Fuerzas de Seguridad del Estado y del Cuerpo General de La Polic\u00eda Canaria y Protecci\u00f3n Civil, Servicio de Urgencias Canario (SUC) y Cruz Roja.<\/p>\n<p>Con la declaraci\u00f3n del Nivel 2 del incendio se incorpora la Unidad Militar de Emergencias (UME) a las tareas de extinci\u00f3n, con el primer contingente que despliega un pelot\u00f3n formado por 20 militares, tres autobombas, un cami\u00f3n nodriza y un jefe de operaciones. Durante la noche se incorporar\u00e1n efectivos de Gran Canaria.<\/p>\n<div class=\"pvc_clear\"><\/div>\n<p id=\"pvc_stats_12614\" class=\"pvc_stats all  \" data-element-id=\"12614\" style=\"\"><i class=\"pvc-stats-icon medium\" aria-hidden=\"true\"><svg aria-hidden=\"true\" focusable=\"false\" data-prefix=\"far\" data-icon=\"chart-bar\" role=\"img\" xmlns=\"http:\/\/www.w3.org\/2000\/svg\" viewBox=\"0 0 512 512\" class=\"svg-inline--fa fa-chart-bar fa-w-16 fa-2x\"><path fill=\"currentColor\" d=\"M396.8 352h22.4c6.4 0 12.8-6.4 12.8-12.8V108.8c0-6.4-6.4-12.8-12.8-12.8h-22.4c-6.4 0-12.8 6.4-12.8 12.8v230.4c0 6.4 6.4 12.8 12.8 12.8zm-192 0h22.4c6.4 0 12.8-6.4 12.8-12.8V140.8c0-6.4-6.4-12.8-12.8-12.8h-22.4c-6.4 0-12.8 6.4-12.8 12.8v198.4c0 6.4 6.4 12.8 12.8 12.8zm96 0h22.4c6.4 0 12.8-6.4 12.8-12.8V204.8c0-6.4-6.4-12.8-12.8-12.8h-22.4c-6.4 0-12.8 6.4-12.8 12.8v134.4c0 6.4 6.4 12.8 12.8 12.8zM496 400H48V80c0-8.84-7.16-16-16-16H16C7.16 64 0 71.16 0 80v336c0 17.67 14.33 32 32 32h464c8.84 0 16-7.16 16-16v-16c0-8.84-7.16-16-16-16zm-387.2-48h22.4c6.4 0 12.8-6.4 12.8-12.8v-70.4c0-6.4-6.4-12.8-12.8-12.8h-22.4c-6.4 0-12.8 6.4-12.8 12.8v70.4c0 6.4 6.4 12.8 12.8 12.8z\" class=\"\"><\/path><\/svg><\/i> <\/p>\n<div class=\"pvc_clear\"><\/div>\n<div class=\"print\"><span class=\"page_title\">P\u00e1gina: <span>El Gobierno de Canarias declara el nivel 2 del INFOCA y asume la direcci\u00f3n del incendio forestal declarado en Tenerife<\/span><\/span>\n\t\t\t\t\t\t\t\t\t\t\t<span class=\"page_title\">Fecha de impresi\u00f3n: <span>02\/05\/2026 - 06:52:28 UTC<\/span><\/span>\n\t\t\t\t\t\t\t\t\t\t\t<span class=\"stmp_trans_date\">\u00daltima actualizaci\u00f3n: <span>21\/07\/2022 - 13:41:22<\/span><\/span>\n\t\t\t\t\t\t\t\t\t\t\t<span class=\"stmp_trans_date\">Fecha publicaci\u00f3n: <span>21\/07\/2022 - 13:40:30<\/span><\/span>\n\t\t\t\t\t\t\t\t\t\t\t<span class=\"stmp_trans_date\">Fecha creaci\u00f3n: <span>21\/07\/2022 - 13:40:30<\/span><\/span><\/div>\n\t","protected":false},"excerpt":{"rendered":"<p>El \u00e1mbito territorial de la emergencia comprende los municipios de Los Realejos y San Juan de La Rambla La UME se incorpora al dispositivo de extinci\u00f3n, donde participan ya ocho medios a\u00e9reos junto a los efectivos terrestres de las distintas administraciones Se han desalojado de&#8230;<\/p>\n<div class=\"pvc_clear\"><\/div>\n<p id=\"pvc_stats_12614\" class=\"pvc_stats all  \" data-element-id=\"12614\" style=\"\"><i class=\"pvc-stats-icon medium\" aria-hidden=\"true\"><svg aria-hidden=\"true\" focusable=\"false\" data-prefix=\"far\" data-icon=\"chart-bar\" role=\"img\" xmlns=\"http:\/\/www.w3.org\/2000\/svg\" viewBox=\"0 0 512 512\" class=\"svg-inline--fa fa-chart-bar fa-w-16 fa-2x\"><path fill=\"currentColor\" d=\"M396.8 352h22.4c6.4 0 12.8-6.4 12.8-12.8V108.8c0-6.4-6.4-12.8-12.8-12.8h-22.4c-6.4 0-12.8 6.4-12.8 12.8v230.4c0 6.4 6.4 12.8 12.8 12.8zm-192 0h22.4c6.4 0 12.8-6.4 12.8-12.8V140.8c0-6.4-6.4-12.8-12.8-12.8h-22.4c-6.4 0-12.8 6.4-12.8 12.8v198.4c0 6.4 6.4 12.8 12.8 12.8zm96 0h22.4c6.4 0 12.8-6.4 12.8-12.8V204.8c0-6.4-6.4-12.8-12.8-12.8h-22.4c-6.4 0-12.8 6.4-12.8 12.8v134.4c0 6.4 6.4 12.8 12.8 12.8zM496 400H48V80c0-8.84-7.16-16-16-16H16C7.16 64 0 71.16 0 80v336c0 17.67 14.33 32 32 32h464c8.84 0 16-7.16 16-16v-16c0-8.84-7.16-16-16-16zm-387.2-48h22.4c6.4 0 12.8-6.4 12.8-12.8v-70.4c0-6.4-6.4-12.8-12.8-12.8h-22.4c-6.4 0-12.8 6.4-12.8 12.8v70.4c0 6.4 6.4 12.8 12.8 12.8z\" class=\"\"><\/path><\/svg><\/i> <img loading=\"lazy\" decoding=\"async\" width=\"16\" height=\"16\" alt=\"Loading\" src=\"https:\/\/www.gsccanarias.com\/gsc\/wp-content\/plugins\/page-views-count\/ajax-loader-2x.gif\" border=0 \/><\/p>\n<div class=\"pvc_clear\"><\/div>\n","protected":false},"author":5,"featured_media":12615,"comment_status":"open","ping_status":"open","sticky":false,"template":"","format":"standard","meta":{"footnotes":""},"categories":[35],"tags":[],"class_list":["post-12614","post","type-post","status-publish","format-standard","has-post-thumbnail","hentry","category-noticias"],"a3_pvc":{"activated":true,"total_views":176,"today_views":0},"yoast_head":"<!-- This site is optimized with the Yoast SEO plugin v27.5 - https:\/\/yoast.com\/product\/yoast-seo-wordpress\/ -->\n<title>El Gobierno de Canarias declara el nivel 2 del INFOCA y asume la direcci\u00f3n del incendio forestal declarado en Tenerife - GSC<\/title>\n<meta name=\"robots\" content=\"index, follow, max-snippet:-1, max-image-preview:large, max-video-preview:-1\" \/>\n<link rel=\"canonical\" href=\"https:\/\/www.gsccanarias.com\/gsc\/el-gobierno-de-canarias-declara-el-nivel-2-del-infoca-y-asume-la-direccion-del-incendio-forestal-declarado-en-tenerife-2\/\" \/>\n<meta property=\"og:locale\" content=\"es_ES\" \/>\n<meta property=\"og:type\" content=\"article\" \/>\n<meta property=\"og:title\" content=\"El Gobierno de Canarias declara el nivel 2 del INFOCA y asume la direcci\u00f3n del incendio forestal declarado en Tenerife - GSC\" \/>\n<meta property=\"og:description\" content=\"El \u00e1mbito territorial de la emergencia comprende los municipios de Los Realejos y San Juan de La Rambla La UME se incorpora al dispositivo de extinci\u00f3n, donde participan ya ocho medios a\u00e9reos junto a los efectivos terrestres de las distintas administraciones Se han desalojado de...\" \/>\n<meta property=\"og:url\" content=\"https:\/\/www.gsccanarias.com\/gsc\/el-gobierno-de-canarias-declara-el-nivel-2-del-infoca-y-asume-la-direccion-del-incendio-forestal-declarado-en-tenerife-2\/\" \/>\n<meta property=\"og:site_name\" content=\"GSC\" \/>\n<meta property=\"article:published_time\" content=\"2022-07-21T13:40:30+00:00\" \/>\n<meta property=\"article:modified_time\" content=\"2022-07-21T13:41:22+00:00\" \/>\n<meta property=\"og:image\" content=\"https:\/\/www.gsccanarias.com\/gsc\/wp-content\/uploads\/2022\/07\/210722-Incendio-Los-Realejos.jpg\" \/>\n\t<meta property=\"og:image:width\" content=\"1600\" \/>\n\t<meta property=\"og:image:height\" content=\"900\" \/>\n\t<meta property=\"og:image:type\" content=\"image\/jpeg\" \/>\n<meta name=\"author\" content=\"Candelaria Ceballos Quintero\" \/>\n<meta name=\"twitter:card\" content=\"summary_large_image\" \/>\n<meta name=\"twitter:label1\" content=\"Escrito por\" \/>\n\t<meta name=\"twitter:data1\" content=\"Candelaria Ceballos Quintero\" \/>\n\t<meta name=\"twitter:label2\" content=\"Tiempo de lectura\" \/>\n\t<meta name=\"twitter:data2\" content=\"2 minutos\" \/>\n<script type=\"application\/ld+json\" class=\"yoast-schema-graph\">{\"@context\":\"https:\\\/\\\/schema.org\",\"@graph\":[{\"@type\":\"Article\",\"@id\":\"https:\\\/\\\/www.gsccanarias.com\\\/gsc\\\/el-gobierno-de-canarias-declara-el-nivel-2-del-infoca-y-asume-la-direccion-del-incendio-forestal-declarado-en-tenerife-2\\\/#article\",\"isPartOf\":{\"@id\":\"https:\\\/\\\/www.gsccanarias.com\\\/gsc\\\/el-gobierno-de-canarias-declara-el-nivel-2-del-infoca-y-asume-la-direccion-del-incendio-forestal-declarado-en-tenerife-2\\\/\"},\"author\":{\"name\":\"Candelaria Ceballos Quintero\",\"@id\":\"https:\\\/\\\/www.gsccanarias.com\\\/gsc\\\/#\\\/schema\\\/person\\\/5b9901f4eee7cadbed4628c907cce21f\"},\"headline\":\"El Gobierno de Canarias declara el nivel 2 del INFOCA y asume la direcci\u00f3n del incendio forestal declarado en Tenerife\",\"datePublished\":\"2022-07-21T13:40:30+00:00\",\"dateModified\":\"2022-07-21T13:41:22+00:00\",\"mainEntityOfPage\":{\"@id\":\"https:\\\/\\\/www.gsccanarias.com\\\/gsc\\\/el-gobierno-de-canarias-declara-el-nivel-2-del-infoca-y-asume-la-direccion-del-incendio-forestal-declarado-en-tenerife-2\\\/\"},\"wordCount\":413,\"commentCount\":0,\"image\":{\"@id\":\"https:\\\/\\\/www.gsccanarias.com\\\/gsc\\\/el-gobierno-de-canarias-declara-el-nivel-2-del-infoca-y-asume-la-direccion-del-incendio-forestal-declarado-en-tenerife-2\\\/#primaryimage\"},\"thumbnailUrl\":\"https:\\\/\\\/www.gsccanarias.com\\\/gsc\\\/wp-content\\\/uploads\\\/2022\\\/07\\\/210722-Incendio-Los-Realejos.jpg\",\"articleSection\":[\"Noticias\"],\"inLanguage\":\"es\",\"potentialAction\":[{\"@type\":\"CommentAction\",\"name\":\"Comment\",\"target\":[\"https:\\\/\\\/www.gsccanarias.com\\\/gsc\\\/el-gobierno-de-canarias-declara-el-nivel-2-del-infoca-y-asume-la-direccion-del-incendio-forestal-declarado-en-tenerife-2\\\/#respond\"]}]},{\"@type\":\"WebPage\",\"@id\":\"https:\\\/\\\/www.gsccanarias.com\\\/gsc\\\/el-gobierno-de-canarias-declara-el-nivel-2-del-infoca-y-asume-la-direccion-del-incendio-forestal-declarado-en-tenerife-2\\\/\",\"url\":\"https:\\\/\\\/www.gsccanarias.com\\\/gsc\\\/el-gobierno-de-canarias-declara-el-nivel-2-del-infoca-y-asume-la-direccion-del-incendio-forestal-declarado-en-tenerife-2\\\/\",\"name\":\"El Gobierno de Canarias declara el nivel 2 del INFOCA y asume la direcci\u00f3n del incendio forestal declarado en Tenerife - GSC\",\"isPartOf\":{\"@id\":\"https:\\\/\\\/www.gsccanarias.com\\\/gsc\\\/#website\"},\"primaryImageOfPage\":{\"@id\":\"https:\\\/\\\/www.gsccanarias.com\\\/gsc\\\/el-gobierno-de-canarias-declara-el-nivel-2-del-infoca-y-asume-la-direccion-del-incendio-forestal-declarado-en-tenerife-2\\\/#primaryimage\"},\"image\":{\"@id\":\"https:\\\/\\\/www.gsccanarias.com\\\/gsc\\\/el-gobierno-de-canarias-declara-el-nivel-2-del-infoca-y-asume-la-direccion-del-incendio-forestal-declarado-en-tenerife-2\\\/#primaryimage\"},\"thumbnailUrl\":\"https:\\\/\\\/www.gsccanarias.com\\\/gsc\\\/wp-content\\\/uploads\\\/2022\\\/07\\\/210722-Incendio-Los-Realejos.jpg\",\"datePublished\":\"2022-07-21T13:40:30+00:00\",\"dateModified\":\"2022-07-21T13:41:22+00:00\",\"author\":{\"@id\":\"https:\\\/\\\/www.gsccanarias.com\\\/gsc\\\/#\\\/schema\\\/person\\\/5b9901f4eee7cadbed4628c907cce21f\"},\"breadcrumb\":{\"@id\":\"https:\\\/\\\/www.gsccanarias.com\\\/gsc\\\/el-gobierno-de-canarias-declara-el-nivel-2-del-infoca-y-asume-la-direccion-del-incendio-forestal-declarado-en-tenerife-2\\\/#breadcrumb\"},\"inLanguage\":\"es\",\"potentialAction\":[{\"@type\":\"ReadAction\",\"target\":[\"https:\\\/\\\/www.gsccanarias.com\\\/gsc\\\/el-gobierno-de-canarias-declara-el-nivel-2-del-infoca-y-asume-la-direccion-del-incendio-forestal-declarado-en-tenerife-2\\\/\"]}]},{\"@type\":\"ImageObject\",\"inLanguage\":\"es\",\"@id\":\"https:\\\/\\\/www.gsccanarias.com\\\/gsc\\\/el-gobierno-de-canarias-declara-el-nivel-2-del-infoca-y-asume-la-direccion-del-incendio-forestal-declarado-en-tenerife-2\\\/#primaryimage\",\"url\":\"https:\\\/\\\/www.gsccanarias.com\\\/gsc\\\/wp-content\\\/uploads\\\/2022\\\/07\\\/210722-Incendio-Los-Realejos.jpg\",\"contentUrl\":\"https:\\\/\\\/www.gsccanarias.com\\\/gsc\\\/wp-content\\\/uploads\\\/2022\\\/07\\\/210722-Incendio-Los-Realejos.jpg\",\"width\":1600,\"height\":900},{\"@type\":\"BreadcrumbList\",\"@id\":\"https:\\\/\\\/www.gsccanarias.com\\\/gsc\\\/el-gobierno-de-canarias-declara-el-nivel-2-del-infoca-y-asume-la-direccion-del-incendio-forestal-declarado-en-tenerife-2\\\/#breadcrumb\",\"itemListElement\":[{\"@type\":\"ListItem\",\"position\":1,\"name\":\"Portada\",\"item\":\"https:\\\/\\\/www.gsccanarias.com\\\/gsc\\\/\"},{\"@type\":\"ListItem\",\"position\":2,\"name\":\"El Gobierno de Canarias declara el nivel 2 del INFOCA y asume la direcci\u00f3n del incendio forestal declarado en Tenerife\"}]},{\"@type\":\"WebSite\",\"@id\":\"https:\\\/\\\/www.gsccanarias.com\\\/gsc\\\/#website\",\"url\":\"https:\\\/\\\/www.gsccanarias.com\\\/gsc\\\/\",\"name\":\"GSC\",\"description\":\"Administramos servicios relacionados con la salud, las emergencias, la seguridad y el transporte sanitario\",\"potentialAction\":[{\"@type\":\"SearchAction\",\"target\":{\"@type\":\"EntryPoint\",\"urlTemplate\":\"https:\\\/\\\/www.gsccanarias.com\\\/gsc\\\/?s={search_term_string}\"},\"query-input\":{\"@type\":\"PropertyValueSpecification\",\"valueRequired\":true,\"valueName\":\"search_term_string\"}}],\"inLanguage\":\"es\"},{\"@type\":\"Person\",\"@id\":\"https:\\\/\\\/www.gsccanarias.com\\\/gsc\\\/#\\\/schema\\\/person\\\/5b9901f4eee7cadbed4628c907cce21f\",\"name\":\"Candelaria Ceballos Quintero\",\"image\":{\"@type\":\"ImageObject\",\"inLanguage\":\"es\",\"@id\":\"https:\\\/\\\/secure.gravatar.com\\\/avatar\\\/4f9946c8a8e26afcca94f05df1786a5365e8e246fff67757b9108a432cd46e0d?s=96&d=mm&r=g\",\"url\":\"https:\\\/\\\/secure.gravatar.com\\\/avatar\\\/4f9946c8a8e26afcca94f05df1786a5365e8e246fff67757b9108a432cd46e0d?s=96&d=mm&r=g\",\"contentUrl\":\"https:\\\/\\\/secure.gravatar.com\\\/avatar\\\/4f9946c8a8e26afcca94f05df1786a5365e8e246fff67757b9108a432cd46e0d?s=96&d=mm&r=g\",\"caption\":\"Candelaria Ceballos Quintero\"},\"url\":\"https:\\\/\\\/www.gsccanarias.com\\\/gsc\\\/author\\\/candelaria\\\/\"}]}<\/script>\n<!-- \/ Yoast SEO plugin. -->","yoast_head_json":{"title":"El Gobierno de Canarias declara el nivel 2 del INFOCA y asume la direcci\u00f3n del incendio forestal declarado en Tenerife - GSC","robots":{"index":"index","follow":"follow","max-snippet":"max-snippet:-1","max-image-preview":"max-image-preview:large","max-video-preview":"max-video-preview:-1"},"canonical":"https:\/\/www.gsccanarias.com\/gsc\/el-gobierno-de-canarias-declara-el-nivel-2-del-infoca-y-asume-la-direccion-del-incendio-forestal-declarado-en-tenerife-2\/","og_locale":"es_ES","og_type":"article","og_title":"El Gobierno de Canarias declara el nivel 2 del INFOCA y asume la direcci\u00f3n del incendio forestal declarado en Tenerife - GSC","og_description":"El \u00e1mbito territorial de la emergencia comprende los municipios de Los Realejos y San Juan de La Rambla La UME se incorpora al dispositivo de extinci\u00f3n, donde participan ya ocho medios a\u00e9reos junto a los efectivos terrestres de las distintas administraciones Se han desalojado de...","og_url":"https:\/\/www.gsccanarias.com\/gsc\/el-gobierno-de-canarias-declara-el-nivel-2-del-infoca-y-asume-la-direccion-del-incendio-forestal-declarado-en-tenerife-2\/","og_site_name":"GSC","article_published_time":"2022-07-21T13:40:30+00:00","article_modified_time":"2022-07-21T13:41:22+00:00","og_image":[{"width":1600,"height":900,"url":"https:\/\/www.gsccanarias.com\/gsc\/wp-content\/uploads\/2022\/07\/210722-Incendio-Los-Realejos.jpg","type":"image\/jpeg"}],"author":"Candelaria Ceballos Quintero","twitter_card":"summary_large_image","twitter_misc":{"Escrito por":"Candelaria Ceballos Quintero","Tiempo de lectura":"2 minutos"},"schema":{"@context":"https:\/\/schema.org","@graph":[{"@type":"Article","@id":"https:\/\/www.gsccanarias.com\/gsc\/el-gobierno-de-canarias-declara-el-nivel-2-del-infoca-y-asume-la-direccion-del-incendio-forestal-declarado-en-tenerife-2\/#article","isPartOf":{"@id":"https:\/\/www.gsccanarias.com\/gsc\/el-gobierno-de-canarias-declara-el-nivel-2-del-infoca-y-asume-la-direccion-del-incendio-forestal-declarado-en-tenerife-2\/"},"author":{"name":"Candelaria Ceballos Quintero","@id":"https:\/\/www.gsccanarias.com\/gsc\/#\/schema\/person\/5b9901f4eee7cadbed4628c907cce21f"},"headline":"El Gobierno de Canarias declara el nivel 2 del INFOCA y asume la direcci\u00f3n del incendio forestal declarado en Tenerife","datePublished":"2022-07-21T13:40:30+00:00","dateModified":"2022-07-21T13:41:22+00:00","mainEntityOfPage":{"@id":"https:\/\/www.gsccanarias.com\/gsc\/el-gobierno-de-canarias-declara-el-nivel-2-del-infoca-y-asume-la-direccion-del-incendio-forestal-declarado-en-tenerife-2\/"},"wordCount":413,"commentCount":0,"image":{"@id":"https:\/\/www.gsccanarias.com\/gsc\/el-gobierno-de-canarias-declara-el-nivel-2-del-infoca-y-asume-la-direccion-del-incendio-forestal-declarado-en-tenerife-2\/#primaryimage"},"thumbnailUrl":"https:\/\/www.gsccanarias.com\/gsc\/wp-content\/uploads\/2022\/07\/210722-Incendio-Los-Realejos.jpg","articleSection":["Noticias"],"inLanguage":"es","potentialAction":[{"@type":"CommentAction","name":"Comment","target":["https:\/\/www.gsccanarias.com\/gsc\/el-gobierno-de-canarias-declara-el-nivel-2-del-infoca-y-asume-la-direccion-del-incendio-forestal-declarado-en-tenerife-2\/#respond"]}]},{"@type":"WebPage","@id":"https:\/\/www.gsccanarias.com\/gsc\/el-gobierno-de-canarias-declara-el-nivel-2-del-infoca-y-asume-la-direccion-del-incendio-forestal-declarado-en-tenerife-2\/","url":"https:\/\/www.gsccanarias.com\/gsc\/el-gobierno-de-canarias-declara-el-nivel-2-del-infoca-y-asume-la-direccion-del-incendio-forestal-declarado-en-tenerife-2\/","name":"El Gobierno de Canarias declara el nivel 2 del INFOCA y asume la direcci\u00f3n del incendio forestal declarado en Tenerife - GSC","isPartOf":{"@id":"https:\/\/www.gsccanarias.com\/gsc\/#website"},"primaryImageOfPage":{"@id":"https:\/\/www.gsccanarias.com\/gsc\/el-gobierno-de-canarias-declara-el-nivel-2-del-infoca-y-asume-la-direccion-del-incendio-forestal-declarado-en-tenerife-2\/#primaryimage"},"image":{"@id":"https:\/\/www.gsccanarias.com\/gsc\/el-gobierno-de-canarias-declara-el-nivel-2-del-infoca-y-asume-la-direccion-del-incendio-forestal-declarado-en-tenerife-2\/#primaryimage"},"thumbnailUrl":"https:\/\/www.gsccanarias.com\/gsc\/wp-content\/uploads\/2022\/07\/210722-Incendio-Los-Realejos.jpg","datePublished":"2022-07-21T13:40:30+00:00","dateModified":"2022-07-21T13:41:22+00:00","author":{"@id":"https:\/\/www.gsccanarias.com\/gsc\/#\/schema\/person\/5b9901f4eee7cadbed4628c907cce21f"},"breadcrumb":{"@id":"https:\/\/www.gsccanarias.com\/gsc\/el-gobierno-de-canarias-declara-el-nivel-2-del-infoca-y-asume-la-direccion-del-incendio-forestal-declarado-en-tenerife-2\/#breadcrumb"},"inLanguage":"es","potentialAction":[{"@type":"ReadAction","target":["https:\/\/www.gsccanarias.com\/gsc\/el-gobierno-de-canarias-declara-el-nivel-2-del-infoca-y-asume-la-direccion-del-incendio-forestal-declarado-en-tenerife-2\/"]}]},{"@type":"ImageObject","inLanguage":"es","@id":"https:\/\/www.gsccanarias.com\/gsc\/el-gobierno-de-canarias-declara-el-nivel-2-del-infoca-y-asume-la-direccion-del-incendio-forestal-declarado-en-tenerife-2\/#primaryimage","url":"https:\/\/www.gsccanarias.com\/gsc\/wp-content\/uploads\/2022\/07\/210722-Incendio-Los-Realejos.jpg","contentUrl":"https:\/\/www.gsccanarias.com\/gsc\/wp-content\/uploads\/2022\/07\/210722-Incendio-Los-Realejos.jpg","width":1600,"height":900},{"@type":"BreadcrumbList","@id":"https:\/\/www.gsccanarias.com\/gsc\/el-gobierno-de-canarias-declara-el-nivel-2-del-infoca-y-asume-la-direccion-del-incendio-forestal-declarado-en-tenerife-2\/#breadcrumb","itemListElement":[{"@type":"ListItem","position":1,"name":"Portada","item":"https:\/\/www.gsccanarias.com\/gsc\/"},{"@type":"ListItem","position":2,"name":"El Gobierno de Canarias declara el nivel 2 del INFOCA y asume la direcci\u00f3n del incendio forestal declarado en Tenerife"}]},{"@type":"WebSite","@id":"https:\/\/www.gsccanarias.com\/gsc\/#website","url":"https:\/\/www.gsccanarias.com\/gsc\/","name":"GSC","description":"Administramos servicios relacionados con la salud, las emergencias, la seguridad y el transporte sanitario","potentialAction":[{"@type":"SearchAction","target":{"@type":"EntryPoint","urlTemplate":"https:\/\/www.gsccanarias.com\/gsc\/?s={search_term_string}"},"query-input":{"@type":"PropertyValueSpecification","valueRequired":true,"valueName":"search_term_string"}}],"inLanguage":"es"},{"@type":"Person","@id":"https:\/\/www.gsccanarias.com\/gsc\/#\/schema\/person\/5b9901f4eee7cadbed4628c907cce21f","name":"Candelaria Ceballos Quintero","image":{"@type":"ImageObject","inLanguage":"es","@id":"https:\/\/secure.gravatar.com\/avatar\/4f9946c8a8e26afcca94f05df1786a5365e8e246fff67757b9108a432cd46e0d?s=96&d=mm&r=g","url":"https:\/\/secure.gravatar.com\/avatar\/4f9946c8a8e26afcca94f05df1786a5365e8e246fff67757b9108a432cd46e0d?s=96&d=mm&r=g","contentUrl":"https:\/\/secure.gravatar.com\/avatar\/4f9946c8a8e26afcca94f05df1786a5365e8e246fff67757b9108a432cd46e0d?s=96&d=mm&r=g","caption":"Candelaria Ceballos Quintero"},"url":"https:\/\/www.gsccanarias.com\/gsc\/author\/candelaria\/"}]}},"publishpress_future_workflow_manual_trigger":{"enabledWorkflows":[]},"_links":{"self":[{"href":"https:\/\/www.gsccanarias.com\/gsc\/wp-json\/wp\/v2\/posts\/12614","targetHints":{"allow":["GET"]}}],"collection":[{"href":"https:\/\/www.gsccanarias.com\/gsc\/wp-json\/wp\/v2\/posts"}],"about":[{"href":"https:\/\/www.gsccanarias.com\/gsc\/wp-json\/wp\/v2\/types\/post"}],"author":[{"embeddable":true,"href":"https:\/\/www.gsccanarias.com\/gsc\/wp-json\/wp\/v2\/users\/5"}],"replies":[{"embeddable":true,"href":"https:\/\/www.gsccanarias.com\/gsc\/wp-json\/wp\/v2\/comments?post=12614"}],"version-history":[{"count":2,"href":"https:\/\/www.gsccanarias.com\/gsc\/wp-json\/wp\/v2\/posts\/12614\/revisions"}],"predecessor-version":[{"id":12617,"href":"https:\/\/www.gsccanarias.com\/gsc\/wp-json\/wp\/v2\/posts\/12614\/revisions\/12617"}],"wp:featuredmedia":[{"embeddable":true,"href":"https:\/\/www.gsccanarias.com\/gsc\/wp-json\/wp\/v2\/media\/12615"}],"wp:attachment":[{"href":"https:\/\/www.gsccanarias.com\/gsc\/wp-json\/wp\/v2\/media?parent=12614"}],"wp:term":[{"taxonomy":"category","embeddable":true,"href":"https:\/\/www.gsccanarias.com\/gsc\/wp-json\/wp\/v2\/categories?post=12614"},{"taxonomy":"post_tag","embeddable":true,"href":"https:\/\/www.gsccanarias.com\/gsc\/wp-json\/wp\/v2\/tags?post=12614"}],"curies":[{"name":"wp","href":"https:\/\/api.w.org\/{rel}","templated":true}]}}